{"id":1000,"date":"2019-07-08T13:33:00","date_gmt":"2019-07-08T13:33:00","guid":{"rendered":"https:\/\/marcali.plebania.hu\/?p=1000"},"modified":"2019-07-08T13:33:00","modified_gmt":"2019-07-08T13:33:00","slug":"unnepsegsorozat-a-misszios-kereszt-tiszteletere","status":"publish","type":"post","link":"https:\/\/marcali.plebania.hu\/?p=1000","title":{"rendered":"\u00dcnneps\u00e9gsorozat a Misszi\u00f3s Kereszt tisztelet\u00e9re"},"content":{"rendered":"\n<p>2019. j\u00falius 5-\u00e9n, p\u00e9nteken d\u00e9lut\u00e1n kezd\u0151d\u00f6tt az \u00fcnneps\u00e9gsorozat a Misszi\u00f3s Kereszt tisztelet\u00e9re a Marcali Gy\u00fcm\u00f6lcsolt\u00f3 Boldogasszony Pl\u00e9b\u00e1niatemplomban.<\/p>\n\n\n\n<ul class=\"wp-block-gallery columns-3 is-cropped wp-block-gallery-1 is-layout-flex wp-block-gallery-is-layout-flex\"><li class=\"blocks-gallery-item\"><figure><img loading=\"lazy\" decoding=\"async\" width=\"1024\" height=\"683\" src=\"https:\/\/marcali.plebania.hu\/wp-content\/uploads\/2019\/07\/03-1024x683.jpg\" alt=\"\" data-id=\"1001\" data-link=\"https:\/\/marcali.plebania.hu\/?attachment_id=1001\" class=\"wp-image-1001\" srcset=\"https:\/\/marcali.plebania.hu\/wp-content\/uploads\/2019\/07\/03-1024x683.jpg 1024w, https:\/\/marcali.plebania.hu\/wp-content\/uploads\/2019\/07\/03-300x200.jpg 300w, https:\/\/marcali.plebania.hu\/wp-content\/uploads\/2019\/07\/03-768x512.jpg 768w, https:\/\/marcali.plebania.hu\/wp-content\/uploads\/2019\/07\/03-405x270.jpg 405w\" sizes=\"auto, (max-width: 1024px) 100vw, 1024px\" \/><\/figure><\/li><li class=\"blocks-gallery-item\"><figure><img loading=\"lazy\" decoding=\"async\" width=\"1024\" height=\"683\" src=\"https:\/\/marcali.plebania.hu\/wp-content\/uploads\/2019\/07\/09-1024x683.jpg\" alt=\"\" data-id=\"1002\" data-link=\"https:\/\/marcali.plebania.hu\/?attachment_id=1002\" class=\"wp-image-1002\" srcset=\"https:\/\/marcali.plebania.hu\/wp-content\/uploads\/2019\/07\/09-1024x683.jpg 1024w, https:\/\/marcali.plebania.hu\/wp-content\/uploads\/2019\/07\/09-300x200.jpg 300w, https:\/\/marcali.plebania.hu\/wp-content\/uploads\/2019\/07\/09-768x512.jpg 768w, https:\/\/marcali.plebania.hu\/wp-content\/uploads\/2019\/07\/09-405x270.jpg 405w\" sizes=\"auto, (max-width: 1024px) 100vw, 1024px\" \/><\/figure><\/li><li class=\"blocks-gallery-item\"><figure><img loading=\"lazy\" decoding=\"async\" width=\"1024\" height=\"683\" src=\"https:\/\/marcali.plebania.hu\/wp-content\/uploads\/2019\/07\/11-2-1024x683.jpg\" alt=\"\" data-id=\"1004\" data-link=\"https:\/\/marcali.plebania.hu\/?attachment_id=1004\" class=\"wp-image-1004\" srcset=\"https:\/\/marcali.plebania.hu\/wp-content\/uploads\/2019\/07\/11-2-1024x683.jpg 1024w, https:\/\/marcali.plebania.hu\/wp-content\/uploads\/2019\/07\/11-2-300x200.jpg 300w, https:\/\/marcali.plebania.hu\/wp-content\/uploads\/2019\/07\/11-2-768x512.jpg 768w, https:\/\/marcali.plebania.hu\/wp-content\/uploads\/2019\/07\/11-2-405x270.jpg 405w\" sizes=\"auto, (max-width: 1024px) 100vw, 1024px\" \/><\/figure><\/li><li class=\"blocks-gallery-item\"><figure><img loading=\"lazy\" decoding=\"async\" width=\"1024\" height=\"683\" src=\"https:\/\/marcali.plebania.hu\/wp-content\/uploads\/2019\/07\/12-1-1024x683.jpg\" alt=\"\" data-id=\"1005\" data-link=\"https:\/\/marcali.plebania.hu\/?attachment_id=1005\" class=\"wp-image-1005\" srcset=\"https:\/\/marcali.plebania.hu\/wp-content\/uploads\/2019\/07\/12-1-1024x683.jpg 1024w, https:\/\/marcali.plebania.hu\/wp-content\/uploads\/2019\/07\/12-1-300x200.jpg 300w, https:\/\/marcali.plebania.hu\/wp-content\/uploads\/2019\/07\/12-1-768x512.jpg 768w, https:\/\/marcali.plebania.hu\/wp-content\/uploads\/2019\/07\/12-1-405x270.jpg 405w\" sizes=\"auto, (max-width: 1024px) 100vw, 1024px\" \/><\/figure><\/li><\/ul>\n\n\n\n<p>A hivatalos program bevezet\u0151jek\u00e9nt, 16 \u00f3rakor a Marcali Karit\u00e1sz Csoport aktivist\u00e1inak a vezet\u00e9s\u00e9vel els\u0151k\u00e9nt a megh\u00edvott szeg\u00e9nyek \u00e9s k\u00f6zmunk\u00e1sok \u00e9rkeztek a Misszi\u00f3s Kereszthez. A megjelenteket Kiss Iv\u00e1n c. pr\u00e9post, esperes-pl\u00e9b\u00e1nos v\u00e1rta \u00e9s k\u00f6sz\u00f6nt\u00f6tte, majd egy\u00fctt im\u00e1dkozott vel\u00fck, valamint a magyar szentek \u00e9s boldogok k\u00f6zbenj\u00e1r\u00e1st k\u00e9rte a neh\u00e9z sors\u00fa, n\u00e9lk\u00fcl\u00f6z\u0151 emberek\u00e9rt. Majd r\u00f6viden ismertette a kereszt t\u00f6rt\u00e9net\u00e9t, ezut\u00e1n k\u00fcl\u00f6n-k\u00fcl\u00f6n is a Misszi\u00f3s Kereszthez j\u00e1rulhattak a r\u00e9sztvev\u0151k. Ezut\u00e1n a Karit\u00e1sz tagjai tart\u00f3s \u00e9lelmiszerekb\u0151l \u00f6ssze\u00e1ll\u00edtott adom\u00e1nyokat osztottak ki 20 csal\u00e1d r\u00e9sz\u00e9re.<\/p>\n\n\n\n<ul class=\"wp-block-gallery columns-3 is-cropped wp-block-gallery-2 is-layout-flex wp-block-gallery-is-layout-flex\"><li class=\"blocks-gallery-item\"><figure><img loading=\"lazy\" decoding=\"async\" width=\"1024\" height=\"683\" src=\"https:\/\/marcali.plebania.hu\/wp-content\/uploads\/2019\/07\/16-2-1024x683.jpg\" alt=\"\" data-id=\"1006\" data-link=\"https:\/\/marcali.plebania.hu\/?attachment_id=1006\" class=\"wp-image-1006\" srcset=\"https:\/\/marcali.plebania.hu\/wp-content\/uploads\/2019\/07\/16-2-1024x683.jpg 1024w, https:\/\/marcali.plebania.hu\/wp-content\/uploads\/2019\/07\/16-2-300x200.jpg 300w, https:\/\/marcali.plebania.hu\/wp-content\/uploads\/2019\/07\/16-2-768x512.jpg 768w, https:\/\/marcali.plebania.hu\/wp-content\/uploads\/2019\/07\/16-2-405x270.jpg 405w\" sizes=\"auto, (max-width: 1024px) 100vw, 1024px\" \/><\/figure><\/li><li class=\"blocks-gallery-item\"><figure><img loading=\"lazy\" decoding=\"async\" width=\"1024\" height=\"683\" src=\"https:\/\/marcali.plebania.hu\/wp-content\/uploads\/2019\/07\/20-1024x683.jpg\" alt=\"\" data-id=\"1007\" data-link=\"https:\/\/marcali.plebania.hu\/?attachment_id=1007\" class=\"wp-image-1007\" srcset=\"https:\/\/marcali.plebania.hu\/wp-content\/uploads\/2019\/07\/20-1024x683.jpg 1024w, https:\/\/marcali.plebania.hu\/wp-content\/uploads\/2019\/07\/20-300x200.jpg 300w, https:\/\/marcali.plebania.hu\/wp-content\/uploads\/2019\/07\/20-768x512.jpg 768w, https:\/\/marcali.plebania.hu\/wp-content\/uploads\/2019\/07\/20-405x270.jpg 405w\" sizes=\"auto, (max-width: 1024px) 100vw, 1024px\" \/><\/figure><\/li><li class=\"blocks-gallery-item\"><figure><img loading=\"lazy\" decoding=\"async\" width=\"1024\" height=\"683\" src=\"https:\/\/marcali.plebania.hu\/wp-content\/uploads\/2019\/07\/42-1-1024x683.jpg\" alt=\"\" data-id=\"1008\" data-link=\"https:\/\/marcali.plebania.hu\/?attachment_id=1008\" class=\"wp-image-1008\" srcset=\"https:\/\/marcali.plebania.hu\/wp-content\/uploads\/2019\/07\/42-1-1024x683.jpg 1024w, https:\/\/marcali.plebania.hu\/wp-content\/uploads\/2019\/07\/42-1-300x200.jpg 300w, https:\/\/marcali.plebania.hu\/wp-content\/uploads\/2019\/07\/42-1-768x512.jpg 768w, https:\/\/marcali.plebania.hu\/wp-content\/uploads\/2019\/07\/42-1-405x270.jpg 405w\" sizes=\"auto, (max-width: 1024px) 100vw, 1024px\" \/><\/figure><\/li><li class=\"blocks-gallery-item\"><figure><img loading=\"lazy\" decoding=\"async\" width=\"1024\" height=\"683\" src=\"https:\/\/marcali.plebania.hu\/wp-content\/uploads\/2019\/07\/26-1024x683.jpg\" alt=\"\" data-id=\"1009\" data-link=\"https:\/\/marcali.plebania.hu\/?attachment_id=1009\" class=\"wp-image-1009\" srcset=\"https:\/\/marcali.plebania.hu\/wp-content\/uploads\/2019\/07\/26-1024x683.jpg 1024w, https:\/\/marcali.plebania.hu\/wp-content\/uploads\/2019\/07\/26-300x200.jpg 300w, https:\/\/marcali.plebania.hu\/wp-content\/uploads\/2019\/07\/26-768x512.jpg 768w, https:\/\/marcali.plebania.hu\/wp-content\/uploads\/2019\/07\/26-405x270.jpg 405w\" sizes=\"auto, (max-width: 1024px) 100vw, 1024px\" \/><\/figure><\/li><\/ul>\n\n\n\n<p>16.30 \u00f3r\u00e1t\u00f3l m\u00e1r a hittanos gyermekek \u00e9rkeztek a hitoktat\u00f3ik vezet\u00e9s\u00e9vel, akik a j\u00f6v\u0151 h\u00e9ten kezd\u0151d\u0151 napk\u00f6zis t\u00e1bor r\u00e9sztvev\u0151i, \u00e9s ennek ind\u00edt\u00e1sak\u00e9nt Tais\u00e9-i ima\u00f3r\u00e1t tartottak. \u0150k a Misszi\u00f3s Kereszten l\u00e9v\u0151 szentek \u00e9s boldogok r\u00f6vid t\u00f6rt\u00e9net\u00e9t olvast\u00e1k fel, k\u00f6ny\u00f6r\u00f6gtek hozz\u00e1juk, mik\u00f6zben a F\u00e9ny Gyermekei Zenekar git\u00e1ros egyh\u00e1zi \u00e9nekekkel m\u0171k\u00f6d\u00f6tt k\u00f6zre. A gyermekeknek szint\u00e9n Iv\u00e1n atya besz\u00e9lt \u00e9s mutatta meg a Misszi\u00f3s Kereszten l\u00e9v\u0151 ereklyetart\u00f3kat, illet\u0151leg besz\u00e9lt a fiatalon elhunyt \u00f6tv\u00f6s-alkot\u00f3j\u00e1r\u00f3l.<\/p>\n\n\n\n<ul class=\"wp-block-gallery columns-3 is-cropped wp-block-gallery-3 is-layout-flex wp-block-gallery-is-layout-flex\"><li class=\"blocks-gallery-item\"><figure><img loading=\"lazy\" decoding=\"async\" width=\"1024\" height=\"683\" src=\"https:\/\/marcali.plebania.hu\/wp-content\/uploads\/2019\/07\/46-1-1024x683.jpg\" alt=\"\" data-id=\"1010\" data-link=\"https:\/\/marcali.plebania.hu\/?attachment_id=1010\" class=\"wp-image-1010\" srcset=\"https:\/\/marcali.plebania.hu\/wp-content\/uploads\/2019\/07\/46-1-1024x683.jpg 1024w, https:\/\/marcali.plebania.hu\/wp-content\/uploads\/2019\/07\/46-1-300x200.jpg 300w, https:\/\/marcali.plebania.hu\/wp-content\/uploads\/2019\/07\/46-1-768x512.jpg 768w, https:\/\/marcali.plebania.hu\/wp-content\/uploads\/2019\/07\/46-1-405x270.jpg 405w\" sizes=\"auto, (max-width: 1024px) 100vw, 1024px\" \/><\/figure><\/li><li class=\"blocks-gallery-item\"><figure><img loading=\"lazy\" decoding=\"async\" width=\"1024\" height=\"683\" src=\"https:\/\/marcali.plebania.hu\/wp-content\/uploads\/2019\/07\/48-1024x683.jpg\" alt=\"\" data-id=\"1011\" data-link=\"https:\/\/marcali.plebania.hu\/?attachment_id=1011\" class=\"wp-image-1011\" srcset=\"https:\/\/marcali.plebania.hu\/wp-content\/uploads\/2019\/07\/48-1024x683.jpg 1024w, https:\/\/marcali.plebania.hu\/wp-content\/uploads\/2019\/07\/48-300x200.jpg 300w, https:\/\/marcali.plebania.hu\/wp-content\/uploads\/2019\/07\/48-768x512.jpg 768w, https:\/\/marcali.plebania.hu\/wp-content\/uploads\/2019\/07\/48-405x270.jpg 405w\" sizes=\"auto, (max-width: 1024px) 100vw, 1024px\" \/><\/figure><\/li><li class=\"blocks-gallery-item\"><figure><img loading=\"lazy\" decoding=\"async\" width=\"1024\" height=\"683\" src=\"https:\/\/marcali.plebania.hu\/wp-content\/uploads\/2019\/07\/45-1024x683.jpg\" alt=\"\" data-id=\"1012\" data-link=\"https:\/\/marcali.plebania.hu\/?attachment_id=1012\" class=\"wp-image-1012\" srcset=\"https:\/\/marcali.plebania.hu\/wp-content\/uploads\/2019\/07\/45-1024x683.jpg 1024w, https:\/\/marcali.plebania.hu\/wp-content\/uploads\/2019\/07\/45-300x200.jpg 300w, https:\/\/marcali.plebania.hu\/wp-content\/uploads\/2019\/07\/45-768x512.jpg 768w, https:\/\/marcali.plebania.hu\/wp-content\/uploads\/2019\/07\/45-405x270.jpg 405w\" sizes=\"auto, (max-width: 1024px) 100vw, 1024px\" \/><\/figure><\/li><li class=\"blocks-gallery-item\"><figure><img loading=\"lazy\" decoding=\"async\" width=\"1024\" height=\"683\" src=\"https:\/\/marcali.plebania.hu\/wp-content\/uploads\/2019\/07\/50-1024x683.jpg\" alt=\"\" data-id=\"1013\" data-link=\"https:\/\/marcali.plebania.hu\/?attachment_id=1013\" class=\"wp-image-1013\" srcset=\"https:\/\/marcali.plebania.hu\/wp-content\/uploads\/2019\/07\/50-1024x683.jpg 1024w, https:\/\/marcali.plebania.hu\/wp-content\/uploads\/2019\/07\/50-300x200.jpg 300w, https:\/\/marcali.plebania.hu\/wp-content\/uploads\/2019\/07\/50-768x512.jpg 768w, https:\/\/marcali.plebania.hu\/wp-content\/uploads\/2019\/07\/50-405x270.jpg 405w\" sizes=\"auto, (max-width: 1024px) 100vw, 1024px\" \/><\/figure><\/li><\/ul>\n\n\n\n<p>17.30 \u00f3rakor az egyh\u00e1zk\u00f6zs\u00e9g imak\u00f6reinek k\u00f6z\u00f6s kereszt\u00fatj\u00e1val folytat\u00f3dott az \u00fcnnepi program. 18 \u00f3rakor pedig Kiss Iv\u00e1n c. pr\u00e9post, esperes-pl\u00e9b\u00e1nos celebr\u00e1lt szentmis\u00e9t a h\u00edveknek, illet\u0151leg a kereszt jelent\u0151s\u00e9g\u00e9t emelte ki szentbesz\u00e9d\u00e9ben. Ezt k\u00f6vet\u0151en virraszt\u00e1s z\u00e1rta az est\u00e9t, mik\u00f6zben mindenki k\u00f6zelr\u0151l is megtekinthette, megtapinthatta a m\u0171v\u00e9szien kidolgozott Misszi\u00f3s Keresztet, valamint foh\u00e1szkodhatott el\u0151tte.<\/p>\n\n\n\n<ul class=\"wp-block-gallery columns-1 is-cropped wp-block-gallery-4 is-layout-flex wp-block-gallery-is-layout-flex\"><li class=\"blocks-gallery-item\"><figure><img loading=\"lazy\" decoding=\"async\" width=\"1024\" height=\"683\" src=\"https:\/\/marcali.plebania.hu\/wp-content\/uploads\/2019\/07\/55-1024x683.jpg\" alt=\"\" data-id=\"1014\" data-link=\"https:\/\/marcali.plebania.hu\/?attachment_id=1014\" class=\"wp-image-1014\" srcset=\"https:\/\/marcali.plebania.hu\/wp-content\/uploads\/2019\/07\/55-1024x683.jpg 1024w, https:\/\/marcali.plebania.hu\/wp-content\/uploads\/2019\/07\/55-300x200.jpg 300w, https:\/\/marcali.plebania.hu\/wp-content\/uploads\/2019\/07\/55-768x512.jpg 768w, https:\/\/marcali.plebania.hu\/wp-content\/uploads\/2019\/07\/55-405x270.jpg 405w\" sizes=\"auto, (max-width: 1024px) 100vw, 1024px\" \/><\/figure><\/li><\/ul>\n\n\n\n<p>A szombati program 9 \u00f3rakor kezd\u0151d\u00f6tt a templomnyit\u00e1ssal \u00e9s az \u00e9rdekl\u0151d\u0151k fogad\u00e1s\u00e1val. A Misszi\u00f3s Kereszt \u0151rz\u00e9s\u00e9r\u0151l Kir\u00e1ly Jen\u0151 templomatya \u00e9s Gelencs\u00e9r R\u00f3bert vil\u00e1gi eln\u00f6k vezet\u00e9s\u00e9vel az Egyh\u00e1zk\u00f6zs\u00e9g K\u00e9pvisel\u0151 Test\u00fclet\u00e9nek tagjai gondoskodtak.<\/p>\n\n\n\n<ul class=\"wp-block-gallery columns-3 is-cropped wp-block-gallery-5 is-layout-flex wp-block-gallery-is-layout-flex\"><li class=\"blocks-gallery-item\"><figure><img loading=\"lazy\" decoding=\"async\" width=\"1024\" height=\"678\" src=\"https:\/\/marcali.plebania.hu\/wp-content\/uploads\/2019\/07\/56-1024x678.jpg\" alt=\"\" data-id=\"1015\" data-link=\"https:\/\/marcali.plebania.hu\/?attachment_id=1015\" class=\"wp-image-1015\" srcset=\"https:\/\/marcali.plebania.hu\/wp-content\/uploads\/2019\/07\/56.jpg 1024w, https:\/\/marcali.plebania.hu\/wp-content\/uploads\/2019\/07\/56-300x199.jpg 300w, https:\/\/marcali.plebania.hu\/wp-content\/uploads\/2019\/07\/56-768x509.jpg 768w, https:\/\/marcali.plebania.hu\/wp-content\/uploads\/2019\/07\/56-408x270.jpg 408w\" sizes=\"auto, (max-width: 1024px) 100vw, 1024px\" \/><\/figure><\/li><li class=\"blocks-gallery-item\"><figure><img loading=\"lazy\" decoding=\"async\" width=\"1024\" height=\"678\" src=\"https:\/\/marcali.plebania.hu\/wp-content\/uploads\/2019\/07\/57-1024x678.jpg\" alt=\"\" data-id=\"1016\" data-link=\"https:\/\/marcali.plebania.hu\/?attachment_id=1016\" class=\"wp-image-1016\" srcset=\"https:\/\/marcali.plebania.hu\/wp-content\/uploads\/2019\/07\/57.jpg 1024w, https:\/\/marcali.plebania.hu\/wp-content\/uploads\/2019\/07\/57-300x199.jpg 300w, https:\/\/marcali.plebania.hu\/wp-content\/uploads\/2019\/07\/57-768x509.jpg 768w, https:\/\/marcali.plebania.hu\/wp-content\/uploads\/2019\/07\/57-408x270.jpg 408w\" sizes=\"auto, (max-width: 1024px) 100vw, 1024px\" \/><\/figure><\/li><li class=\"blocks-gallery-item\"><figure><img loading=\"lazy\" decoding=\"async\" width=\"1024\" height=\"678\" src=\"https:\/\/marcali.plebania.hu\/wp-content\/uploads\/2019\/07\/58-1024x678.jpg\" alt=\"\" data-id=\"1017\" data-link=\"https:\/\/marcali.plebania.hu\/?attachment_id=1017\" class=\"wp-image-1017\" srcset=\"https:\/\/marcali.plebania.hu\/wp-content\/uploads\/2019\/07\/58.jpg 1024w, https:\/\/marcali.plebania.hu\/wp-content\/uploads\/2019\/07\/58-300x199.jpg 300w, https:\/\/marcali.plebania.hu\/wp-content\/uploads\/2019\/07\/58-768x509.jpg 768w, https:\/\/marcali.plebania.hu\/wp-content\/uploads\/2019\/07\/58-408x270.jpg 408w\" sizes=\"auto, (max-width: 1024px) 100vw, 1024px\" \/><\/figure><\/li><li class=\"blocks-gallery-item\"><figure><img loading=\"lazy\" decoding=\"async\" width=\"1024\" height=\"678\" src=\"https:\/\/marcali.plebania.hu\/wp-content\/uploads\/2019\/07\/59-1024x678.jpg\" alt=\"\" data-id=\"1018\" data-link=\"https:\/\/marcali.plebania.hu\/?attachment_id=1018\" class=\"wp-image-1018\" srcset=\"https:\/\/marcali.plebania.hu\/wp-content\/uploads\/2019\/07\/59.jpg 1024w, https:\/\/marcali.plebania.hu\/wp-content\/uploads\/2019\/07\/59-300x199.jpg 300w, https:\/\/marcali.plebania.hu\/wp-content\/uploads\/2019\/07\/59-768x509.jpg 768w, https:\/\/marcali.plebania.hu\/wp-content\/uploads\/2019\/07\/59-408x270.jpg 408w\" sizes=\"auto, (max-width: 1024px) 100vw, 1024px\" \/><\/figure><\/li><\/ul>\n\n\n\n<p>12 \u00f3r\u00e1t\u00f3l a Somogyv\u00e1ri Esperesi Ker\u00fclet k\u00f6rnyez\u0151 pl\u00e9b\u00e1ni\u00e1inak zar\u00e1ndokcsoportjai \u00e9rkeztek, akik k\u00fcl\u00f6nb\u00f6z\u0151 form\u00e1kban (im\u00e1ds\u00e1g \u00e9s \u00e9nek) egym\u00e1s ut\u00e1n, \u00f3r\u00e1nk\u00e9nt tartottak ima\u00f3r\u00e1kat. Els\u0151k\u00e9nt a mesztegny\u0151i pl\u00e9b\u00e1nia h\u00edvei, majd Somogys\u00e1mson, ut\u00e1na Balatonszentgy\u00f6rgy \u00e9s Balatonber\u00e9ny, azut\u00e1n K\u00e9thely, v\u00e9g\u00fcl Buzs\u00e1k \u00e9s Nikla pl\u00e9b\u00e1ni\u00e1k k\u00fcld\u00f6tts\u00e9ge k\u00f6vetkezett, akiket pl\u00e9b\u00e1nosaik is elk\u00eds\u00e9rtek. A vid\u00e9ki zar\u00e1ndokokat a Marcali Egyh\u00e1zk\u00f6zs\u00e9g j\u00f3volt\u00e1b\u00f3l friss\u00edt\u0151kkel \u00e9s zs\u00edros keny\u00e9rrel vend\u00e9gelt\u00e9k meg.<\/p>\n\n\n\n<ul class=\"wp-block-gallery columns-3 is-cropped wp-block-gallery-6 is-layout-flex wp-block-gallery-is-layout-flex\"><li class=\"blocks-gallery-item\"><figure><img loading=\"lazy\" decoding=\"async\" width=\"1024\" height=\"683\" src=\"https:\/\/marcali.plebania.hu\/wp-content\/uploads\/2019\/07\/61-1024x683.jpg\" alt=\"\" data-id=\"1019\" data-link=\"https:\/\/marcali.plebania.hu\/?attachment_id=1019\" class=\"wp-image-1019\" srcset=\"https:\/\/marcali.plebania.hu\/wp-content\/uploads\/2019\/07\/61-1024x683.jpg 1024w, https:\/\/marcali.plebania.hu\/wp-content\/uploads\/2019\/07\/61-300x200.jpg 300w, https:\/\/marcali.plebania.hu\/wp-content\/uploads\/2019\/07\/61-768x512.jpg 768w, https:\/\/marcali.plebania.hu\/wp-content\/uploads\/2019\/07\/61-405x270.jpg 405w\" sizes=\"auto, (max-width: 1024px) 100vw, 1024px\" \/><\/figure><\/li><li class=\"blocks-gallery-item\"><figure><img loading=\"lazy\" decoding=\"async\" width=\"1024\" height=\"683\" src=\"https:\/\/marcali.plebania.hu\/wp-content\/uploads\/2019\/07\/76-1024x683.jpg\" alt=\"\" data-id=\"1020\" data-link=\"https:\/\/marcali.plebania.hu\/?attachment_id=1020\" class=\"wp-image-1020\" srcset=\"https:\/\/marcali.plebania.hu\/wp-content\/uploads\/2019\/07\/76-1024x683.jpg 1024w, https:\/\/marcali.plebania.hu\/wp-content\/uploads\/2019\/07\/76-300x200.jpg 300w, https:\/\/marcali.plebania.hu\/wp-content\/uploads\/2019\/07\/76-768x512.jpg 768w, https:\/\/marcali.plebania.hu\/wp-content\/uploads\/2019\/07\/76-405x270.jpg 405w\" sizes=\"auto, (max-width: 1024px) 100vw, 1024px\" \/><\/figure><\/li><li class=\"blocks-gallery-item\"><figure><img loading=\"lazy\" decoding=\"async\" width=\"1024\" height=\"683\" src=\"https:\/\/marcali.plebania.hu\/wp-content\/uploads\/2019\/07\/80-1024x683.jpg\" alt=\"\" data-id=\"1021\" data-link=\"https:\/\/marcali.plebania.hu\/?attachment_id=1021\" class=\"wp-image-1021\" srcset=\"https:\/\/marcali.plebania.hu\/wp-content\/uploads\/2019\/07\/80-1024x683.jpg 1024w, https:\/\/marcali.plebania.hu\/wp-content\/uploads\/2019\/07\/80-300x200.jpg 300w, https:\/\/marcali.plebania.hu\/wp-content\/uploads\/2019\/07\/80-768x512.jpg 768w, https:\/\/marcali.plebania.hu\/wp-content\/uploads\/2019\/07\/80-405x270.jpg 405w\" sizes=\"auto, (max-width: 1024px) 100vw, 1024px\" \/><\/figure><\/li><li class=\"blocks-gallery-item\"><figure><img loading=\"lazy\" decoding=\"async\" width=\"1024\" height=\"683\" src=\"https:\/\/marcali.plebania.hu\/wp-content\/uploads\/2019\/07\/85-1024x683.jpg\" alt=\"\" data-id=\"1022\" data-link=\"https:\/\/marcali.plebania.hu\/?attachment_id=1022\" class=\"wp-image-1022\" srcset=\"https:\/\/marcali.plebania.hu\/wp-content\/uploads\/2019\/07\/85-1024x683.jpg 1024w, https:\/\/marcali.plebania.hu\/wp-content\/uploads\/2019\/07\/85-300x200.jpg 300w, https:\/\/marcali.plebania.hu\/wp-content\/uploads\/2019\/07\/85-768x512.jpg 768w, https:\/\/marcali.plebania.hu\/wp-content\/uploads\/2019\/07\/85-405x270.jpg 405w\" sizes=\"auto, (max-width: 1024px) 100vw, 1024px\" \/><\/figure><\/li><\/ul>\n\n\n\n<p>18\n\u00f3r\u00e1t\u00f3l T\u00f6lgyesi D\u00e1vid \u00fajmis\u00e9j\u00e9vel folyat\u00f3dott a program. D\u00e1vidot a m\u00falt\nszombaton Varga L\u00e1szl\u00f3 kaposv\u00e1ri megy\u00e9sp\u00fcsp\u00f6k szentelte papp\u00e1, \u00e9s Marcaliba is\nelj\u00f6tt istentiszteletet tartani \u00e9s \u00fajmis\u00e9s \u00e1ld\u00e1st adni a h\u00edvekre. A buzs\u00e1ki\nsz\u00fclet\u00e9s\u0171 lelk\u00e9sz augusztus elej\u00e9t\u0151l a nagykanizsai J\u00e9zus Sz\u00edve\nPl\u00e9b\u00e1niatemplomban k\u00e1pl\u00e1nk\u00e9nt kezdi meg papi szolg\u00e1lat\u00e1t. A szentmis\u00e9n Kiss\nIv\u00e1n c. pr\u00e9post, esperes-pl\u00e9b\u00e1nos \u00e9s N\u00e9meth J\u00f3zsef k\u00e9thelyi pl\u00e9b\u00e1nos m\u0171k\u00f6d\u00f6tt\nk\u00f6zre. T\u00f6lgyesi D\u00e1vidot a marcali egyh\u00e1zk\u00f6zs\u00e9g \u00e9s a fiatalok nev\u00e9ben Iv\u00e1n atya,\nvalamint T\u00f3th Eszter \u00c1gnes \u00e9s Kir\u00e1ly Krist\u00f3f k\u00f6sz\u00f6nt\u00f6tt\u00e9k.<\/p>\n","protected":false},"excerpt":{"rendered":"<p>2019. j\u00falius 5-\u00e9n, p\u00e9nteken d\u00e9lut\u00e1n kezd\u0151d\u00f6tt az \u00fcnneps\u00e9gsorozat a Misszi\u00f3s Kereszt tisztelet\u00e9re a Marcali Gy\u00fcm\u00f6lcsolt\u00f3 Boldogasszony Pl\u00e9b\u00e1niatemplomban. A hivatalos program bevezet\u0151jek\u00e9nt, 16 \u00f3rakor a Marcali Karit\u00e1sz Csoport aktivist\u00e1inak a vezet\u00e9s\u00e9vel els\u0151k\u00e9nt a megh\u00edvott szeg\u00e9nyek \u00e9s k\u00f6zmunk\u00e1sok \u00e9rkeztek a Misszi\u00f3s Kereszthez. A megjelenteket Kiss Iv\u00e1n c. pr\u00e9post, esperes-pl\u00e9b\u00e1nos v\u00e1rta \u00e9s k\u00f6sz\u00f6nt\u00f6tte, majd egy\u00fctt im\u00e1dkozott vel\u00fck, valamint a magyar szentek \u00e9s boldogok k\u00f6zbenj\u00e1r\u00e1st k\u00e9rte a neh\u00e9z sors\u00fa, n\u00e9lk\u00fcl\u00f6z\u0151 emberek\u00e9rt. Majd r\u00f6viden ismertette a kereszt t\u00f6rt\u00e9net\u00e9t, ezut\u00e1n k\u00fcl\u00f6n-k\u00fcl\u00f6n is a Misszi\u00f3s Kereszthez j\u00e1rulhattak&#8230;<\/p>\n<p class=\"read-more\"><a class=\"btn btn-default\" href=\"https:\/\/marcali.plebania.hu\/?p=1000\"> Read More<span class=\"screen-reader-text\">  Read More<\/span><\/a><\/p>\n","protected":false},"author":2,"featured_media":0,"comment_status":"closed","ping_status":"open","sticky":false,"template":"","format":"standard","meta":{"footnotes":""},"categories":[1],"tags":[],"class_list":["post-1000","post","type-post","status-publish","format-standard","hentry","category-egyeb"],"_links":{"self":[{"href":"https:\/\/marcali.plebania.hu\/index.php?rest_route=\/wp\/v2\/posts\/1000","targetHints":{"allow":["GET"]}}],"collection":[{"href":"https:\/\/marcali.plebania.hu\/index.php?rest_route=\/wp\/v2\/posts"}],"about":[{"href":"https:\/\/marcali.plebania.hu\/index.php?rest_route=\/wp\/v2\/types\/post"}],"author":[{"embeddable":true,"href":"https:\/\/marcali.plebania.hu\/index.php?rest_route=\/wp\/v2\/users\/2"}],"replies":[{"embeddable":true,"href":"https:\/\/marcali.plebania.hu\/index.php?rest_route=%2Fwp%2Fv2%2Fcomments&post=1000"}],"version-history":[{"count":1,"href":"https:\/\/marcali.plebania.hu\/index.php?rest_route=\/wp\/v2\/posts\/1000\/revisions"}],"predecessor-version":[{"id":1023,"href":"https:\/\/marcali.plebania.hu\/index.php?rest_route=\/wp\/v2\/posts\/1000\/revisions\/1023"}],"wp:attachment":[{"href":"https:\/\/marcali.plebania.hu\/index.php?rest_route=%2Fwp%2Fv2%2Fmedia&parent=1000"}],"wp:term":[{"taxonomy":"category","embeddable":true,"href":"https:\/\/marcali.plebania.hu\/index.php?rest_route=%2Fwp%2Fv2%2Fcategories&post=1000"},{"taxonomy":"post_tag","embeddable":true,"href":"https:\/\/marcali.plebania.hu\/index.php?rest_route=%2Fwp%2Fv2%2Ftags&post=1000"}],"curies":[{"name":"wp","href":"https:\/\/api.w.org\/{rel}","templated":true}]}}