{"id":1024,"date":"2019-07-08T13:39:56","date_gmt":"2019-07-08T13:39:56","guid":{"rendered":"https:\/\/marcali.plebania.hu\/?p=1024"},"modified":"2019-07-08T13:39:56","modified_gmt":"2019-07-08T13:39:56","slug":"zaro-szentmisevel-es-kereszthodolattal-bucsuztak-a-misszios-kereszttol-a-marcaliak","status":"publish","type":"post","link":"https:\/\/marcali.plebania.hu\/?p=1024","title":{"rendered":"Z\u00e1r\u00f3 szentmis\u00e9vel \u00e9s kereszth\u00f3dolattal b\u00facs\u00faztak a Misszi\u00f3s Keresztt\u0151l a marcaliak"},"content":{"rendered":"\n<p>2019. j\u00falius 7-\u00e9n, vas\u00e1rnap a 9 \u00f3r\u00e1s \u00fcnnepi szentmis\u00e9vel v\u00e9gz\u0151d\u00f6tt az \u00fcnneps\u00e9gsorozat, melyet a Misszi\u00f3s Kereszt tisztelet\u00e9re szerveztek a Marcali Gy\u00fcm\u00f6lcsolt\u00f3 Boldogasszony Pl\u00e9b\u00e1niatemplomban.<\/p>\n\n\n\n<ul class=\"wp-block-gallery columns-3 is-cropped wp-block-gallery-1 is-layout-flex wp-block-gallery-is-layout-flex\"><li class=\"blocks-gallery-item\"><figure><img loading=\"lazy\" decoding=\"async\" width=\"1024\" height=\"683\" src=\"https:\/\/marcali.plebania.hu\/wp-content\/uploads\/2019\/07\/06-2-1024x683.jpg\" alt=\"\" data-id=\"1025\" data-link=\"https:\/\/marcali.plebania.hu\/?attachment_id=1025\" class=\"wp-image-1025\" srcset=\"https:\/\/marcali.plebania.hu\/wp-content\/uploads\/2019\/07\/06-2-1024x683.jpg 1024w, https:\/\/marcali.plebania.hu\/wp-content\/uploads\/2019\/07\/06-2-300x200.jpg 300w, https:\/\/marcali.plebania.hu\/wp-content\/uploads\/2019\/07\/06-2-768x512.jpg 768w, https:\/\/marcali.plebania.hu\/wp-content\/uploads\/2019\/07\/06-2-405x270.jpg 405w\" sizes=\"auto, (max-width: 1024px) 100vw, 1024px\" \/><\/figure><\/li><li class=\"blocks-gallery-item\"><figure><img loading=\"lazy\" decoding=\"async\" width=\"1024\" height=\"683\" src=\"https:\/\/marcali.plebania.hu\/wp-content\/uploads\/2019\/07\/08-1-1024x683.jpg\" alt=\"\" data-id=\"1026\" data-link=\"https:\/\/marcali.plebania.hu\/?attachment_id=1026\" class=\"wp-image-1026\" srcset=\"https:\/\/marcali.plebania.hu\/wp-content\/uploads\/2019\/07\/08-1-1024x683.jpg 1024w, https:\/\/marcali.plebania.hu\/wp-content\/uploads\/2019\/07\/08-1-300x200.jpg 300w, https:\/\/marcali.plebania.hu\/wp-content\/uploads\/2019\/07\/08-1-768x512.jpg 768w, https:\/\/marcali.plebania.hu\/wp-content\/uploads\/2019\/07\/08-1-405x270.jpg 405w\" sizes=\"auto, (max-width: 1024px) 100vw, 1024px\" \/><\/figure><\/li><li class=\"blocks-gallery-item\"><figure><img loading=\"lazy\" decoding=\"async\" width=\"1024\" height=\"683\" src=\"https:\/\/marcali.plebania.hu\/wp-content\/uploads\/2019\/07\/15-1024x683.jpg\" alt=\"\" data-id=\"1027\" data-link=\"https:\/\/marcali.plebania.hu\/?attachment_id=1027\" class=\"wp-image-1027\" srcset=\"https:\/\/marcali.plebania.hu\/wp-content\/uploads\/2019\/07\/15-1024x683.jpg 1024w, https:\/\/marcali.plebania.hu\/wp-content\/uploads\/2019\/07\/15-300x200.jpg 300w, https:\/\/marcali.plebania.hu\/wp-content\/uploads\/2019\/07\/15-768x512.jpg 768w, https:\/\/marcali.plebania.hu\/wp-content\/uploads\/2019\/07\/15-405x270.jpg 405w\" sizes=\"auto, (max-width: 1024px) 100vw, 1024px\" \/><\/figure><\/li><li class=\"blocks-gallery-item\"><figure><img loading=\"lazy\" decoding=\"async\" width=\"1024\" height=\"683\" src=\"https:\/\/marcali.plebania.hu\/wp-content\/uploads\/2019\/07\/18-2-1024x683.jpg\" alt=\"\" data-id=\"1028\" data-link=\"https:\/\/marcali.plebania.hu\/?attachment_id=1028\" class=\"wp-image-1028\" srcset=\"https:\/\/marcali.plebania.hu\/wp-content\/uploads\/2019\/07\/18-2-1024x683.jpg 1024w, https:\/\/marcali.plebania.hu\/wp-content\/uploads\/2019\/07\/18-2-300x200.jpg 300w, https:\/\/marcali.plebania.hu\/wp-content\/uploads\/2019\/07\/18-2-768x512.jpg 768w, https:\/\/marcali.plebania.hu\/wp-content\/uploads\/2019\/07\/18-2-405x270.jpg 405w\" sizes=\"auto, (max-width: 1024px) 100vw, 1024px\" \/><\/figure><\/li><\/ul>\n\n\n\n<p>Erre az alkalomra ism\u00e9t sokan elj\u00f6ttek, hogy b\u00facs\u00fat vegyenek az orsz\u00e1gj\u00e1r\u00f3 k\u00f6r\u00faton l\u00e9v\u0151, a j\u00f6v\u0151 \u00e9vi budapesti Eukarisztikus Kongresszus szimb\u00f3lum\u00e1t\u00f3l. A z\u00e1r\u00f3 szentmis\u00e9t Kiss Iv\u00e1n c. pr\u00e9post, esperes-pl\u00e9b\u00e1nos celebr\u00e1lta a gyermekek \u00e9s feln\u0151ttek r\u00e9sz\u00e9re. Az istentisztelten, a nagyp\u00e9nteki kereszth\u00f3dolathoz hasonl\u00f3 szertart\u00e1s zajlott, ahol a h\u00edvek egyenk\u00e9nt is a pl\u00e9b\u00e1niatemplom szent\u00e9ly\u00e9be, a monument\u00e1lis m\u0171alkot\u00e1shoz mehettek, ahol tisztelet\u00fcket fejezhett\u00e9k ki egy im\u00e1val, foh\u00e1sszal, mik\u00f6zben a Szent Kereszt, vagy a szentek \u00e9s boldogok k\u00f6zbenj\u00e1r\u00e1s\u00e1t k\u00e9rhett\u00e9k \u00e9let\u00fckre. A Misszi\u00f3s Keresztet szemb\u0151l meg is lehetett \u00e9rinteni, simogatni, er\u0151t mer\u00edteni bel\u0151le, de mindenkinek felh\u00edvt\u00e1k a figyelm\u00e9t az \u0151si magyar, illetve \u00f3kereszt\u00e9ny st\u00edlusjegyeket mag\u00e1n visel\u0151, oldalra kil\u00f3g\u00f3, \u00e9les, bronz d\u00edsz\u00edt\u0151 elemek balesetvesz\u00e9ly\u00e9re is. A z\u00e1r\u00f3 szentmise m\u00e9lt\u00f3 m\u00f3don fejez\u0151d\u00f6tt be Marcaliban.<\/p>\n\n\n\n<ul class=\"wp-block-gallery columns-3 is-cropped wp-block-gallery-2 is-layout-flex wp-block-gallery-is-layout-flex\"><li class=\"blocks-gallery-item\"><figure><img loading=\"lazy\" decoding=\"async\" width=\"1024\" height=\"683\" src=\"https:\/\/marcali.plebania.hu\/wp-content\/uploads\/2019\/07\/19-1024x683.jpg\" alt=\"\" data-id=\"1029\" data-link=\"https:\/\/marcali.plebania.hu\/?attachment_id=1029\" class=\"wp-image-1029\" srcset=\"https:\/\/marcali.plebania.hu\/wp-content\/uploads\/2019\/07\/19-1024x683.jpg 1024w, https:\/\/marcali.plebania.hu\/wp-content\/uploads\/2019\/07\/19-300x200.jpg 300w, https:\/\/marcali.plebania.hu\/wp-content\/uploads\/2019\/07\/19-768x512.jpg 768w, https:\/\/marcali.plebania.hu\/wp-content\/uploads\/2019\/07\/19-405x270.jpg 405w\" sizes=\"auto, (max-width: 1024px) 100vw, 1024px\" \/><\/figure><\/li><li class=\"blocks-gallery-item\"><figure><img loading=\"lazy\" decoding=\"async\" width=\"1024\" height=\"683\" src=\"https:\/\/marcali.plebania.hu\/wp-content\/uploads\/2019\/07\/22-1024x683.jpg\" alt=\"\" data-id=\"1030\" data-link=\"https:\/\/marcali.plebania.hu\/?attachment_id=1030\" class=\"wp-image-1030\" srcset=\"https:\/\/marcali.plebania.hu\/wp-content\/uploads\/2019\/07\/22-1024x683.jpg 1024w, https:\/\/marcali.plebania.hu\/wp-content\/uploads\/2019\/07\/22-300x200.jpg 300w, https:\/\/marcali.plebania.hu\/wp-content\/uploads\/2019\/07\/22-768x512.jpg 768w, https:\/\/marcali.plebania.hu\/wp-content\/uploads\/2019\/07\/22-405x270.jpg 405w\" sizes=\"auto, (max-width: 1024px) 100vw, 1024px\" \/><\/figure><\/li><li class=\"blocks-gallery-item\"><figure><img loading=\"lazy\" decoding=\"async\" width=\"1024\" height=\"683\" src=\"https:\/\/marcali.plebania.hu\/wp-content\/uploads\/2019\/07\/26-1-1024x683.jpg\" alt=\"\" data-id=\"1031\" data-link=\"https:\/\/marcali.plebania.hu\/?attachment_id=1031\" class=\"wp-image-1031\" srcset=\"https:\/\/marcali.plebania.hu\/wp-content\/uploads\/2019\/07\/26-1-1024x683.jpg 1024w, https:\/\/marcali.plebania.hu\/wp-content\/uploads\/2019\/07\/26-1-300x200.jpg 300w, https:\/\/marcali.plebania.hu\/wp-content\/uploads\/2019\/07\/26-1-768x512.jpg 768w, https:\/\/marcali.plebania.hu\/wp-content\/uploads\/2019\/07\/26-1-405x270.jpg 405w\" sizes=\"auto, (max-width: 1024px) 100vw, 1024px\" \/><\/figure><\/li><li class=\"blocks-gallery-item\"><figure><img loading=\"lazy\" decoding=\"async\" width=\"1024\" height=\"683\" src=\"https:\/\/marcali.plebania.hu\/wp-content\/uploads\/2019\/07\/23-1024x683.jpg\" alt=\"\" data-id=\"1032\" data-link=\"https:\/\/marcali.plebania.hu\/?attachment_id=1032\" class=\"wp-image-1032\" srcset=\"https:\/\/marcali.plebania.hu\/wp-content\/uploads\/2019\/07\/23-1024x683.jpg 1024w, https:\/\/marcali.plebania.hu\/wp-content\/uploads\/2019\/07\/23-300x200.jpg 300w, https:\/\/marcali.plebania.hu\/wp-content\/uploads\/2019\/07\/23-768x512.jpg 768w, https:\/\/marcali.plebania.hu\/wp-content\/uploads\/2019\/07\/23-405x270.jpg 405w\" sizes=\"auto, (max-width: 1024px) 100vw, 1024px\" \/><\/figure><\/li><\/ul>\n\n\n\n<p>Az elm\u00falt h\u00e1rom nap sor\u00e1n nemcsak a marcali, hanem a k\u00f6rny\u00e9kbeli h\u00edvek \u00e9s \u00e9rdekl\u0151d\u0151k is sz\u00e9p sz\u00e1mban tekinthett\u00e9k meg a Misszi\u00f3s Kereszt egyh\u00e1zi m\u0171alkot\u00e1st, amely ereklyetart\u00f3 is egyben, hiszen \u00f6sszesen 26 szentt\u00e9 \u00e9s boldogg\u00e1 avatott szem\u00e9ly (k\u00f6zt\u00fck kir\u00e1lyok, kir\u00e1lyn\u00e9k, p\u00fcsp\u00f6k\u00f6k, \u00e9s v\u00e9rtan\u00fak) k\u00fcl\u00f6nf\u00e9le relikvi\u00e1j\u00e1t tartalmazza. K\u00f6zpontj\u00e1ban a J\u00e9zus Krisztus \u00e1ltal, a Golgot\u00e1n hordozott Szent Keresztj\u00e9nek a szil\u00e1nkjait helyezt\u00e9k el. A templom bej\u00e1rat\u00e1n\u00e1l pedig a r\u00f6vid ismertet\u0151kr\u0151l kaphattak t\u00e1j\u00e9koztat\u00e1st a v\u00e1ndorki\u00e1ll\u00edt\u00e1son szerepl\u0151, \u00e9s a hitet kimagasl\u00f3 fokon gyakorl\u00f3, p\u00e9lda \u00e9rt\u00e9k\u0171 szem\u00e9lyek \u00e9let\u00fatj\u00e1r\u00f3l.<\/p>\n\n\n\n<ul class=\"wp-block-gallery columns-3 is-cropped wp-block-gallery-3 is-layout-flex wp-block-gallery-is-layout-flex\"><li class=\"blocks-gallery-item\"><figure><img loading=\"lazy\" decoding=\"async\" width=\"1024\" height=\"683\" src=\"https:\/\/marcali.plebania.hu\/wp-content\/uploads\/2019\/07\/34-1024x683.jpg\" alt=\"\" data-id=\"1033\" data-link=\"https:\/\/marcali.plebania.hu\/?attachment_id=1033\" class=\"wp-image-1033\" srcset=\"https:\/\/marcali.plebania.hu\/wp-content\/uploads\/2019\/07\/34-1024x683.jpg 1024w, https:\/\/marcali.plebania.hu\/wp-content\/uploads\/2019\/07\/34-300x200.jpg 300w, https:\/\/marcali.plebania.hu\/wp-content\/uploads\/2019\/07\/34-768x512.jpg 768w, https:\/\/marcali.plebania.hu\/wp-content\/uploads\/2019\/07\/34-405x270.jpg 405w\" sizes=\"auto, (max-width: 1024px) 100vw, 1024px\" \/><\/figure><\/li><li class=\"blocks-gallery-item\"><figure><img loading=\"lazy\" decoding=\"async\" width=\"1024\" height=\"683\" src=\"https:\/\/marcali.plebania.hu\/wp-content\/uploads\/2019\/07\/37-1024x683.jpg\" alt=\"\" data-id=\"1034\" data-link=\"https:\/\/marcali.plebania.hu\/?attachment_id=1034\" class=\"wp-image-1034\" srcset=\"https:\/\/marcali.plebania.hu\/wp-content\/uploads\/2019\/07\/37-1024x683.jpg 1024w, https:\/\/marcali.plebania.hu\/wp-content\/uploads\/2019\/07\/37-300x200.jpg 300w, https:\/\/marcali.plebania.hu\/wp-content\/uploads\/2019\/07\/37-768x512.jpg 768w, https:\/\/marcali.plebania.hu\/wp-content\/uploads\/2019\/07\/37-405x270.jpg 405w\" sizes=\"auto, (max-width: 1024px) 100vw, 1024px\" \/><\/figure><\/li><li class=\"blocks-gallery-item\"><figure><img loading=\"lazy\" decoding=\"async\" width=\"1024\" height=\"683\" src=\"https:\/\/marcali.plebania.hu\/wp-content\/uploads\/2019\/07\/36-1024x683.jpg\" alt=\"\" data-id=\"1035\" data-link=\"https:\/\/marcali.plebania.hu\/?attachment_id=1035\" class=\"wp-image-1035\" srcset=\"https:\/\/marcali.plebania.hu\/wp-content\/uploads\/2019\/07\/36-1024x683.jpg 1024w, https:\/\/marcali.plebania.hu\/wp-content\/uploads\/2019\/07\/36-300x200.jpg 300w, https:\/\/marcali.plebania.hu\/wp-content\/uploads\/2019\/07\/36-768x512.jpg 768w, https:\/\/marcali.plebania.hu\/wp-content\/uploads\/2019\/07\/36-405x270.jpg 405w\" sizes=\"auto, (max-width: 1024px) 100vw, 1024px\" \/><\/figure><\/li><li class=\"blocks-gallery-item\"><figure><img loading=\"lazy\" decoding=\"async\" width=\"1024\" height=\"683\" src=\"https:\/\/marcali.plebania.hu\/wp-content\/uploads\/2019\/07\/35-1-1024x683.jpg\" alt=\"\" data-id=\"1036\" data-link=\"https:\/\/marcali.plebania.hu\/?attachment_id=1036\" class=\"wp-image-1036\" srcset=\"https:\/\/marcali.plebania.hu\/wp-content\/uploads\/2019\/07\/35-1-1024x683.jpg 1024w, https:\/\/marcali.plebania.hu\/wp-content\/uploads\/2019\/07\/35-1-300x200.jpg 300w, https:\/\/marcali.plebania.hu\/wp-content\/uploads\/2019\/07\/35-1-768x512.jpg 768w, https:\/\/marcali.plebania.hu\/wp-content\/uploads\/2019\/07\/35-1-405x270.jpg 405w\" sizes=\"auto, (max-width: 1024px) 100vw, 1024px\" \/><\/figure><\/li><\/ul>\n\n\n\n<p>D\u00e9lben\na balatonlellei pl\u00e9b\u00e1niatemplomba sz\u00e1ll\u00edtott\u00e1k tov\u00e1bb a Misszi\u00f3s Keresztet,\nhogy tov\u00e1bb folytassa \u00fatj\u00e1t \u00e9s k\u00fcldet\u00e9s\u00e9t.<\/p>\n","protected":false},"excerpt":{"rendered":"<p>2019. j\u00falius 7-\u00e9n, vas\u00e1rnap a 9 \u00f3r\u00e1s \u00fcnnepi szentmis\u00e9vel v\u00e9gz\u0151d\u00f6tt az \u00fcnneps\u00e9gsorozat, melyet a Misszi\u00f3s Kereszt tisztelet\u00e9re szerveztek a Marcali Gy\u00fcm\u00f6lcsolt\u00f3 Boldogasszony Pl\u00e9b\u00e1niatemplomban. Erre az alkalomra ism\u00e9t sokan elj\u00f6ttek, hogy b\u00facs\u00fat vegyenek az orsz\u00e1gj\u00e1r\u00f3 k\u00f6r\u00faton l\u00e9v\u0151, a j\u00f6v\u0151 \u00e9vi budapesti Eukarisztikus Kongresszus szimb\u00f3lum\u00e1t\u00f3l. A z\u00e1r\u00f3 szentmis\u00e9t Kiss Iv\u00e1n c. pr\u00e9post, esperes-pl\u00e9b\u00e1nos celebr\u00e1lta a gyermekek \u00e9s feln\u0151ttek r\u00e9sz\u00e9re. Az istentisztelten, a nagyp\u00e9nteki kereszth\u00f3dolathoz hasonl\u00f3 szertart\u00e1s zajlott, ahol a h\u00edvek egyenk\u00e9nt is a pl\u00e9b\u00e1niatemplom szent\u00e9ly\u00e9be, a monument\u00e1lis m\u0171alkot\u00e1shoz mehettek, ahol tisztelet\u00fcket fejezhett\u00e9k&#8230;<\/p>\n<p class=\"read-more\"><a class=\"btn btn-default\" href=\"https:\/\/marcali.plebania.hu\/?p=1024\"> Read More<span class=\"screen-reader-text\">  Read More<\/span><\/a><\/p>\n","protected":false},"author":2,"featured_media":0,"comment_status":"closed","ping_status":"open","sticky":false,"template":"","format":"standard","meta":{"footnotes":""},"categories":[1],"tags":[],"class_list":["post-1024","post","type-post","status-publish","format-standard","hentry","category-egyeb"],"_links":{"self":[{"href":"https:\/\/marcali.plebania.hu\/index.php?rest_route=\/wp\/v2\/posts\/1024","targetHints":{"allow":["GET"]}}],"collection":[{"href":"https:\/\/marcali.plebania.hu\/index.php?rest_route=\/wp\/v2\/posts"}],"about":[{"href":"https:\/\/marcali.plebania.hu\/index.php?rest_route=\/wp\/v2\/types\/post"}],"author":[{"embeddable":true,"href":"https:\/\/marcali.plebania.hu\/index.php?rest_route=\/wp\/v2\/users\/2"}],"replies":[{"embeddable":true,"href":"https:\/\/marcali.plebania.hu\/index.php?rest_route=%2Fwp%2Fv2%2Fcomments&post=1024"}],"version-history":[{"count":1,"href":"https:\/\/marcali.plebania.hu\/index.php?rest_route=\/wp\/v2\/posts\/1024\/revisions"}],"predecessor-version":[{"id":1037,"href":"https:\/\/marcali.plebania.hu\/index.php?rest_route=\/wp\/v2\/posts\/1024\/revisions\/1037"}],"wp:attachment":[{"href":"https:\/\/marcali.plebania.hu\/index.php?rest_route=%2Fwp%2Fv2%2Fmedia&parent=1024"}],"wp:term":[{"taxonomy":"category","embeddable":true,"href":"https:\/\/marcali.plebania.hu\/index.php?rest_route=%2Fwp%2Fv2%2Fcategories&post=1024"},{"taxonomy":"post_tag","embeddable":true,"href":"https:\/\/marcali.plebania.hu\/index.php?rest_route=%2Fwp%2Fv2%2Ftags&post=1024"}],"curies":[{"name":"wp","href":"https:\/\/api.w.org\/{rel}","templated":true}]}}