{"id":1040,"date":"2019-07-19T07:44:54","date_gmt":"2019-07-19T07:44:54","guid":{"rendered":"https:\/\/marcali.plebania.hu\/?p=1040"},"modified":"2019-07-19T07:44:54","modified_gmt":"2019-07-19T07:44:54","slug":"hittantabor-marcaliban","status":"publish","type":"post","link":"https:\/\/marcali.plebania.hu\/?p=1040","title":{"rendered":"Hittant\u00e1bor Marcaliban"},"content":{"rendered":"\n<p><strong><em>2019.07.05<\/em><\/strong><em>&#8211;<\/em>\u00e9n az Esztergomb\u00f3l \u00e9rkez\u0151 Misszi\u00f3s Kereszt el\u0151tt h\u00f3doltak, ima\u00f3r\u00e1t tartottak \u00e9s dics\u0151\u00edt\u0151 \u00e9nekeket zengtek az \u00darnak a Marcali hittant\u00e1boros gyerekek. Az ima\u00f3r\u00e1ban ismertett\u00e9k a kereszten l\u00e9v\u0151 szentek \u00e9let\u00e9t \u00e9s erekly\u00e9it. A t\u00e1borban seg\u00edt\u0151k felt\u00f6lt\u0151d\u00e9s\u00e9re szombaton csapat\u00e9p\u00edt\u0151 kir\u00e1ndul\u00e1st szerveztek a Szentgy\u00f6rgyi hegyre \u00e9s Balatonm\u00e1ri\u00e1ra. Vas\u00e1rnap a t\u00e1bort k\u00f6z\u00f6s szentmis\u00e9vel nyitott\u00e1k meg, melyet <strong><em>Kiss Iv\u00e1n c. pr\u00e9post, esperes-pl\u00e9b\u00e1nos<\/em><\/strong> \u00far celebr\u00e1lt. <\/p>\n\n\n\n<ul class=\"wp-block-gallery columns-1 is-cropped wp-block-gallery-1 is-layout-flex wp-block-gallery-is-layout-flex\"><li class=\"blocks-gallery-item\"><figure><img loading=\"lazy\" decoding=\"async\" width=\"1024\" height=\"678\" src=\"https:\/\/marcali.plebania.hu\/wp-content\/uploads\/2019\/07\/2019-07-08-14-hittant\u00e1bor-022-1024x678.jpg\" alt=\"\" data-id=\"1041\" data-link=\"https:\/\/marcali.plebania.hu\/?attachment_id=1041\" class=\"wp-image-1041\" srcset=\"https:\/\/marcali.plebania.hu\/wp-content\/uploads\/2019\/07\/2019-07-08-14-hittant\u00e1bor-022-1024x678.jpg 1024w, https:\/\/marcali.plebania.hu\/wp-content\/uploads\/2019\/07\/2019-07-08-14-hittant\u00e1bor-022-300x199.jpg 300w, https:\/\/marcali.plebania.hu\/wp-content\/uploads\/2019\/07\/2019-07-08-14-hittant\u00e1bor-022-768x509.jpg 768w, https:\/\/marcali.plebania.hu\/wp-content\/uploads\/2019\/07\/2019-07-08-14-hittant\u00e1bor-022-408x270.jpg 408w\" sizes=\"auto, (max-width: 1024px) 100vw, 1024px\" \/><\/figure><\/li><\/ul>\n\n\n\n<p>H\u00e9tf\u0151n hatalmas gyerekzsivajra \u00e9bredt az X-h\u00e1z, 50 f\u0151vel. A reggelt ismerked\u0151 \u00e9s k\u00f6rj\u00e1t\u00e9kokkal kezdt\u00e9k a csoportok. A t\u00e1bor t\u00e9m\u00e1ja a Misszi\u00f3s Kereszt volt S annak szentjei \u00e9s erekly\u00e9i. Az els\u0151 nap <strong><em>Pozsonyi Anna <\/em><\/strong>tartott bemutat\u00f3t a Kereszt t\u00f6rt\u00e9net\u00e9r\u0151l \u00e9s fel\u00e9p\u00edt\u00e9s\u00e9nek h\u00e1tter\u00e9r\u0151l. A gyerekek minden egyes nap csoportokban az aznapi el\u0151ad\u00e1shoz kapcsol\u00f3d\u00f3an dolgozt\u00e1k fel a t\u00e9m\u00e1t, j\u00e1t\u00e9kos form\u00e1ban, p\u00e9ld\u00e1ul: sz\u00edndarab, pantomim, fali\u00fajs\u00e1g \u00e9s rejtv\u00e9ny, gyurma \u00e9s csasztuska, vers \u00e9s b\u00e1b, melyek v\u00e9g\u00fcl bemutat\u00e1sra ker\u00fcltek. Kedden reggeli torn\u00e1val kezdt\u00e9k a napot Balogh Vikt\u00f3ria vezet\u00e9s\u00e9vel, majd a t\u00edz\u00f3rai ut\u00e1n kigyalogoltak a Boldog Gizella templomhoz. Ott hallhattak \u00e9rdekesebbn\u00e9l \u00e9rdekesebb t\u00f6rt\u00e9neteket Szent Istv\u00e1nr\u00f3l \u00e9s Boldog Gizell\u00e1r\u00f3l, amelyeket <strong><em>Szakm\u00e1ri Eszter, Bojtorn\u00e9 Kir\u00e1ly M\u00e1rta <\/em><\/strong>valamint <strong><em>G\u00e1ln\u00e9 V\u00e9gh Edit i<\/em><\/strong>smertetett. <\/p>\n\n\n\n<ul class=\"wp-block-gallery columns-3 is-cropped wp-block-gallery-2 is-layout-flex wp-block-gallery-is-layout-flex\"><li class=\"blocks-gallery-item\"><figure><img loading=\"lazy\" decoding=\"async\" width=\"1024\" height=\"678\" src=\"https:\/\/marcali.plebania.hu\/wp-content\/uploads\/2019\/07\/2019-07-08-14-hittant\u00e1bor-027-1024x678.jpg\" alt=\"\" data-id=\"1042\" data-link=\"https:\/\/marcali.plebania.hu\/?attachment_id=1042\" class=\"wp-image-1042\" srcset=\"https:\/\/marcali.plebania.hu\/wp-content\/uploads\/2019\/07\/2019-07-08-14-hittant\u00e1bor-027-1024x678.jpg 1024w, https:\/\/marcali.plebania.hu\/wp-content\/uploads\/2019\/07\/2019-07-08-14-hittant\u00e1bor-027-300x199.jpg 300w, https:\/\/marcali.plebania.hu\/wp-content\/uploads\/2019\/07\/2019-07-08-14-hittant\u00e1bor-027-768x509.jpg 768w, https:\/\/marcali.plebania.hu\/wp-content\/uploads\/2019\/07\/2019-07-08-14-hittant\u00e1bor-027-408x270.jpg 408w\" sizes=\"auto, (max-width: 1024px) 100vw, 1024px\" \/><\/figure><\/li><li class=\"blocks-gallery-item\"><figure><img loading=\"lazy\" decoding=\"async\" width=\"1024\" height=\"678\" src=\"https:\/\/marcali.plebania.hu\/wp-content\/uploads\/2019\/07\/2019-07-08-14-hittant\u00e1bor-036-1024x678.jpg\" alt=\"\" data-id=\"1043\" data-link=\"https:\/\/marcali.plebania.hu\/?attachment_id=1043\" class=\"wp-image-1043\" srcset=\"https:\/\/marcali.plebania.hu\/wp-content\/uploads\/2019\/07\/2019-07-08-14-hittant\u00e1bor-036-1024x678.jpg 1024w, https:\/\/marcali.plebania.hu\/wp-content\/uploads\/2019\/07\/2019-07-08-14-hittant\u00e1bor-036-300x199.jpg 300w, https:\/\/marcali.plebania.hu\/wp-content\/uploads\/2019\/07\/2019-07-08-14-hittant\u00e1bor-036-768x509.jpg 768w, https:\/\/marcali.plebania.hu\/wp-content\/uploads\/2019\/07\/2019-07-08-14-hittant\u00e1bor-036-408x270.jpg 408w\" sizes=\"auto, (max-width: 1024px) 100vw, 1024px\" \/><\/figure><\/li><li class=\"blocks-gallery-item\"><figure><img loading=\"lazy\" decoding=\"async\" width=\"1024\" height=\"678\" src=\"https:\/\/marcali.plebania.hu\/wp-content\/uploads\/2019\/07\/2019-07-08-14-hittant\u00e1bor-047-1024x678.jpg\" alt=\"\" data-id=\"1044\" data-link=\"https:\/\/marcali.plebania.hu\/?attachment_id=1044\" class=\"wp-image-1044\" srcset=\"https:\/\/marcali.plebania.hu\/wp-content\/uploads\/2019\/07\/2019-07-08-14-hittant\u00e1bor-047-1024x678.jpg 1024w, https:\/\/marcali.plebania.hu\/wp-content\/uploads\/2019\/07\/2019-07-08-14-hittant\u00e1bor-047-300x199.jpg 300w, https:\/\/marcali.plebania.hu\/wp-content\/uploads\/2019\/07\/2019-07-08-14-hittant\u00e1bor-047-768x509.jpg 768w, https:\/\/marcali.plebania.hu\/wp-content\/uploads\/2019\/07\/2019-07-08-14-hittant\u00e1bor-047-408x270.jpg 408w\" sizes=\"auto, (max-width: 1024px) 100vw, 1024px\" \/><\/figure><\/li><li class=\"blocks-gallery-item\"><figure><img loading=\"lazy\" decoding=\"async\" width=\"1024\" height=\"678\" src=\"https:\/\/marcali.plebania.hu\/wp-content\/uploads\/2019\/07\/2019-07-08-14-hittant\u00e1bor-082-1024x678.jpg\" alt=\"\" data-id=\"1045\" data-link=\"https:\/\/marcali.plebania.hu\/?attachment_id=1045\" class=\"wp-image-1045\" srcset=\"https:\/\/marcali.plebania.hu\/wp-content\/uploads\/2019\/07\/2019-07-08-14-hittant\u00e1bor-082-1024x678.jpg 1024w, https:\/\/marcali.plebania.hu\/wp-content\/uploads\/2019\/07\/2019-07-08-14-hittant\u00e1bor-082-300x199.jpg 300w, https:\/\/marcali.plebania.hu\/wp-content\/uploads\/2019\/07\/2019-07-08-14-hittant\u00e1bor-082-768x509.jpg 768w, https:\/\/marcali.plebania.hu\/wp-content\/uploads\/2019\/07\/2019-07-08-14-hittant\u00e1bor-082-408x270.jpg 408w\" sizes=\"auto, (max-width: 1024px) 100vw, 1024px\" \/><\/figure><\/li><\/ul>\n\n\n\n<p>Szerd\u00e1n kir\u00e1ndultak Somogyv\u00e1rt \u00e9rintve Desed\u00e1ra, a t\u00f3hoz ahol nem csak annak sz\u00e9ps\u00e9ge, hanem a v\u00edzparti ki\u00e1ll\u00edt\u00e1s \u00e9rdekess\u00e9ge is vonz\u00f3dta a gyerekeket. Innen Szenn\u00e1ra a falum\u00fazeumba utaztak ahol ismeretet szerezhettek a r\u00e9gi id\u0151kr\u0151l \u00e9s a n\u00e9pi hagyom\u00e1nyokr\u00f3l. A skanzen ter\u00fclet\u00e9n keny\u00e9rl\u00e1ngossal \u00e9s friss\u00edt\u0151 h\u00e1zi sz\u00f6rppel kedveskedtek a h\u00e1zigazd\u00e1k. Megtekinthettek a r\u00e9gi port\u00e1kat annak elrendez\u00e9seit \u00e9s a Reform\u00e1tus templomot. Utaz\u00e1sunk k\u00f6vetkez\u0151 helysz\u00edne a Kaposv\u00e1ri Nagyboldogasszony Sz\u00e9kesegyh\u00e1z volt ahol <strong><em>Pisztora Ferenc <\/em><\/strong>k\u00e1pl\u00e1n fogadta \u0151ket \u00fajmis\u00e9s \u00e1ld\u00e1s\u00e1val. \u00datjuk f\u00e9nypontja a P\u00fcsp\u00f6ks\u00e9gre vezetett ahol <strong><em>Varga L\u00e1szl\u00f3 <\/em><\/strong>megy\u00e9s p\u00fcsp\u00f6k v\u00e1rta \u0151ket. Elmes\u00e9lte, hogy hogyan lett p\u00fcsp\u00f6k \u00e9s hogy mit\u0151l p\u00fcsp\u00f6k a p\u00fcsp\u00f6k. A napot fagyiz\u00e1ssal z\u00e1rt\u00e1k a s\u00e9t\u00e1l\u00f3utc\u00e1n. Cs\u00fct\u00f6rt\u00f6k\u00f6n d\u00e9lel\u0151tt <strong><em>M\u00f3d L\u00e1szl\u00f3n\u00e9 <\/em><\/strong>egy kis n\u00e9pmes\u00e9vel egybesz\u0151ve n\u00e9pt\u00e1nc \u00f3r\u00e1t tartott nekik. A mulats\u00e1g ut\u00e1n <strong><em>Puska Erzs\u00e9bet <\/em><\/strong>n\u0151v\u00e9r Szent Erzs\u00e9betr\u0151l \u00e9s csod\u00e1ir\u00f3l mutatott be prezent\u00e1ci\u00f3t. D\u00e9lut\u00e1nt\u00f3l sor ker\u00fclt nemezel\u00e9sre is G\u00e1ln\u00e9 V\u00e9gh Edit j\u00f3volt\u00e1b\u00f3l. <\/p>\n\n\n\n<ul class=\"wp-block-gallery columns-3 is-cropped wp-block-gallery-3 is-layout-flex wp-block-gallery-is-layout-flex\"><li class=\"blocks-gallery-item\"><figure><img loading=\"lazy\" decoding=\"async\" width=\"1024\" height=\"678\" src=\"https:\/\/marcali.plebania.hu\/wp-content\/uploads\/2019\/07\/2019-07-08-14-hittant\u00e1bor-097-1024x678.jpg\" alt=\"\" data-id=\"1046\" data-link=\"https:\/\/marcali.plebania.hu\/?attachment_id=1046\" class=\"wp-image-1046\" srcset=\"https:\/\/marcali.plebania.hu\/wp-content\/uploads\/2019\/07\/2019-07-08-14-hittant\u00e1bor-097-1024x678.jpg 1024w, https:\/\/marcali.plebania.hu\/wp-content\/uploads\/2019\/07\/2019-07-08-14-hittant\u00e1bor-097-300x199.jpg 300w, https:\/\/marcali.plebania.hu\/wp-content\/uploads\/2019\/07\/2019-07-08-14-hittant\u00e1bor-097-768x509.jpg 768w, https:\/\/marcali.plebania.hu\/wp-content\/uploads\/2019\/07\/2019-07-08-14-hittant\u00e1bor-097-408x270.jpg 408w\" sizes=\"auto, (max-width: 1024px) 100vw, 1024px\" \/><\/figure><\/li><li class=\"blocks-gallery-item\"><figure><img loading=\"lazy\" decoding=\"async\" width=\"1024\" height=\"678\" src=\"https:\/\/marcali.plebania.hu\/wp-content\/uploads\/2019\/07\/2019-07-08-14-hittant\u00e1bor-152-1024x678.jpg\" alt=\"\" data-id=\"1047\" data-link=\"https:\/\/marcali.plebania.hu\/?attachment_id=1047\" class=\"wp-image-1047\" srcset=\"https:\/\/marcali.plebania.hu\/wp-content\/uploads\/2019\/07\/2019-07-08-14-hittant\u00e1bor-152-1024x678.jpg 1024w, https:\/\/marcali.plebania.hu\/wp-content\/uploads\/2019\/07\/2019-07-08-14-hittant\u00e1bor-152-300x199.jpg 300w, https:\/\/marcali.plebania.hu\/wp-content\/uploads\/2019\/07\/2019-07-08-14-hittant\u00e1bor-152-768x509.jpg 768w, https:\/\/marcali.plebania.hu\/wp-content\/uploads\/2019\/07\/2019-07-08-14-hittant\u00e1bor-152-408x270.jpg 408w\" sizes=\"auto, (max-width: 1024px) 100vw, 1024px\" \/><\/figure><\/li><li class=\"blocks-gallery-item\"><figure><img loading=\"lazy\" decoding=\"async\" width=\"1024\" height=\"678\" src=\"https:\/\/marcali.plebania.hu\/wp-content\/uploads\/2019\/07\/2019-07-08-14-hittant\u00e1bor-136-1024x678.jpg\" alt=\"\" data-id=\"1048\" data-link=\"https:\/\/marcali.plebania.hu\/?attachment_id=1048\" class=\"wp-image-1048\" srcset=\"https:\/\/marcali.plebania.hu\/wp-content\/uploads\/2019\/07\/2019-07-08-14-hittant\u00e1bor-136-1024x678.jpg 1024w, https:\/\/marcali.plebania.hu\/wp-content\/uploads\/2019\/07\/2019-07-08-14-hittant\u00e1bor-136-300x199.jpg 300w, https:\/\/marcali.plebania.hu\/wp-content\/uploads\/2019\/07\/2019-07-08-14-hittant\u00e1bor-136-768x509.jpg 768w, https:\/\/marcali.plebania.hu\/wp-content\/uploads\/2019\/07\/2019-07-08-14-hittant\u00e1bor-136-408x270.jpg 408w\" sizes=\"auto, (max-width: 1024px) 100vw, 1024px\" \/><\/figure><\/li><li class=\"blocks-gallery-item\"><figure><img loading=\"lazy\" decoding=\"async\" width=\"1024\" height=\"678\" src=\"https:\/\/marcali.plebania.hu\/wp-content\/uploads\/2019\/07\/2019-07-08-14-hittant\u00e1bor-257-1024x678.jpg\" alt=\"\" data-id=\"1049\" data-link=\"https:\/\/marcali.plebania.hu\/?attachment_id=1049\" class=\"wp-image-1049\" srcset=\"https:\/\/marcali.plebania.hu\/wp-content\/uploads\/2019\/07\/2019-07-08-14-hittant\u00e1bor-257-1024x678.jpg 1024w, https:\/\/marcali.plebania.hu\/wp-content\/uploads\/2019\/07\/2019-07-08-14-hittant\u00e1bor-257-300x199.jpg 300w, https:\/\/marcali.plebania.hu\/wp-content\/uploads\/2019\/07\/2019-07-08-14-hittant\u00e1bor-257-768x509.jpg 768w, https:\/\/marcali.plebania.hu\/wp-content\/uploads\/2019\/07\/2019-07-08-14-hittant\u00e1bor-257-408x270.jpg 408w\" sizes=\"auto, (max-width: 1024px) 100vw, 1024px\" \/><\/figure><\/li><\/ul>\n\n\n\n<p>P\u00e9nteken <strong><em>Galambos Ferenc <\/em><\/strong>atya tartott j\u00e1t\u00e9kos el\u0151ad\u00e1st Szent L\u00e1szl\u00f3r\u00f3l majd ezt k\u00f6vet\u0151en egy \u00edj\u00e1szbemutat\u00f3t ahol a gyerekek is kipr\u00f3b\u00e1lhatt\u00e1k tehets\u00e9g\u00fcket. D\u00e9lut\u00e1n r\u00e1hangol\u00f3dtak a t\u00e1bort\u0171zre, a csapatoknak bemutatkoz\u00f3 csasztusk\u00e1t kellett \u00edrniuk. 5 \u00f3rakor kezd\u0151d\u00f6tt el a sz\u00fcl\u0151knek val\u00f3 bemutatkoz\u00e1s csasztuska, vers, t\u00e1nc \u00e9s f\u00e9nyk\u00e9pes diavet\u00edt\u00e9s \u00f6sszegz\u00e9s\u00e9ben hogy mi is t\u00f6rt\u00e9nt a h\u00e9ten. Ez ut\u00e1n k\u00f6z\u00f6s palacsinta ev\u00e9s vette kezdet\u00e9t. Majd a t\u00e1bort\u0171z megrak\u00e1sa ut\u00e1n elkezd\u0151d\u00f6tt a szalonna, virsli, pillecukor s\u00fct\u00f6get\u00e9se. A vacsora ut\u00e1n sorverseny vette kezdet\u00e9t ahol a gyerekek sz\u00fcleikkel p\u00e1rban k\u00e9t csoportban versengtek anyuk\u00e1k kontra apuk\u00e1k feloszt\u00e1sban. Az este v\u00e9ge fel\u00e9 a besz\u00e9lget\u00e9s\u00e9 \u00e9s a t\u00e1rsalg\u00e1s\u00e9 volt a f\u0151szerep. Vas\u00e1rnap a reggeli mis\u00e9n k\u00f6sz\u00f6nt\u00e9k meg a t\u00e1boroz\u00f3k Istennek a t\u00e1bor \u00e9lm\u00e9nyeit. <\/p>\n\n\n\n<ul class=\"wp-block-gallery columns-3 is-cropped wp-block-gallery-4 is-layout-flex wp-block-gallery-is-layout-flex\"><li class=\"blocks-gallery-item\"><figure><img loading=\"lazy\" decoding=\"async\" width=\"1024\" height=\"678\" src=\"https:\/\/marcali.plebania.hu\/wp-content\/uploads\/2019\/07\/2019-07-08-14-hittant\u00e1bor-277-1024x678.jpg\" alt=\"\" data-id=\"1050\" data-link=\"https:\/\/marcali.plebania.hu\/?attachment_id=1050\" class=\"wp-image-1050\" srcset=\"https:\/\/marcali.plebania.hu\/wp-content\/uploads\/2019\/07\/2019-07-08-14-hittant\u00e1bor-277-1024x678.jpg 1024w, https:\/\/marcali.plebania.hu\/wp-content\/uploads\/2019\/07\/2019-07-08-14-hittant\u00e1bor-277-300x199.jpg 300w, https:\/\/marcali.plebania.hu\/wp-content\/uploads\/2019\/07\/2019-07-08-14-hittant\u00e1bor-277-768x509.jpg 768w, https:\/\/marcali.plebania.hu\/wp-content\/uploads\/2019\/07\/2019-07-08-14-hittant\u00e1bor-277-408x270.jpg 408w\" sizes=\"auto, (max-width: 1024px) 100vw, 1024px\" \/><\/figure><\/li><li class=\"blocks-gallery-item\"><figure><img loading=\"lazy\" decoding=\"async\" width=\"1024\" height=\"678\" src=\"https:\/\/marcali.plebania.hu\/wp-content\/uploads\/2019\/07\/2019-07-08-14-hittant\u00e1bor-286-1024x678.jpg\" alt=\"\" data-id=\"1051\" data-link=\"https:\/\/marcali.plebania.hu\/?attachment_id=1051\" class=\"wp-image-1051\" srcset=\"https:\/\/marcali.plebania.hu\/wp-content\/uploads\/2019\/07\/2019-07-08-14-hittant\u00e1bor-286-1024x678.jpg 1024w, https:\/\/marcali.plebania.hu\/wp-content\/uploads\/2019\/07\/2019-07-08-14-hittant\u00e1bor-286-300x199.jpg 300w, https:\/\/marcali.plebania.hu\/wp-content\/uploads\/2019\/07\/2019-07-08-14-hittant\u00e1bor-286-768x509.jpg 768w, https:\/\/marcali.plebania.hu\/wp-content\/uploads\/2019\/07\/2019-07-08-14-hittant\u00e1bor-286-408x270.jpg 408w\" sizes=\"auto, (max-width: 1024px) 100vw, 1024px\" \/><\/figure><\/li><li class=\"blocks-gallery-item\"><figure><img loading=\"lazy\" decoding=\"async\" width=\"1024\" height=\"678\" src=\"https:\/\/marcali.plebania.hu\/wp-content\/uploads\/2019\/07\/2019-07-08-14-hittant\u00e1bor-315-1024x678.jpg\" alt=\"\" data-id=\"1052\" data-link=\"https:\/\/marcali.plebania.hu\/?attachment_id=1052\" class=\"wp-image-1052\" srcset=\"https:\/\/marcali.plebania.hu\/wp-content\/uploads\/2019\/07\/2019-07-08-14-hittant\u00e1bor-315-1024x678.jpg 1024w, https:\/\/marcali.plebania.hu\/wp-content\/uploads\/2019\/07\/2019-07-08-14-hittant\u00e1bor-315-300x199.jpg 300w, https:\/\/marcali.plebania.hu\/wp-content\/uploads\/2019\/07\/2019-07-08-14-hittant\u00e1bor-315-768x509.jpg 768w, https:\/\/marcali.plebania.hu\/wp-content\/uploads\/2019\/07\/2019-07-08-14-hittant\u00e1bor-315-408x270.jpg 408w\" sizes=\"auto, (max-width: 1024px) 100vw, 1024px\" \/><\/figure><\/li><li class=\"blocks-gallery-item\"><figure><img loading=\"lazy\" decoding=\"async\" width=\"1024\" height=\"678\" src=\"https:\/\/marcali.plebania.hu\/wp-content\/uploads\/2019\/07\/2019-07-08-14-hittant\u00e1bor-362-1024x678.jpg\" alt=\"\" data-id=\"1053\" data-link=\"https:\/\/marcali.plebania.hu\/?attachment_id=1053\" class=\"wp-image-1053\" srcset=\"https:\/\/marcali.plebania.hu\/wp-content\/uploads\/2019\/07\/2019-07-08-14-hittant\u00e1bor-362-1024x678.jpg 1024w, https:\/\/marcali.plebania.hu\/wp-content\/uploads\/2019\/07\/2019-07-08-14-hittant\u00e1bor-362-300x199.jpg 300w, https:\/\/marcali.plebania.hu\/wp-content\/uploads\/2019\/07\/2019-07-08-14-hittant\u00e1bor-362-768x509.jpg 768w, https:\/\/marcali.plebania.hu\/wp-content\/uploads\/2019\/07\/2019-07-08-14-hittant\u00e1bor-362-408x270.jpg 408w\" sizes=\"auto, (max-width: 1024px) 100vw, 1024px\" \/><\/figure><\/li><\/ul>\n\n\n\n<p><strong>K\u00f6sz\u00f6nj\u00fck\nsz\u00e9pen az \u00e1ldozatos munk\u00e1jukat a hitoktat\u00f3knak, t\u00e1mogat\u00f3knak, sz\u00fcl\u0151knek,\nseg\u00edt\u0151knek!<\/strong><\/p>\n\n\n\n<p><strong>Hitoktat\u00f3k<\/strong>: <em>Bojtorn\u00e9 Kir\u00e1ly M\u00e1rta, Dr.\nGyulain\u00e9 Domj\u00e1n Zsuzsanna, Tombor Erzs\u00e9bet <\/em><\/p>\n\n\n\n<p><strong>Feln\u0151tt\nseg\u00edt\u0151k<\/strong>: <em>Pozsonyi\nAnna, F\u00fcl\u00f6p Csenge, Szakm\u00e1ri Eszter, D\u00f6brei S\u00e1ndorn\u00e9, Csima N\u00e1ndorn\u00e9, Moln\u00e1rn\u00e9\nM\u00e1ria <\/em><\/p>\n\n\n\n<p><strong>Seg\u00edt\u0151k<\/strong>: <em>Bojtor Norbert, Kov\u00e1cs\nEmese, Benk\u0151 Szonja, Koll\u00e1r Orsolya, T\u00f3th Alexandra, Besenczki Titanilla,\nGirikter Tamara, Elek Zs\u00f3fia, Orb\u00e1n Tamara, Szanyi Fl\u00f3ra, T\u00e9rdig Vikt\u00f3ria, T\u00f3th\nEszter <\/em><\/p>\n\n\n\n<p><strong>J\u00f6v\u0151re\ntal\u00e1lkozunk!<\/strong><\/p>\n","protected":false},"excerpt":{"rendered":"<p>2019.07.05&#8211;\u00e9n az Esztergomb\u00f3l \u00e9rkez\u0151 Misszi\u00f3s Kereszt el\u0151tt h\u00f3doltak, ima\u00f3r\u00e1t tartottak \u00e9s dics\u0151\u00edt\u0151 \u00e9nekeket zengtek az \u00darnak a Marcali hittant\u00e1boros gyerekek. Az ima\u00f3r\u00e1ban ismertett\u00e9k a kereszten l\u00e9v\u0151 szentek \u00e9let\u00e9t \u00e9s erekly\u00e9it. A t\u00e1borban seg\u00edt\u0151k felt\u00f6lt\u0151d\u00e9s\u00e9re szombaton csapat\u00e9p\u00edt\u0151 kir\u00e1ndul\u00e1st szerveztek a Szentgy\u00f6rgyi hegyre \u00e9s Balatonm\u00e1ri\u00e1ra. Vas\u00e1rnap a t\u00e1bort k\u00f6z\u00f6s szentmis\u00e9vel nyitott\u00e1k meg, melyet Kiss Iv\u00e1n c. pr\u00e9post, esperes-pl\u00e9b\u00e1nos \u00far celebr\u00e1lt. H\u00e9tf\u0151n hatalmas gyerekzsivajra \u00e9bredt az X-h\u00e1z, 50 f\u0151vel. A reggelt ismerked\u0151 \u00e9s k\u00f6rj\u00e1t\u00e9kokkal kezdt\u00e9k a csoportok. A t\u00e1bor t\u00e9m\u00e1ja a Misszi\u00f3s Kereszt&#8230;<\/p>\n<p class=\"read-more\"><a class=\"btn btn-default\" href=\"https:\/\/marcali.plebania.hu\/?p=1040\"> Read More<span class=\"screen-reader-text\">  Read More<\/span><\/a><\/p>\n","protected":false},"author":2,"featured_media":0,"comment_status":"closed","ping_status":"open","sticky":false,"template":"","format":"standard","meta":{"footnotes":""},"categories":[1],"tags":[],"class_list":["post-1040","post","type-post","status-publish","format-standard","hentry","category-egyeb"],"_links":{"self":[{"href":"https:\/\/marcali.plebania.hu\/index.php?rest_route=\/wp\/v2\/posts\/1040","targetHints":{"allow":["GET"]}}],"collection":[{"href":"https:\/\/marcali.plebania.hu\/index.php?rest_route=\/wp\/v2\/posts"}],"about":[{"href":"https:\/\/marcali.plebania.hu\/index.php?rest_route=\/wp\/v2\/types\/post"}],"author":[{"embeddable":true,"href":"https:\/\/marcali.plebania.hu\/index.php?rest_route=\/wp\/v2\/users\/2"}],"replies":[{"embeddable":true,"href":"https:\/\/marcali.plebania.hu\/index.php?rest_route=%2Fwp%2Fv2%2Fcomments&post=1040"}],"version-history":[{"count":1,"href":"https:\/\/marcali.plebania.hu\/index.php?rest_route=\/wp\/v2\/posts\/1040\/revisions"}],"predecessor-version":[{"id":1054,"href":"https:\/\/marcali.plebania.hu\/index.php?rest_route=\/wp\/v2\/posts\/1040\/revisions\/1054"}],"wp:attachment":[{"href":"https:\/\/marcali.plebania.hu\/index.php?rest_route=%2Fwp%2Fv2%2Fmedia&parent=1040"}],"wp:term":[{"taxonomy":"category","embeddable":true,"href":"https:\/\/marcali.plebania.hu\/index.php?rest_route=%2Fwp%2Fv2%2Fcategories&post=1040"},{"taxonomy":"post_tag","embeddable":true,"href":"https:\/\/marcali.plebania.hu\/index.php?rest_route=%2Fwp%2Fv2%2Ftags&post=1040"}],"curies":[{"name":"wp","href":"https:\/\/api.w.org\/{rel}","templated":true}]}}