{"id":1055,"date":"2019-07-19T07:45:17","date_gmt":"2019-07-19T07:45:17","guid":{"rendered":"https:\/\/marcali.plebania.hu\/?p=1055"},"modified":"2019-07-19T07:45:17","modified_gmt":"2019-07-19T07:45:17","slug":"hirdetesek-2019-07-21","status":"publish","type":"post","link":"https:\/\/marcali.plebania.hu\/?p=1055","title":{"rendered":"Hirdet\u00e9sek, 2019. 07. 21."},"content":{"rendered":"\n<ol class=\"wp-block-list\"><li>Ma van az \u00e9vk\u00f6zi 16. vas\u00e1rnap.<\/li><li>A Krist\u00f3f-napi aut\u00f3-, j\u00e1rm\u0171 meg\u00e1ld\u00e1s j\u00falius 28-\u00e1n, a 9\n\u00f3r\u00e1s szentmise ut\u00e1n lesz a H\u0151s\u00f6k ter\u00e9n.<\/li><\/ol>\n","protected":false},"excerpt":{"rendered":"<p>Ma van az \u00e9vk\u00f6zi 16. vas\u00e1rnap. A Krist\u00f3f-napi aut\u00f3-, j\u00e1rm\u0171 meg\u00e1ld\u00e1s j\u00falius 28-\u00e1n, a 9 \u00f3r\u00e1s szentmise ut\u00e1n lesz a H\u0151s\u00f6k ter\u00e9n.<\/p>\n","protected":false},"author":2,"featured_media":0,"comment_status":"closed","ping_status":"open","sticky":false,"template":"","format":"standard","meta":{"footnotes":""},"categories":[1],"tags":[],"class_list":["post-1055","post","type-post","status-publish","format-standard","hentry","category-egyeb"],"_links":{"self":[{"href":"https:\/\/marcali.plebania.hu\/index.php?rest_route=\/wp\/v2\/posts\/1055","targetHints":{"allow":["GET"]}}],"collection":[{"href":"https:\/\/marcali.plebania.hu\/index.php?rest_route=\/wp\/v2\/posts"}],"about":[{"href":"https:\/\/marcali.plebania.hu\/index.php?rest_route=\/wp\/v2\/types\/post"}],"author":[{"embeddable":true,"href":"https:\/\/marcali.plebania.hu\/index.php?rest_route=\/wp\/v2\/users\/2"}],"replies":[{"embeddable":true,"href":"https:\/\/marcali.plebania.hu\/index.php?rest_route=%2Fwp%2Fv2%2Fcomments&post=1055"}],"version-history":[{"count":1,"href":"https:\/\/marcali.plebania.hu\/index.php?rest_route=\/wp\/v2\/posts\/1055\/revisions"}],"predecessor-version":[{"id":1056,"href":"https:\/\/marcali.plebania.hu\/index.php?rest_route=\/wp\/v2\/posts\/1055\/revisions\/1056"}],"wp:attachment":[{"href":"https:\/\/marcali.plebania.hu\/index.php?rest_route=%2Fwp%2Fv2%2Fmedia&parent=1055"}],"wp:term":[{"taxonomy":"category","embeddable":true,"href":"https:\/\/marcali.plebania.hu\/index.php?rest_route=%2Fwp%2Fv2%2Fcategories&post=1055"},{"taxonomy":"post_tag","embeddable":true,"href":"https:\/\/marcali.plebania.hu\/index.php?rest_route=%2Fwp%2Fv2%2Ftags&post=1055"}],"curies":[{"name":"wp","href":"https:\/\/api.w.org\/{rel}","templated":true}]}}