{"id":1057,"date":"2019-07-26T07:36:54","date_gmt":"2019-07-26T07:36:54","guid":{"rendered":"https:\/\/marcali.plebania.hu\/?p=1057"},"modified":"2019-07-26T07:36:54","modified_gmt":"2019-07-26T07:36:54","slug":"hirdetesek-2019-07-28","status":"publish","type":"post","link":"https:\/\/marcali.plebania.hu\/?p=1057","title":{"rendered":"Hirdet\u00e9sek, 2019. 07. 28."},"content":{"rendered":"\n<ol class=\"wp-block-list\"><li>Ma van az \u00e9vk\u00f6zi 17. vas\u00e1rnap.<\/li><li>A h\u00e9ten els\u0151 p\u00e9ntek, d\u00e9lel\u0151tt a h\u00e1zi betegek \u00e1ldoztat\u00e1sa \u00e9s az id\u0151sek otthon\u00e1ban. D\u00e9lut\u00e1n 17.30-t\u00f3l gy\u00f3ntat\u00e1s \u00e9s szents\u00e9gim\u00e1d\u00e1s, ut\u00e1na szentmise.<\/li><li>A h\u00e9ten els\u0151 szombat, 17 \u00f3rakor ima\u00f3ra a szentmise el\u0151tt.<\/li><li>J\u00f6v\u0151 vas\u00e1rnap 10.15 perckor T\u00f3th Bence karnagy f\u00fav\u00f3szenekar\u00e1nak hangversenye a pl\u00e9b\u00e1niatemplomban.<\/li><\/ol>\n","protected":false},"excerpt":{"rendered":"<p>Ma van az \u00e9vk\u00f6zi 17. vas\u00e1rnap. A h\u00e9ten els\u0151 p\u00e9ntek, d\u00e9lel\u0151tt a h\u00e1zi betegek \u00e1ldoztat\u00e1sa \u00e9s az id\u0151sek otthon\u00e1ban. D\u00e9lut\u00e1n 17.30-t\u00f3l gy\u00f3ntat\u00e1s \u00e9s szents\u00e9gim\u00e1d\u00e1s, ut\u00e1na szentmise. A h\u00e9ten els\u0151 szombat, 17 \u00f3rakor ima\u00f3ra a szentmise el\u0151tt. J\u00f6v\u0151 vas\u00e1rnap 10.15 perckor T\u00f3th Bence karnagy f\u00fav\u00f3szenekar\u00e1nak hangversenye a pl\u00e9b\u00e1niatemplomban.<\/p>\n","protected":false},"author":2,"featured_media":0,"comment_status":"closed","ping_status":"open","sticky":false,"template":"","format":"standard","meta":{"footnotes":""},"categories":[1],"tags":[],"class_list":["post-1057","post","type-post","status-publish","format-standard","hentry","category-egyeb"],"_links":{"self":[{"href":"https:\/\/marcali.plebania.hu\/index.php?rest_route=\/wp\/v2\/posts\/1057","targetHints":{"allow":["GET"]}}],"collection":[{"href":"https:\/\/marcali.plebania.hu\/index.php?rest_route=\/wp\/v2\/posts"}],"about":[{"href":"https:\/\/marcali.plebania.hu\/index.php?rest_route=\/wp\/v2\/types\/post"}],"author":[{"embeddable":true,"href":"https:\/\/marcali.plebania.hu\/index.php?rest_route=\/wp\/v2\/users\/2"}],"replies":[{"embeddable":true,"href":"https:\/\/marcali.plebania.hu\/index.php?rest_route=%2Fwp%2Fv2%2Fcomments&post=1057"}],"version-history":[{"count":1,"href":"https:\/\/marcali.plebania.hu\/index.php?rest_route=\/wp\/v2\/posts\/1057\/revisions"}],"predecessor-version":[{"id":1058,"href":"https:\/\/marcali.plebania.hu\/index.php?rest_route=\/wp\/v2\/posts\/1057\/revisions\/1058"}],"wp:attachment":[{"href":"https:\/\/marcali.plebania.hu\/index.php?rest_route=%2Fwp%2Fv2%2Fmedia&parent=1057"}],"wp:term":[{"taxonomy":"category","embeddable":true,"href":"https:\/\/marcali.plebania.hu\/index.php?rest_route=%2Fwp%2Fv2%2Fcategories&post=1057"},{"taxonomy":"post_tag","embeddable":true,"href":"https:\/\/marcali.plebania.hu\/index.php?rest_route=%2Fwp%2Fv2%2Ftags&post=1057"}],"curies":[{"name":"wp","href":"https:\/\/api.w.org\/{rel}","templated":true}]}}