{"id":1059,"date":"2019-07-30T08:20:36","date_gmt":"2019-07-30T08:20:36","guid":{"rendered":"https:\/\/marcali.plebania.hu\/?p=1059"},"modified":"2019-07-30T08:20:36","modified_gmt":"2019-07-30T08:20:36","slug":"iden-is-megaldottak-a-jarmuveket-marcaliban","status":"publish","type":"post","link":"https:\/\/marcali.plebania.hu\/?p=1059","title":{"rendered":"Id\u00e9n is meg\u00e1ldott\u00e1k a j\u00e1rm\u0171veket Marcaliban"},"content":{"rendered":"\n<p>2019. j\u00falius 28-\u00e1n, vas\u00e1rnap a 9 \u00f3r\u00e1s szentmis\u00e9t k\u00f6vet\u0151en \u2013 a kor\u00e1bbi \u00e9vek hagyom\u00e1nyai alapj\u00e1n \u2013 az id\u00e9n is Kiss Iv\u00e1n c. pr\u00e9post, esperes-pl\u00e9b\u00e1nos \u00e1ldotta meg a j\u00e1rm\u0171veket \u00e9s g\u00e9pj\u00e1rm\u0171veket a Gy\u00fcm\u00f6lcsolt\u00f3 Boldogasszony pl\u00e9b\u00e1niatemplom el\u0151tti H\u0151s\u00f6k ter\u00e9n.<\/p>\n\n\n\n<ul class=\"wp-block-gallery columns-3 is-cropped wp-block-gallery-1 is-layout-flex wp-block-gallery-is-layout-flex\"><li class=\"blocks-gallery-item\"><figure><img loading=\"lazy\" decoding=\"async\" width=\"1024\" height=\"683\" src=\"https:\/\/marcali.plebania.hu\/wp-content\/uploads\/2019\/07\/01-1-1024x683.jpg\" alt=\"\" data-id=\"1060\" data-link=\"https:\/\/marcali.plebania.hu\/?attachment_id=1060\" class=\"wp-image-1060\" srcset=\"https:\/\/marcali.plebania.hu\/wp-content\/uploads\/2019\/07\/01-1-1024x683.jpg 1024w, https:\/\/marcali.plebania.hu\/wp-content\/uploads\/2019\/07\/01-1-300x200.jpg 300w, https:\/\/marcali.plebania.hu\/wp-content\/uploads\/2019\/07\/01-1-768x512.jpg 768w, https:\/\/marcali.plebania.hu\/wp-content\/uploads\/2019\/07\/01-1-405x270.jpg 405w\" sizes=\"auto, (max-width: 1024px) 100vw, 1024px\" \/><\/figure><\/li><li class=\"blocks-gallery-item\"><figure><img loading=\"lazy\" decoding=\"async\" width=\"1024\" height=\"683\" src=\"https:\/\/marcali.plebania.hu\/wp-content\/uploads\/2019\/07\/03-1-1024x683.jpg\" alt=\"\" data-id=\"1061\" data-link=\"https:\/\/marcali.plebania.hu\/?attachment_id=1061\" class=\"wp-image-1061\" srcset=\"https:\/\/marcali.plebania.hu\/wp-content\/uploads\/2019\/07\/03-1-1024x683.jpg 1024w, https:\/\/marcali.plebania.hu\/wp-content\/uploads\/2019\/07\/03-1-300x200.jpg 300w, https:\/\/marcali.plebania.hu\/wp-content\/uploads\/2019\/07\/03-1-768x512.jpg 768w, https:\/\/marcali.plebania.hu\/wp-content\/uploads\/2019\/07\/03-1-405x270.jpg 405w\" sizes=\"auto, (max-width: 1024px) 100vw, 1024px\" \/><\/figure><\/li><li class=\"blocks-gallery-item\"><figure><img loading=\"lazy\" decoding=\"async\" width=\"1024\" height=\"683\" src=\"https:\/\/marcali.plebania.hu\/wp-content\/uploads\/2019\/07\/04-1024x683.jpg\" alt=\"\" data-id=\"1062\" data-link=\"https:\/\/marcali.plebania.hu\/?attachment_id=1062\" class=\"wp-image-1062\" srcset=\"https:\/\/marcali.plebania.hu\/wp-content\/uploads\/2019\/07\/04-1024x683.jpg 1024w, https:\/\/marcali.plebania.hu\/wp-content\/uploads\/2019\/07\/04-300x200.jpg 300w, https:\/\/marcali.plebania.hu\/wp-content\/uploads\/2019\/07\/04-768x512.jpg 768w, https:\/\/marcali.plebania.hu\/wp-content\/uploads\/2019\/07\/04-405x270.jpg 405w\" sizes=\"auto, (max-width: 1024px) 100vw, 1024px\" \/><\/figure><\/li><li class=\"blocks-gallery-item\"><figure><img loading=\"lazy\" decoding=\"async\" width=\"1024\" height=\"683\" src=\"https:\/\/marcali.plebania.hu\/wp-content\/uploads\/2019\/07\/02-1024x683.jpg\" alt=\"\" data-id=\"1064\" data-link=\"https:\/\/marcali.plebania.hu\/?attachment_id=1064\" class=\"wp-image-1064\" srcset=\"https:\/\/marcali.plebania.hu\/wp-content\/uploads\/2019\/07\/02-1024x683.jpg 1024w, https:\/\/marcali.plebania.hu\/wp-content\/uploads\/2019\/07\/02-300x200.jpg 300w, https:\/\/marcali.plebania.hu\/wp-content\/uploads\/2019\/07\/02-768x512.jpg 768w, https:\/\/marcali.plebania.hu\/wp-content\/uploads\/2019\/07\/02-405x270.jpg 405w\" sizes=\"auto, (max-width: 1024px) 100vw, 1024px\" \/><\/figure><\/li><\/ul>\n\n\n\n<p>Szent Krist\u00f3fot hivatalosan j\u00falius 25-\u00e9n \u00fcnneplik ugyan a Katolikus Egyh\u00e1zban, \u00e1m a k\u00f6zleked\u00e9si eszk\u00f6z\u00f6k meg\u00e1ld\u00e1s\u00e1t mindig a k\u00f6vetkez\u0151 vas\u00e1rnapon tartj\u00e1k. Krist\u00f3f az utasok, v\u00e1ndorok, haj\u00f3sok v\u00e9d\u0151szentje, a tizenn\u00e9gy seg\u00edt\u0151 szent egyike, a n\u00e9pies vall\u00e1soss\u00e1g egyik legn\u00e9pszer\u0171bb alakja. A Magyar Aut\u00f3klub Szent Krist\u00f3fr\u00f3l nevezte el azt a d\u00edjat, amelynek bronz, ez\u00fcst \u00e9s arany fokozat\u00e1val jutalmazza azokat, akik legt\u00f6bbet tettek a biztons\u00e1gos k\u00f6zleked\u00e9s\u00e9rt. \u00c9ppen ez\u00e9rt az aut\u00f3sok \u00e9s motorosok k\u00f6z\u00fcl sokan magukn\u00e1l tartj\u00e1k Szent Krist\u00f3f portr\u00e9j\u00e1t. A legismertebb \u00e1br\u00e1zol\u00e1sa, amikor a kis J\u00e9zust viszi a v\u00e1ll\u00e1n egy foly\u00f3n \u00e1t.<\/p>\n\n\n\n<ul class=\"wp-block-gallery columns-3 is-cropped wp-block-gallery-2 is-layout-flex wp-block-gallery-is-layout-flex\"><li class=\"blocks-gallery-item\"><figure><img loading=\"lazy\" decoding=\"async\" width=\"1024\" height=\"683\" src=\"https:\/\/marcali.plebania.hu\/wp-content\/uploads\/2019\/07\/09-2-1024x683.jpg\" alt=\"\" data-id=\"1065\" data-link=\"https:\/\/marcali.plebania.hu\/?attachment_id=1065\" class=\"wp-image-1065\" srcset=\"https:\/\/marcali.plebania.hu\/wp-content\/uploads\/2019\/07\/09-2-1024x683.jpg 1024w, https:\/\/marcali.plebania.hu\/wp-content\/uploads\/2019\/07\/09-2-300x200.jpg 300w, https:\/\/marcali.plebania.hu\/wp-content\/uploads\/2019\/07\/09-2-768x512.jpg 768w, https:\/\/marcali.plebania.hu\/wp-content\/uploads\/2019\/07\/09-2-405x270.jpg 405w\" sizes=\"auto, (max-width: 1024px) 100vw, 1024px\" \/><\/figure><\/li><li class=\"blocks-gallery-item\"><figure><img loading=\"lazy\" decoding=\"async\" width=\"1024\" height=\"683\" src=\"https:\/\/marcali.plebania.hu\/wp-content\/uploads\/2019\/07\/14-1-1024x683.jpg\" alt=\"\" data-id=\"1067\" data-link=\"https:\/\/marcali.plebania.hu\/?attachment_id=1067\" class=\"wp-image-1067\" srcset=\"https:\/\/marcali.plebania.hu\/wp-content\/uploads\/2019\/07\/14-1-1024x683.jpg 1024w, https:\/\/marcali.plebania.hu\/wp-content\/uploads\/2019\/07\/14-1-300x200.jpg 300w, https:\/\/marcali.plebania.hu\/wp-content\/uploads\/2019\/07\/14-1-768x512.jpg 768w, https:\/\/marcali.plebania.hu\/wp-content\/uploads\/2019\/07\/14-1-405x270.jpg 405w\" sizes=\"auto, (max-width: 1024px) 100vw, 1024px\" \/><\/figure><\/li><li class=\"blocks-gallery-item\"><figure><img loading=\"lazy\" decoding=\"async\" width=\"1024\" height=\"683\" src=\"https:\/\/marcali.plebania.hu\/wp-content\/uploads\/2019\/07\/11-4-1024x683.jpg\" alt=\"\" data-id=\"1068\" data-link=\"https:\/\/marcali.plebania.hu\/?attachment_id=1068\" class=\"wp-image-1068\" srcset=\"https:\/\/marcali.plebania.hu\/wp-content\/uploads\/2019\/07\/11-4-1024x683.jpg 1024w, https:\/\/marcali.plebania.hu\/wp-content\/uploads\/2019\/07\/11-4-300x200.jpg 300w, https:\/\/marcali.plebania.hu\/wp-content\/uploads\/2019\/07\/11-4-768x512.jpg 768w, https:\/\/marcali.plebania.hu\/wp-content\/uploads\/2019\/07\/11-4-405x270.jpg 405w\" sizes=\"auto, (max-width: 1024px) 100vw, 1024px\" \/><\/figure><\/li><li class=\"blocks-gallery-item\"><figure><img loading=\"lazy\" decoding=\"async\" width=\"1024\" height=\"683\" src=\"https:\/\/marcali.plebania.hu\/wp-content\/uploads\/2019\/07\/13-1024x683.jpg\" alt=\"\" data-id=\"1069\" data-link=\"https:\/\/marcali.plebania.hu\/?attachment_id=1069\" class=\"wp-image-1069\" srcset=\"https:\/\/marcali.plebania.hu\/wp-content\/uploads\/2019\/07\/13-1024x683.jpg 1024w, https:\/\/marcali.plebania.hu\/wp-content\/uploads\/2019\/07\/13-300x200.jpg 300w, https:\/\/marcali.plebania.hu\/wp-content\/uploads\/2019\/07\/13-768x512.jpg 768w, https:\/\/marcali.plebania.hu\/wp-content\/uploads\/2019\/07\/13-405x270.jpg 405w\" sizes=\"auto, (max-width: 1024px) 100vw, 1024px\" \/><\/figure><\/li><\/ul>\n\n\n\n<p>A reggeli szentmis\u00e9n Iv\u00e1n atya a h\u00edvekkel egy\u00fctt im\u00e1dkozott az \u00faton l\u00e9v\u0151k\u00e9rt, a g\u00e9pj\u00e1rm\u0171vek vezet\u0151i\u00e9rt, a k\u00f6zleked\u00e9si mor\u00e1l javul\u00e1s\u00e1\u00e9rt \u00e9s a szerencs\u00e9s meg\u00e9rkez\u00e9s\u00e9rt. A templomba jelk\u00e9pesen behoztak egy ker\u00e9kp\u00e1rt is, amit szint\u00e9n meg\u00e1ldott a pl\u00e9b\u00e1nos, hogy a telev\u00edzi\u00f3n kereszt\u00fcl az otthon l\u00e9v\u0151k is l\u00e1thass\u00e1k a szertart\u00e1st.<\/p>\n\n\n\n<ul class=\"wp-block-gallery columns-3 is-cropped wp-block-gallery-3 is-layout-flex wp-block-gallery-is-layout-flex\"><li class=\"blocks-gallery-item\"><figure><img loading=\"lazy\" decoding=\"async\" width=\"1024\" height=\"683\" src=\"https:\/\/marcali.plebania.hu\/wp-content\/uploads\/2019\/07\/21-1-1024x683.jpg\" alt=\"\" data-id=\"1070\" data-link=\"https:\/\/marcali.plebania.hu\/?attachment_id=1070\" class=\"wp-image-1070\" srcset=\"https:\/\/marcali.plebania.hu\/wp-content\/uploads\/2019\/07\/21-1-1024x683.jpg 1024w, https:\/\/marcali.plebania.hu\/wp-content\/uploads\/2019\/07\/21-1-300x200.jpg 300w, https:\/\/marcali.plebania.hu\/wp-content\/uploads\/2019\/07\/21-1-768x512.jpg 768w, https:\/\/marcali.plebania.hu\/wp-content\/uploads\/2019\/07\/21-1-405x270.jpg 405w\" sizes=\"auto, (max-width: 1024px) 100vw, 1024px\" \/><\/figure><\/li><li class=\"blocks-gallery-item\"><figure><img loading=\"lazy\" decoding=\"async\" width=\"1024\" height=\"683\" src=\"https:\/\/marcali.plebania.hu\/wp-content\/uploads\/2019\/07\/22-1-1024x683.jpg\" alt=\"\" data-id=\"1071\" data-link=\"https:\/\/marcali.plebania.hu\/?attachment_id=1071\" class=\"wp-image-1071\" srcset=\"https:\/\/marcali.plebania.hu\/wp-content\/uploads\/2019\/07\/22-1-1024x683.jpg 1024w, https:\/\/marcali.plebania.hu\/wp-content\/uploads\/2019\/07\/22-1-300x200.jpg 300w, https:\/\/marcali.plebania.hu\/wp-content\/uploads\/2019\/07\/22-1-768x512.jpg 768w, https:\/\/marcali.plebania.hu\/wp-content\/uploads\/2019\/07\/22-1-405x270.jpg 405w\" sizes=\"auto, (max-width: 1024px) 100vw, 1024px\" \/><\/figure><\/li><li class=\"blocks-gallery-item\"><figure><img loading=\"lazy\" decoding=\"async\" width=\"1024\" height=\"683\" src=\"https:\/\/marcali.plebania.hu\/wp-content\/uploads\/2019\/07\/28-1024x683.jpg\" alt=\"\" data-id=\"1072\" data-link=\"https:\/\/marcali.plebania.hu\/?attachment_id=1072\" class=\"wp-image-1072\" srcset=\"https:\/\/marcali.plebania.hu\/wp-content\/uploads\/2019\/07\/28-1024x683.jpg 1024w, https:\/\/marcali.plebania.hu\/wp-content\/uploads\/2019\/07\/28-300x200.jpg 300w, https:\/\/marcali.plebania.hu\/wp-content\/uploads\/2019\/07\/28-768x512.jpg 768w, https:\/\/marcali.plebania.hu\/wp-content\/uploads\/2019\/07\/28-405x270.jpg 405w\" sizes=\"auto, (max-width: 1024px) 100vw, 1024px\" \/><\/figure><\/li><li class=\"blocks-gallery-item\"><figure><img loading=\"lazy\" decoding=\"async\" width=\"1024\" height=\"683\" src=\"https:\/\/marcali.plebania.hu\/wp-content\/uploads\/2019\/07\/30-1-1024x683.jpg\" alt=\"\" data-id=\"1073\" data-link=\"https:\/\/marcali.plebania.hu\/?attachment_id=1073\" class=\"wp-image-1073\" srcset=\"https:\/\/marcali.plebania.hu\/wp-content\/uploads\/2019\/07\/30-1-1024x683.jpg 1024w, https:\/\/marcali.plebania.hu\/wp-content\/uploads\/2019\/07\/30-1-300x200.jpg 300w, https:\/\/marcali.plebania.hu\/wp-content\/uploads\/2019\/07\/30-1-768x512.jpg 768w, https:\/\/marcali.plebania.hu\/wp-content\/uploads\/2019\/07\/30-1-405x270.jpg 405w\" sizes=\"auto, (max-width: 1024px) 100vw, 1024px\" \/><\/figure><\/li><\/ul>\n\n\n\n<p>Az aut\u00f3kat\n\u00e9s ker\u00e9kp\u00e1rokat ezut\u00e1n egyes\u00e9vel \u00e1ldotta meg Iv\u00e1n atya, aki a tulajdonosaiknak\nbalesetmentes k\u00f6zleked\u00e9st is k\u00edv\u00e1nt.<\/p>\n","protected":false},"excerpt":{"rendered":"<p>2019. j\u00falius 28-\u00e1n, vas\u00e1rnap a 9 \u00f3r\u00e1s szentmis\u00e9t k\u00f6vet\u0151en \u2013 a kor\u00e1bbi \u00e9vek hagyom\u00e1nyai alapj\u00e1n \u2013 az id\u00e9n is Kiss Iv\u00e1n c. pr\u00e9post, esperes-pl\u00e9b\u00e1nos \u00e1ldotta meg a j\u00e1rm\u0171veket \u00e9s g\u00e9pj\u00e1rm\u0171veket a Gy\u00fcm\u00f6lcsolt\u00f3 Boldogasszony pl\u00e9b\u00e1niatemplom el\u0151tti H\u0151s\u00f6k ter\u00e9n. Szent Krist\u00f3fot hivatalosan j\u00falius 25-\u00e9n \u00fcnneplik ugyan a Katolikus Egyh\u00e1zban, \u00e1m a k\u00f6zleked\u00e9si eszk\u00f6z\u00f6k meg\u00e1ld\u00e1s\u00e1t mindig a k\u00f6vetkez\u0151 vas\u00e1rnapon tartj\u00e1k. Krist\u00f3f az utasok, v\u00e1ndorok, haj\u00f3sok v\u00e9d\u0151szentje, a tizenn\u00e9gy seg\u00edt\u0151 szent egyike, a n\u00e9pies vall\u00e1soss\u00e1g egyik legn\u00e9pszer\u0171bb alakja. A Magyar Aut\u00f3klub Szent Krist\u00f3fr\u00f3l nevezte&#8230;<\/p>\n<p class=\"read-more\"><a class=\"btn btn-default\" href=\"https:\/\/marcali.plebania.hu\/?p=1059\"> Read More<span class=\"screen-reader-text\">  Read More<\/span><\/a><\/p>\n","protected":false},"author":2,"featured_media":0,"comment_status":"closed","ping_status":"open","sticky":false,"template":"","format":"standard","meta":{"footnotes":""},"categories":[1],"tags":[],"class_list":["post-1059","post","type-post","status-publish","format-standard","hentry","category-egyeb"],"_links":{"self":[{"href":"https:\/\/marcali.plebania.hu\/index.php?rest_route=\/wp\/v2\/posts\/1059","targetHints":{"allow":["GET"]}}],"collection":[{"href":"https:\/\/marcali.plebania.hu\/index.php?rest_route=\/wp\/v2\/posts"}],"about":[{"href":"https:\/\/marcali.plebania.hu\/index.php?rest_route=\/wp\/v2\/types\/post"}],"author":[{"embeddable":true,"href":"https:\/\/marcali.plebania.hu\/index.php?rest_route=\/wp\/v2\/users\/2"}],"replies":[{"embeddable":true,"href":"https:\/\/marcali.plebania.hu\/index.php?rest_route=%2Fwp%2Fv2%2Fcomments&post=1059"}],"version-history":[{"count":1,"href":"https:\/\/marcali.plebania.hu\/index.php?rest_route=\/wp\/v2\/posts\/1059\/revisions"}],"predecessor-version":[{"id":1074,"href":"https:\/\/marcali.plebania.hu\/index.php?rest_route=\/wp\/v2\/posts\/1059\/revisions\/1074"}],"wp:attachment":[{"href":"https:\/\/marcali.plebania.hu\/index.php?rest_route=%2Fwp%2Fv2%2Fmedia&parent=1059"}],"wp:term":[{"taxonomy":"category","embeddable":true,"href":"https:\/\/marcali.plebania.hu\/index.php?rest_route=%2Fwp%2Fv2%2Fcategories&post=1059"},{"taxonomy":"post_tag","embeddable":true,"href":"https:\/\/marcali.plebania.hu\/index.php?rest_route=%2Fwp%2Fv2%2Ftags&post=1059"}],"curies":[{"name":"wp","href":"https:\/\/api.w.org\/{rel}","templated":true}]}}