{"id":1075,"date":"2019-08-02T09:30:32","date_gmt":"2019-08-02T09:30:32","guid":{"rendered":"https:\/\/marcali.plebania.hu\/?p=1075"},"modified":"2019-08-06T14:26:58","modified_gmt":"2019-08-06T14:26:58","slug":"hirdetesek-2019-08-04","status":"publish","type":"post","link":"https:\/\/marcali.plebania.hu\/?p=1075","title":{"rendered":"Hirdet\u00e9sek, 2019. 08. 04."},"content":{"rendered":"\n<ol class=\"wp-block-list\"><li>Ma van az \u00e9vk\u00f6zi 18. vas\u00e1rnap.<\/li><li>A 9 \u00f3r\u00e1s szentmise ut\u00e1n f\u00fav\u00f3szenekari hangverseny lesz a pl\u00e9b\u00e1niatemplomban.<\/li><li>Szerd\u00e1n, 18.15-kor a K\u00c9SZ Marcali Csoportja \u00e9ves taggy\u0171l\u00e9s\u00e9t tartja az X-h\u00e1zban (D\u00f3zsa Gy\u00f6rgy utca 3.), melyre h\u00edvja \u00e9s v\u00e1rja a tags\u00e1got.  Napirendi pontok: Jegyz\u0151k\u00f6nyvvezet\u0151 \u00e9s a jegyz\u0151k\u00f6nyv hiteles\u00edt\u0151k megv\u00e1laszt\u00e1sa, besz\u00e1mol\u00f3 az elm\u00falt \u00e9v gazd\u00e1lkod\u00e1s\u00e1r\u00f3l, t\u00e1j\u00e9koztat\u00f3 p\u00e1ly\u00e1zati lehet\u0151s\u00e9gr\u0151l, zar\u00e1ndok\u00fat megbesz\u00e9l\u00e9se, egyebek. <\/li><li>P\u00e9nteken 17.30-kor szents\u00e9gim\u00e1d\u00e1s, 18 \u00f3rakor szentmise.<\/li><\/ol>\n","protected":false},"excerpt":{"rendered":"<p>Ma van az \u00e9vk\u00f6zi 18. vas\u00e1rnap. A 9 \u00f3r\u00e1s szentmise ut\u00e1n f\u00fav\u00f3szenekari hangverseny lesz a pl\u00e9b\u00e1niatemplomban. Szerd\u00e1n, 18.15-kor a K\u00c9SZ Marcali Csoportja \u00e9ves taggy\u0171l\u00e9s\u00e9t tartja az X-h\u00e1zban (D\u00f3zsa Gy\u00f6rgy utca 3.), melyre h\u00edvja \u00e9s v\u00e1rja a tags\u00e1got. Napirendi pontok: Jegyz\u0151k\u00f6nyvvezet\u0151 \u00e9s a jegyz\u0151k\u00f6nyv hiteles\u00edt\u0151k megv\u00e1laszt\u00e1sa, besz\u00e1mol\u00f3 az elm\u00falt \u00e9v gazd\u00e1lkod\u00e1s\u00e1r\u00f3l, t\u00e1j\u00e9koztat\u00f3 p\u00e1ly\u00e1zati lehet\u0151s\u00e9gr\u0151l, zar\u00e1ndok\u00fat megbesz\u00e9l\u00e9se, egyebek. P\u00e9nteken 17.30-kor szents\u00e9gim\u00e1d\u00e1s, 18 \u00f3rakor szentmise.<\/p>\n","protected":false},"author":2,"featured_media":0,"comment_status":"closed","ping_status":"open","sticky":false,"template":"","format":"standard","meta":{"footnotes":""},"categories":[1],"tags":[],"class_list":["post-1075","post","type-post","status-publish","format-standard","hentry","category-egyeb"],"_links":{"self":[{"href":"https:\/\/marcali.plebania.hu\/index.php?rest_route=\/wp\/v2\/posts\/1075","targetHints":{"allow":["GET"]}}],"collection":[{"href":"https:\/\/marcali.plebania.hu\/index.php?rest_route=\/wp\/v2\/posts"}],"about":[{"href":"https:\/\/marcali.plebania.hu\/index.php?rest_route=\/wp\/v2\/types\/post"}],"author":[{"embeddable":true,"href":"https:\/\/marcali.plebania.hu\/index.php?rest_route=\/wp\/v2\/users\/2"}],"replies":[{"embeddable":true,"href":"https:\/\/marcali.plebania.hu\/index.php?rest_route=%2Fwp%2Fv2%2Fcomments&post=1075"}],"version-history":[{"count":3,"href":"https:\/\/marcali.plebania.hu\/index.php?rest_route=\/wp\/v2\/posts\/1075\/revisions"}],"predecessor-version":[{"id":1078,"href":"https:\/\/marcali.plebania.hu\/index.php?rest_route=\/wp\/v2\/posts\/1075\/revisions\/1078"}],"wp:attachment":[{"href":"https:\/\/marcali.plebania.hu\/index.php?rest_route=%2Fwp%2Fv2%2Fmedia&parent=1075"}],"wp:term":[{"taxonomy":"category","embeddable":true,"href":"https:\/\/marcali.plebania.hu\/index.php?rest_route=%2Fwp%2Fv2%2Fcategories&post=1075"},{"taxonomy":"post_tag","embeddable":true,"href":"https:\/\/marcali.plebania.hu\/index.php?rest_route=%2Fwp%2Fv2%2Ftags&post=1075"}],"curies":[{"name":"wp","href":"https:\/\/api.w.org\/{rel}","templated":true}]}}