{"id":1079,"date":"2019-08-09T08:09:17","date_gmt":"2019-08-09T08:09:17","guid":{"rendered":"https:\/\/marcali.plebania.hu\/?p=1079"},"modified":"2019-08-09T08:09:17","modified_gmt":"2019-08-09T08:09:17","slug":"hirdetesek-2019-08-11","status":"publish","type":"post","link":"https:\/\/marcali.plebania.hu\/?p=1079","title":{"rendered":"Hirdet\u00e9sek, 2019. 08. 11."},"content":{"rendered":"\n<ol class=\"wp-block-list\"><li>Ma\nvan az \u00e9vk\u00f6zi 19. vas\u00e1rnap.<\/li><li>A\nh\u00e9ten, cs\u00fct\u00f6rt\u00f6k\u00f6n lesz Nagyboldogasszony \u00fcnnepe, mely parancsolt \u00fcnnep.\nMiserend: szerda este 18 \u00f3rakor el\u0151esti szentmise, cs\u00fct\u00f6rt\u00f6k\u00f6n 9 \u00f3rakor a\npl\u00e9b\u00e1niatemplomban, 18 \u00f3rakor a B. Gizella templomban.<\/li><li>A\nfatimai engesztel\u00e9st 14-\u00e9n, szerd\u00e1n a Nagyboldogasszony el\u0151esti szentmise\nel\u0151tt, 17 \u00f3rakor tartjuk.<\/li><\/ol>\n","protected":false},"excerpt":{"rendered":"<p>Ma van az \u00e9vk\u00f6zi 19. vas\u00e1rnap. A h\u00e9ten, cs\u00fct\u00f6rt\u00f6k\u00f6n lesz Nagyboldogasszony \u00fcnnepe, mely parancsolt \u00fcnnep. Miserend: szerda este 18 \u00f3rakor el\u0151esti szentmise, cs\u00fct\u00f6rt\u00f6k\u00f6n 9 \u00f3rakor a pl\u00e9b\u00e1niatemplomban, 18 \u00f3rakor a B. Gizella templomban. A fatimai engesztel\u00e9st 14-\u00e9n, szerd\u00e1n a Nagyboldogasszony el\u0151esti szentmise el\u0151tt, 17 \u00f3rakor tartjuk.<\/p>\n","protected":false},"author":2,"featured_media":0,"comment_status":"closed","ping_status":"open","sticky":false,"template":"","format":"standard","meta":{"footnotes":""},"categories":[1],"tags":[],"class_list":["post-1079","post","type-post","status-publish","format-standard","hentry","category-egyeb"],"_links":{"self":[{"href":"https:\/\/marcali.plebania.hu\/index.php?rest_route=\/wp\/v2\/posts\/1079","targetHints":{"allow":["GET"]}}],"collection":[{"href":"https:\/\/marcali.plebania.hu\/index.php?rest_route=\/wp\/v2\/posts"}],"about":[{"href":"https:\/\/marcali.plebania.hu\/index.php?rest_route=\/wp\/v2\/types\/post"}],"author":[{"embeddable":true,"href":"https:\/\/marcali.plebania.hu\/index.php?rest_route=\/wp\/v2\/users\/2"}],"replies":[{"embeddable":true,"href":"https:\/\/marcali.plebania.hu\/index.php?rest_route=%2Fwp%2Fv2%2Fcomments&post=1079"}],"version-history":[{"count":1,"href":"https:\/\/marcali.plebania.hu\/index.php?rest_route=\/wp\/v2\/posts\/1079\/revisions"}],"predecessor-version":[{"id":1080,"href":"https:\/\/marcali.plebania.hu\/index.php?rest_route=\/wp\/v2\/posts\/1079\/revisions\/1080"}],"wp:attachment":[{"href":"https:\/\/marcali.plebania.hu\/index.php?rest_route=%2Fwp%2Fv2%2Fmedia&parent=1079"}],"wp:term":[{"taxonomy":"category","embeddable":true,"href":"https:\/\/marcali.plebania.hu\/index.php?rest_route=%2Fwp%2Fv2%2Fcategories&post=1079"},{"taxonomy":"post_tag","embeddable":true,"href":"https:\/\/marcali.plebania.hu\/index.php?rest_route=%2Fwp%2Fv2%2Ftags&post=1079"}],"curies":[{"name":"wp","href":"https:\/\/api.w.org\/{rel}","templated":true}]}}