{"id":1081,"date":"2019-08-16T09:51:23","date_gmt":"2019-08-16T09:51:23","guid":{"rendered":"https:\/\/marcali.plebania.hu\/?p=1081"},"modified":"2019-08-16T09:51:23","modified_gmt":"2019-08-16T09:51:23","slug":"hirdetesek-2019-08-18","status":"publish","type":"post","link":"https:\/\/marcali.plebania.hu\/?p=1081","title":{"rendered":"Hirdet\u00e9sek, 2019. 08. 18."},"content":{"rendered":"\n<ol class=\"wp-block-list\"><li>Ma van az \u00e9vk\u00f6zi 20. vas\u00e1rnap.<\/li><li>Kedden, Szent Istv\u00e1n kir\u00e1ly, Magyarorsz\u00e1g f\u0151v\u00e9d\u0151szentj\u00e9nek \u00fcnnepe. A v\u00e1ros \u00fcnnepi szentmis\u00e9je 9 \u00f3rakor a pl\u00e9b\u00e1niatemplomban kezd\u0151dik, majd a szentmise ut\u00e1n az \u00faj keny\u00e9r meg\u00e1ld\u00e1sa. K\u00f6sz\u00f6net a K\u00e9thelyi Gazdak\u00f6rnek, akik a Magyarok Kenyer\u00e9b\u0151l nek\u00fcnk is juttattak, melyet az \u00fcnneps\u00e9g ut\u00e1n a h\u00edveinknek is sz\u00e9tosztunk.<\/li><li>P\u00e9nteken 17.30-kor szents\u00e9gim\u00e1d\u00e1s a pl\u00e9b\u00e1niatemplomban.<\/li><\/ol>\n","protected":false},"excerpt":{"rendered":"<p>Ma van az \u00e9vk\u00f6zi 20. vas\u00e1rnap. Kedden, Szent Istv\u00e1n kir\u00e1ly, Magyarorsz\u00e1g f\u0151v\u00e9d\u0151szentj\u00e9nek \u00fcnnepe. A v\u00e1ros \u00fcnnepi szentmis\u00e9je 9 \u00f3rakor a pl\u00e9b\u00e1niatemplomban kezd\u0151dik, majd a szentmise ut\u00e1n az \u00faj keny\u00e9r meg\u00e1ld\u00e1sa. K\u00f6sz\u00f6net a K\u00e9thelyi Gazdak\u00f6rnek, akik a Magyarok Kenyer\u00e9b\u0151l nek\u00fcnk is juttattak, melyet az \u00fcnneps\u00e9g ut\u00e1n a h\u00edveinknek is sz\u00e9tosztunk. P\u00e9nteken 17.30-kor szents\u00e9gim\u00e1d\u00e1s a pl\u00e9b\u00e1niatemplomban.<\/p>\n","protected":false},"author":2,"featured_media":0,"comment_status":"closed","ping_status":"open","sticky":false,"template":"","format":"standard","meta":{"footnotes":""},"categories":[1],"tags":[],"class_list":["post-1081","post","type-post","status-publish","format-standard","hentry","category-egyeb"],"_links":{"self":[{"href":"https:\/\/marcali.plebania.hu\/index.php?rest_route=\/wp\/v2\/posts\/1081","targetHints":{"allow":["GET"]}}],"collection":[{"href":"https:\/\/marcali.plebania.hu\/index.php?rest_route=\/wp\/v2\/posts"}],"about":[{"href":"https:\/\/marcali.plebania.hu\/index.php?rest_route=\/wp\/v2\/types\/post"}],"author":[{"embeddable":true,"href":"https:\/\/marcali.plebania.hu\/index.php?rest_route=\/wp\/v2\/users\/2"}],"replies":[{"embeddable":true,"href":"https:\/\/marcali.plebania.hu\/index.php?rest_route=%2Fwp%2Fv2%2Fcomments&post=1081"}],"version-history":[{"count":1,"href":"https:\/\/marcali.plebania.hu\/index.php?rest_route=\/wp\/v2\/posts\/1081\/revisions"}],"predecessor-version":[{"id":1082,"href":"https:\/\/marcali.plebania.hu\/index.php?rest_route=\/wp\/v2\/posts\/1081\/revisions\/1082"}],"wp:attachment":[{"href":"https:\/\/marcali.plebania.hu\/index.php?rest_route=%2Fwp%2Fv2%2Fmedia&parent=1081"}],"wp:term":[{"taxonomy":"category","embeddable":true,"href":"https:\/\/marcali.plebania.hu\/index.php?rest_route=%2Fwp%2Fv2%2Fcategories&post=1081"},{"taxonomy":"post_tag","embeddable":true,"href":"https:\/\/marcali.plebania.hu\/index.php?rest_route=%2Fwp%2Fv2%2Ftags&post=1081"}],"curies":[{"name":"wp","href":"https:\/\/api.w.org\/{rel}","templated":true}]}}