{"id":1083,"date":"2019-08-21T15:11:01","date_gmt":"2019-08-21T15:11:01","guid":{"rendered":"https:\/\/marcali.plebania.hu\/?p=1083"},"modified":"2019-08-21T15:11:01","modified_gmt":"2019-08-21T15:11:01","slug":"szent-istvan-napja-marcaliban","status":"publish","type":"post","link":"https:\/\/marcali.plebania.hu\/?p=1083","title":{"rendered":"Szent Istv\u00e1n napja Marcaliban"},"content":{"rendered":"\n<p>2019. augusztus 20-\u00e1n, kedden 9 \u00f3rakor szentmis\u00e9vel vette kezdet\u00e9t a Szent Istv\u00e1n napi \u00fcnneps\u00e9gsorozat a Gy\u00fcm\u00f6lcsolt\u00f3 Boldogasszony pl\u00e9b\u00e1niatemplomban.<\/p>\n\n\n\n<ul class=\"wp-block-gallery columns-3 is-cropped wp-block-gallery-1 is-layout-flex wp-block-gallery-is-layout-flex\"><li class=\"blocks-gallery-item\"><figure><img loading=\"lazy\" decoding=\"async\" width=\"1024\" height=\"683\" src=\"https:\/\/marcali.plebania.hu\/wp-content\/uploads\/2019\/08\/01-1024x683.jpg\" alt=\"\" data-id=\"1084\" data-link=\"https:\/\/marcali.plebania.hu\/?attachment_id=1084\" class=\"wp-image-1084\" srcset=\"https:\/\/marcali.plebania.hu\/wp-content\/uploads\/2019\/08\/01-1024x683.jpg 1024w, https:\/\/marcali.plebania.hu\/wp-content\/uploads\/2019\/08\/01-300x200.jpg 300w, https:\/\/marcali.plebania.hu\/wp-content\/uploads\/2019\/08\/01-768x512.jpg 768w, https:\/\/marcali.plebania.hu\/wp-content\/uploads\/2019\/08\/01-405x270.jpg 405w\" sizes=\"auto, (max-width: 1024px) 100vw, 1024px\" \/><\/figure><\/li><li class=\"blocks-gallery-item\"><figure><img loading=\"lazy\" decoding=\"async\" width=\"1024\" height=\"683\" src=\"https:\/\/marcali.plebania.hu\/wp-content\/uploads\/2019\/08\/06-1024x683.jpg\" alt=\"\" data-id=\"1085\" data-link=\"https:\/\/marcali.plebania.hu\/?attachment_id=1085\" class=\"wp-image-1085\" srcset=\"https:\/\/marcali.plebania.hu\/wp-content\/uploads\/2019\/08\/06-1024x683.jpg 1024w, https:\/\/marcali.plebania.hu\/wp-content\/uploads\/2019\/08\/06-300x200.jpg 300w, https:\/\/marcali.plebania.hu\/wp-content\/uploads\/2019\/08\/06-768x512.jpg 768w, https:\/\/marcali.plebania.hu\/wp-content\/uploads\/2019\/08\/06-405x270.jpg 405w\" sizes=\"auto, (max-width: 1024px) 100vw, 1024px\" \/><\/figure><\/li><li class=\"blocks-gallery-item\"><figure><img loading=\"lazy\" decoding=\"async\" width=\"1024\" height=\"683\" src=\"https:\/\/marcali.plebania.hu\/wp-content\/uploads\/2019\/08\/07-1024x683.jpg\" alt=\"\" data-id=\"1086\" data-link=\"https:\/\/marcali.plebania.hu\/?attachment_id=1086\" class=\"wp-image-1086\" srcset=\"https:\/\/marcali.plebania.hu\/wp-content\/uploads\/2019\/08\/07-1024x683.jpg 1024w, https:\/\/marcali.plebania.hu\/wp-content\/uploads\/2019\/08\/07-300x200.jpg 300w, https:\/\/marcali.plebania.hu\/wp-content\/uploads\/2019\/08\/07-768x512.jpg 768w, https:\/\/marcali.plebania.hu\/wp-content\/uploads\/2019\/08\/07-405x270.jpg 405w\" sizes=\"auto, (max-width: 1024px) 100vw, 1024px\" \/><\/figure><\/li><li class=\"blocks-gallery-item\"><figure><img loading=\"lazy\" decoding=\"async\" width=\"1024\" height=\"683\" src=\"https:\/\/marcali.plebania.hu\/wp-content\/uploads\/2019\/08\/11-1024x683.jpg\" alt=\"\" data-id=\"1087\" data-link=\"https:\/\/marcali.plebania.hu\/?attachment_id=1087\" class=\"wp-image-1087\" srcset=\"https:\/\/marcali.plebania.hu\/wp-content\/uploads\/2019\/08\/11-1024x683.jpg 1024w, https:\/\/marcali.plebania.hu\/wp-content\/uploads\/2019\/08\/11-300x200.jpg 300w, https:\/\/marcali.plebania.hu\/wp-content\/uploads\/2019\/08\/11-768x512.jpg 768w, https:\/\/marcali.plebania.hu\/wp-content\/uploads\/2019\/08\/11-405x270.jpg 405w\" sizes=\"auto, (max-width: 1024px) 100vw, 1024px\" \/><\/figure><\/li><\/ul>\n\n\n\n<p>Az \u00fcnnepi istentiszteletet Kiss Iv\u00e1n c. pr\u00e9post, esperes-pl\u00e9b\u00e1nos celebr\u00e1lta, aki szentbesz\u00e9d\u00e9ben az \u00e1llamalap\u00edt\u00f3 kir\u00e1lyunk szem\u00e9lyis\u00e9g\u00e9t, a hittel val\u00f3 kapcsolat\u00e1t \u00e9s t\u00f6rt\u00e9nelmin szerep\u00e9t m\u00e9ltatta. A mis\u00e9n k\u00f6zrem\u0171k\u00f6d\u00f6tt a F\u00e9ny Gyermekei Zenekar, valamint Balogh B\u00e1lint k\u00e1ntor \u00e9s J\u00e1ki Zolt\u00e1n, akik Marco Frisina: Anima Christi c\u00edm\u0171 m\u0171v\u00e9t adt\u00e1k el\u0151 orgona \u00e9s heged\u0171 k\u00eds\u00e9rettel.<\/p>\n\n\n\n<ul class=\"wp-block-gallery columns-3 is-cropped wp-block-gallery-2 is-layout-flex wp-block-gallery-is-layout-flex\"><li class=\"blocks-gallery-item\"><figure><img loading=\"lazy\" decoding=\"async\" width=\"1024\" height=\"683\" src=\"https:\/\/marcali.plebania.hu\/wp-content\/uploads\/2019\/08\/20-1024x683.jpg\" alt=\"\" data-id=\"1089\" data-link=\"https:\/\/marcali.plebania.hu\/?attachment_id=1089\" class=\"wp-image-1089\" srcset=\"https:\/\/marcali.plebania.hu\/wp-content\/uploads\/2019\/08\/20-1024x683.jpg 1024w, https:\/\/marcali.plebania.hu\/wp-content\/uploads\/2019\/08\/20-300x200.jpg 300w, https:\/\/marcali.plebania.hu\/wp-content\/uploads\/2019\/08\/20-768x512.jpg 768w, https:\/\/marcali.plebania.hu\/wp-content\/uploads\/2019\/08\/20-405x270.jpg 405w\" sizes=\"auto, (max-width: 1024px) 100vw, 1024px\" \/><\/figure><\/li><li class=\"blocks-gallery-item\"><figure><img loading=\"lazy\" decoding=\"async\" width=\"1024\" height=\"683\" src=\"https:\/\/marcali.plebania.hu\/wp-content\/uploads\/2019\/08\/21-1024x683.jpg\" alt=\"\" data-id=\"1090\" data-link=\"https:\/\/marcali.plebania.hu\/?attachment_id=1090\" class=\"wp-image-1090\" srcset=\"https:\/\/marcali.plebania.hu\/wp-content\/uploads\/2019\/08\/21-1024x683.jpg 1024w, https:\/\/marcali.plebania.hu\/wp-content\/uploads\/2019\/08\/21-300x200.jpg 300w, https:\/\/marcali.plebania.hu\/wp-content\/uploads\/2019\/08\/21-768x512.jpg 768w, https:\/\/marcali.plebania.hu\/wp-content\/uploads\/2019\/08\/21-405x270.jpg 405w\" sizes=\"auto, (max-width: 1024px) 100vw, 1024px\" \/><\/figure><\/li><li class=\"blocks-gallery-item\"><figure><img loading=\"lazy\" decoding=\"async\" width=\"1024\" height=\"683\" src=\"https:\/\/marcali.plebania.hu\/wp-content\/uploads\/2019\/08\/24-1024x683.jpg\" alt=\"\" data-id=\"1091\" data-link=\"https:\/\/marcali.plebania.hu\/?attachment_id=1091\" class=\"wp-image-1091\" srcset=\"https:\/\/marcali.plebania.hu\/wp-content\/uploads\/2019\/08\/24-1024x683.jpg 1024w, https:\/\/marcali.plebania.hu\/wp-content\/uploads\/2019\/08\/24-300x200.jpg 300w, https:\/\/marcali.plebania.hu\/wp-content\/uploads\/2019\/08\/24-768x512.jpg 768w, https:\/\/marcali.plebania.hu\/wp-content\/uploads\/2019\/08\/24-405x270.jpg 405w\" sizes=\"auto, (max-width: 1024px) 100vw, 1024px\" \/><\/figure><\/li><li class=\"blocks-gallery-item\"><figure><img loading=\"lazy\" decoding=\"async\" width=\"1024\" height=\"683\" src=\"https:\/\/marcali.plebania.hu\/wp-content\/uploads\/2019\/08\/17-1-1024x683.jpg\" alt=\"\" data-id=\"1092\" data-link=\"https:\/\/marcali.plebania.hu\/?attachment_id=1092\" class=\"wp-image-1092\" srcset=\"https:\/\/marcali.plebania.hu\/wp-content\/uploads\/2019\/08\/17-1-1024x683.jpg 1024w, https:\/\/marcali.plebania.hu\/wp-content\/uploads\/2019\/08\/17-1-300x200.jpg 300w, https:\/\/marcali.plebania.hu\/wp-content\/uploads\/2019\/08\/17-1-768x512.jpg 768w, https:\/\/marcali.plebania.hu\/wp-content\/uploads\/2019\/08\/17-1-405x270.jpg 405w\" sizes=\"auto, (max-width: 1024px) 100vw, 1024px\" \/><\/figure><\/li><\/ul>\n\n\n\n<p>Majd a Himnuszt k\u00f6vet\u0151en T\u00f3th Eszter \u00c1gnes tolm\u00e1csol\u00e1s\u00e1ban hangzott el T\u0171z Tam\u00e1s: Szent Istv\u00e1n kir\u00e1ly c\u00edm\u0171 verse. Ezut\u00e1n Iv\u00e1n atya meg\u00e1ldotta az \u00faj kenyeret, melyhez a b\u00faz\u00e1t a K\u00e9thelyi Gazdak\u00f6r\u00f6k adt\u00e1k a Magyarok Kenyer\u00e9b\u0151l, illet\u0151leg a Tak\u00e1cs P\u00e9ks\u00e9g s\u00fct\u00f6tt meg.<\/p>\n\n\n\n<ul class=\"wp-block-gallery columns-3 is-cropped wp-block-gallery-3 is-layout-flex wp-block-gallery-is-layout-flex\"><li class=\"blocks-gallery-item\"><figure><img loading=\"lazy\" decoding=\"async\" width=\"1024\" height=\"683\" src=\"https:\/\/marcali.plebania.hu\/wp-content\/uploads\/2019\/08\/25-1024x683.jpg\" alt=\"\" data-id=\"1093\" data-link=\"https:\/\/marcali.plebania.hu\/?attachment_id=1093\" class=\"wp-image-1093\" srcset=\"https:\/\/marcali.plebania.hu\/wp-content\/uploads\/2019\/08\/25-1024x683.jpg 1024w, https:\/\/marcali.plebania.hu\/wp-content\/uploads\/2019\/08\/25-300x200.jpg 300w, https:\/\/marcali.plebania.hu\/wp-content\/uploads\/2019\/08\/25-768x512.jpg 768w, https:\/\/marcali.plebania.hu\/wp-content\/uploads\/2019\/08\/25-405x270.jpg 405w\" sizes=\"auto, (max-width: 1024px) 100vw, 1024px\" \/><\/figure><\/li><li class=\"blocks-gallery-item\"><figure><img loading=\"lazy\" decoding=\"async\" width=\"1024\" height=\"683\" src=\"https:\/\/marcali.plebania.hu\/wp-content\/uploads\/2019\/08\/28-1024x683.jpg\" alt=\"\" data-id=\"1094\" data-link=\"https:\/\/marcali.plebania.hu\/?attachment_id=1094\" class=\"wp-image-1094\" srcset=\"https:\/\/marcali.plebania.hu\/wp-content\/uploads\/2019\/08\/28-1024x683.jpg 1024w, https:\/\/marcali.plebania.hu\/wp-content\/uploads\/2019\/08\/28-300x200.jpg 300w, https:\/\/marcali.plebania.hu\/wp-content\/uploads\/2019\/08\/28-768x512.jpg 768w, https:\/\/marcali.plebania.hu\/wp-content\/uploads\/2019\/08\/28-405x270.jpg 405w\" sizes=\"auto, (max-width: 1024px) 100vw, 1024px\" \/><\/figure><\/li><li class=\"blocks-gallery-item\"><figure><img loading=\"lazy\" decoding=\"async\" width=\"1024\" height=\"683\" src=\"https:\/\/marcali.plebania.hu\/wp-content\/uploads\/2019\/08\/31-1024x683.jpg\" alt=\"\" data-id=\"1095\" data-link=\"https:\/\/marcali.plebania.hu\/?attachment_id=1095\" class=\"wp-image-1095\" srcset=\"https:\/\/marcali.plebania.hu\/wp-content\/uploads\/2019\/08\/31-1024x683.jpg 1024w, https:\/\/marcali.plebania.hu\/wp-content\/uploads\/2019\/08\/31-300x200.jpg 300w, https:\/\/marcali.plebania.hu\/wp-content\/uploads\/2019\/08\/31-768x512.jpg 768w, https:\/\/marcali.plebania.hu\/wp-content\/uploads\/2019\/08\/31-405x270.jpg 405w\" sizes=\"auto, (max-width: 1024px) 100vw, 1024px\" \/><\/figure><\/li><li class=\"blocks-gallery-item\"><figure><img loading=\"lazy\" decoding=\"async\" width=\"1024\" height=\"683\" src=\"https:\/\/marcali.plebania.hu\/wp-content\/uploads\/2019\/08\/34-1024x683.jpg\" alt=\"\" data-id=\"1096\" data-link=\"https:\/\/marcali.plebania.hu\/?attachment_id=1096\" class=\"wp-image-1096\" srcset=\"https:\/\/marcali.plebania.hu\/wp-content\/uploads\/2019\/08\/34-1024x683.jpg 1024w, https:\/\/marcali.plebania.hu\/wp-content\/uploads\/2019\/08\/34-300x200.jpg 300w, https:\/\/marcali.plebania.hu\/wp-content\/uploads\/2019\/08\/34-768x512.jpg 768w, https:\/\/marcali.plebania.hu\/wp-content\/uploads\/2019\/08\/34-405x270.jpg 405w\" sizes=\"auto, (max-width: 1024px) 100vw, 1024px\" \/><\/figure><\/li><\/ul>\n\n\n\n<p>A szertart\u00e1st k\u00f6vet\u0151en dr. S\u00fct\u0151 L\u00e1szl\u00f3 Marcali v\u00e1ros polg\u00e1rmestere megszegte \u00e9s kiosztotta az \u00faj kenyeret a jelenl\u00e9v\u0151knek. A templom el\u0151tt pedig az egyh\u00e1zk\u00f6zs\u00e9g fiataljai tov\u00e1bb k\u00edn\u00e1lt\u00e1k az \u00fcnneps\u00e9g r\u00e9sztvev\u0151inek a szeletelt kenyereket.<\/p>\n\n\n\n<ul class=\"wp-block-gallery columns-1 is-cropped wp-block-gallery-4 is-layout-flex wp-block-gallery-is-layout-flex\"><li class=\"blocks-gallery-item\"><figure><img loading=\"lazy\" decoding=\"async\" width=\"1024\" height=\"683\" src=\"https:\/\/marcali.plebania.hu\/wp-content\/uploads\/2019\/08\/36-1024x683.jpg\" alt=\"\" data-id=\"1097\" data-link=\"https:\/\/marcali.plebania.hu\/?attachment_id=1097\" class=\"wp-image-1097\" srcset=\"https:\/\/marcali.plebania.hu\/wp-content\/uploads\/2019\/08\/36-1024x683.jpg 1024w, https:\/\/marcali.plebania.hu\/wp-content\/uploads\/2019\/08\/36-300x200.jpg 300w, https:\/\/marcali.plebania.hu\/wp-content\/uploads\/2019\/08\/36-768x512.jpg 768w, https:\/\/marcali.plebania.hu\/wp-content\/uploads\/2019\/08\/36-405x270.jpg 405w\" sizes=\"auto, (max-width: 1024px) 100vw, 1024px\" \/><\/figure><\/li><\/ul>\n","protected":false},"excerpt":{"rendered":"<p>2019. augusztus 20-\u00e1n, kedden 9 \u00f3rakor szentmis\u00e9vel vette kezdet\u00e9t a Szent Istv\u00e1n napi \u00fcnneps\u00e9gsorozat a Gy\u00fcm\u00f6lcsolt\u00f3 Boldogasszony pl\u00e9b\u00e1niatemplomban. Az \u00fcnnepi istentiszteletet Kiss Iv\u00e1n c. pr\u00e9post, esperes-pl\u00e9b\u00e1nos celebr\u00e1lta, aki szentbesz\u00e9d\u00e9ben az \u00e1llamalap\u00edt\u00f3 kir\u00e1lyunk szem\u00e9lyis\u00e9g\u00e9t, a hittel val\u00f3 kapcsolat\u00e1t \u00e9s t\u00f6rt\u00e9nelmin szerep\u00e9t m\u00e9ltatta. A mis\u00e9n k\u00f6zrem\u0171k\u00f6d\u00f6tt a F\u00e9ny Gyermekei Zenekar, valamint Balogh B\u00e1lint k\u00e1ntor \u00e9s J\u00e1ki Zolt\u00e1n, akik Marco Frisina: Anima Christi c\u00edm\u0171 m\u0171v\u00e9t adt\u00e1k el\u0151 orgona \u00e9s heged\u0171 k\u00eds\u00e9rettel. Majd a Himnuszt k\u00f6vet\u0151en T\u00f3th Eszter \u00c1gnes tolm\u00e1csol\u00e1s\u00e1ban hangzott el T\u0171z Tam\u00e1s:&#8230;<\/p>\n<p class=\"read-more\"><a class=\"btn btn-default\" href=\"https:\/\/marcali.plebania.hu\/?p=1083\"> Read More<span class=\"screen-reader-text\">  Read More<\/span><\/a><\/p>\n","protected":false},"author":2,"featured_media":0,"comment_status":"closed","ping_status":"open","sticky":false,"template":"","format":"standard","meta":{"footnotes":""},"categories":[1],"tags":[],"class_list":["post-1083","post","type-post","status-publish","format-standard","hentry","category-egyeb"],"_links":{"self":[{"href":"https:\/\/marcali.plebania.hu\/index.php?rest_route=\/wp\/v2\/posts\/1083","targetHints":{"allow":["GET"]}}],"collection":[{"href":"https:\/\/marcali.plebania.hu\/index.php?rest_route=\/wp\/v2\/posts"}],"about":[{"href":"https:\/\/marcali.plebania.hu\/index.php?rest_route=\/wp\/v2\/types\/post"}],"author":[{"embeddable":true,"href":"https:\/\/marcali.plebania.hu\/index.php?rest_route=\/wp\/v2\/users\/2"}],"replies":[{"embeddable":true,"href":"https:\/\/marcali.plebania.hu\/index.php?rest_route=%2Fwp%2Fv2%2Fcomments&post=1083"}],"version-history":[{"count":1,"href":"https:\/\/marcali.plebania.hu\/index.php?rest_route=\/wp\/v2\/posts\/1083\/revisions"}],"predecessor-version":[{"id":1098,"href":"https:\/\/marcali.plebania.hu\/index.php?rest_route=\/wp\/v2\/posts\/1083\/revisions\/1098"}],"wp:attachment":[{"href":"https:\/\/marcali.plebania.hu\/index.php?rest_route=%2Fwp%2Fv2%2Fmedia&parent=1083"}],"wp:term":[{"taxonomy":"category","embeddable":true,"href":"https:\/\/marcali.plebania.hu\/index.php?rest_route=%2Fwp%2Fv2%2Fcategories&post=1083"},{"taxonomy":"post_tag","embeddable":true,"href":"https:\/\/marcali.plebania.hu\/index.php?rest_route=%2Fwp%2Fv2%2Ftags&post=1083"}],"curies":[{"name":"wp","href":"https:\/\/api.w.org\/{rel}","templated":true}]}}