{"id":1099,"date":"2019-08-21T15:21:21","date_gmt":"2019-08-21T15:21:21","guid":{"rendered":"https:\/\/marcali.plebania.hu\/?p=1099"},"modified":"2019-08-21T15:21:21","modified_gmt":"2019-08-21T15:21:21","slug":"emlekmu-megaldassal-az-allamalapito-szent-istvant-unnepeltek-az-iparoshazban","status":"publish","type":"post","link":"https:\/\/marcali.plebania.hu\/?p=1099","title":{"rendered":"Eml\u00e9km\u0171 meg\u00e1ld\u00e1ssal az \u00e1llamalap\u00edt\u00f3 Szent Istv\u00e1nt \u00fcnnepelt\u00e9k az Iparosh\u00e1zban"},"content":{"rendered":"\n<p>Szent Istv\u00e1n kir\u00e1ly \u00fcnnep\u00e9n, 2019. augusztus 20-\u00e1n, kedden 18 \u00f3rakor a Marcali \u00e9s K\u00f6rny\u00e9ke Hagyom\u00e1ny\u0151rz\u0151 Ipartest\u00fclet sz\u00e9kh\u00e1z\u00e1n\u00e1l is megeml\u00e9kez\u00e9st tartottak az \u00e1llamalap\u00edt\u00e1s alkalm\u00e1b\u00f3l.<\/p>\n\n\n\n<ul class=\"wp-block-gallery columns-3 is-cropped wp-block-gallery-1 is-layout-flex wp-block-gallery-is-layout-flex\"><li class=\"blocks-gallery-item\"><figure><img loading=\"lazy\" decoding=\"async\" width=\"1024\" height=\"683\" src=\"https:\/\/marcali.plebania.hu\/wp-content\/uploads\/2019\/08\/13-1024x683.jpg\" alt=\"\" data-id=\"1102\" data-link=\"https:\/\/marcali.plebania.hu\/?attachment_id=1102\" class=\"wp-image-1102\" srcset=\"https:\/\/marcali.plebania.hu\/wp-content\/uploads\/2019\/08\/13-1024x683.jpg 1024w, https:\/\/marcali.plebania.hu\/wp-content\/uploads\/2019\/08\/13-300x200.jpg 300w, https:\/\/marcali.plebania.hu\/wp-content\/uploads\/2019\/08\/13-768x512.jpg 768w, https:\/\/marcali.plebania.hu\/wp-content\/uploads\/2019\/08\/13-405x270.jpg 405w\" sizes=\"auto, (max-width: 1024px) 100vw, 1024px\" \/><\/figure><\/li><li class=\"blocks-gallery-item\"><figure><img loading=\"lazy\" decoding=\"async\" width=\"1024\" height=\"683\" src=\"https:\/\/marcali.plebania.hu\/wp-content\/uploads\/2019\/08\/08-1024x683.jpg\" alt=\"\" data-id=\"1103\" data-link=\"https:\/\/marcali.plebania.hu\/?attachment_id=1103\" class=\"wp-image-1103\" srcset=\"https:\/\/marcali.plebania.hu\/wp-content\/uploads\/2019\/08\/08-1024x683.jpg 1024w, https:\/\/marcali.plebania.hu\/wp-content\/uploads\/2019\/08\/08-300x200.jpg 300w, https:\/\/marcali.plebania.hu\/wp-content\/uploads\/2019\/08\/08-768x512.jpg 768w, https:\/\/marcali.plebania.hu\/wp-content\/uploads\/2019\/08\/08-405x270.jpg 405w\" sizes=\"auto, (max-width: 1024px) 100vw, 1024px\" \/><\/figure><\/li><li class=\"blocks-gallery-item\"><figure><img loading=\"lazy\" decoding=\"async\" width=\"1024\" height=\"683\" src=\"https:\/\/marcali.plebania.hu\/wp-content\/uploads\/2019\/08\/05-1-1024x683.jpg\" alt=\"\" data-id=\"1104\" data-link=\"https:\/\/marcali.plebania.hu\/?attachment_id=1104\" class=\"wp-image-1104\" srcset=\"https:\/\/marcali.plebania.hu\/wp-content\/uploads\/2019\/08\/05-1-1024x683.jpg 1024w, https:\/\/marcali.plebania.hu\/wp-content\/uploads\/2019\/08\/05-1-300x200.jpg 300w, https:\/\/marcali.plebania.hu\/wp-content\/uploads\/2019\/08\/05-1-768x512.jpg 768w, https:\/\/marcali.plebania.hu\/wp-content\/uploads\/2019\/08\/05-1-405x270.jpg 405w\" sizes=\"auto, (max-width: 1024px) 100vw, 1024px\" \/><\/figure><\/li><li class=\"blocks-gallery-item\"><figure><img loading=\"lazy\" decoding=\"async\" width=\"1024\" height=\"683\" src=\"https:\/\/marcali.plebania.hu\/wp-content\/uploads\/2019\/08\/04-1-1024x683.jpg\" alt=\"\" data-id=\"1105\" data-link=\"https:\/\/marcali.plebania.hu\/?attachment_id=1105\" class=\"wp-image-1105\" srcset=\"https:\/\/marcali.plebania.hu\/wp-content\/uploads\/2019\/08\/04-1-1024x683.jpg 1024w, https:\/\/marcali.plebania.hu\/wp-content\/uploads\/2019\/08\/04-1-300x200.jpg 300w, https:\/\/marcali.plebania.hu\/wp-content\/uploads\/2019\/08\/04-1-768x512.jpg 768w, https:\/\/marcali.plebania.hu\/wp-content\/uploads\/2019\/08\/04-1-405x270.jpg 405w\" sizes=\"auto, (max-width: 1024px) 100vw, 1024px\" \/><\/figure><\/li><\/ul>\n\n\n\n<p>A Himnusz el\u00e9nekl\u00e9se ut\u00e1n a megjelenteket Szaka Zsolt eln\u00f6k k\u00f6sz\u00f6nt\u00f6tte \u00e9s ismertette a programot. Ezut\u00e1n Szuhanics Albert: Nemzeti \u00fcnnep augusztus 20. c\u00edm\u0171 vers\u00e9t Juh\u00e1sz S\u00e1ndor szavalta el. Majd Kiss Iv\u00e1n c. pr\u00e9post, esperes-pl\u00e9b\u00e1nos \u00far \u2013 a 2002-es \u00e9p\u00edt\u00e9s ut\u00e1n m\u00e1sodszor \u2013 meg\u00e1ldotta a k\u00f6zelm\u00faltban ism\u00e9t fel\u00faj\u00edtott Trianon-eml\u00e9km\u0171vet, amely a nemzeti \u00f6sszetartoz\u00e1s egyik jelk\u00e9pe. N\u00e9h\u00e1ny gondolattal pedig a hat\u00e1ron t\u00fali magyarok helyzet\u00e9t \u00e9s szerep\u00e9t emelte ki, amelyet \u00e9ppen a trianoni b\u00e9kedikt\u00e1tum k\u00f6vetkezt\u00e9ben kellett elszenvedni\u00fck. Az \u00fcnnepi m\u0171sor folytat\u00e1sak\u00e9nt Huszti G\u00e1bor, a Somogy Megyei K\u00f6zgy\u0171l\u00e9s aleln\u00f6ke sz\u00f3lt az egybegy\u0171ltekhez. Besz\u00e9d\u00e9ben az \u00e1llamalap\u00edt\u00f3 Szent Istv\u00e1n kir\u00e1lyt \u00e9s m\u00e1ig hat\u00f3 t\u00f6rt\u00e9nelmi jelent\u0151s\u00e9g\u00e9t hangs\u00falyozta.<\/p>\n\n\n\n<ul class=\"wp-block-gallery columns-3 is-cropped wp-block-gallery-2 is-layout-flex wp-block-gallery-is-layout-flex\"><li class=\"blocks-gallery-item\"><figure><img loading=\"lazy\" decoding=\"async\" width=\"1024\" height=\"683\" src=\"https:\/\/marcali.plebania.hu\/wp-content\/uploads\/2019\/08\/17-2-1024x683.jpg\" alt=\"\" data-id=\"1106\" data-link=\"https:\/\/marcali.plebania.hu\/?attachment_id=1106\" class=\"wp-image-1106\" srcset=\"https:\/\/marcali.plebania.hu\/wp-content\/uploads\/2019\/08\/17-2-1024x683.jpg 1024w, https:\/\/marcali.plebania.hu\/wp-content\/uploads\/2019\/08\/17-2-300x200.jpg 300w, https:\/\/marcali.plebania.hu\/wp-content\/uploads\/2019\/08\/17-2-768x512.jpg 768w, https:\/\/marcali.plebania.hu\/wp-content\/uploads\/2019\/08\/17-2-405x270.jpg 405w\" sizes=\"auto, (max-width: 1024px) 100vw, 1024px\" \/><\/figure><\/li><li class=\"blocks-gallery-item\"><figure><img loading=\"lazy\" decoding=\"async\" width=\"1024\" height=\"683\" src=\"https:\/\/marcali.plebania.hu\/wp-content\/uploads\/2019\/08\/18-1024x683.jpg\" alt=\"\" data-id=\"1107\" data-link=\"https:\/\/marcali.plebania.hu\/?attachment_id=1107\" class=\"wp-image-1107\" srcset=\"https:\/\/marcali.plebania.hu\/wp-content\/uploads\/2019\/08\/18-1024x683.jpg 1024w, https:\/\/marcali.plebania.hu\/wp-content\/uploads\/2019\/08\/18-300x200.jpg 300w, https:\/\/marcali.plebania.hu\/wp-content\/uploads\/2019\/08\/18-768x512.jpg 768w, https:\/\/marcali.plebania.hu\/wp-content\/uploads\/2019\/08\/18-405x270.jpg 405w\" sizes=\"auto, (max-width: 1024px) 100vw, 1024px\" \/><\/figure><\/li><li class=\"blocks-gallery-item\"><figure><img loading=\"lazy\" decoding=\"async\" width=\"1024\" height=\"683\" src=\"https:\/\/marcali.plebania.hu\/wp-content\/uploads\/2019\/08\/19-1024x683.jpg\" alt=\"\" data-id=\"1108\" data-link=\"https:\/\/marcali.plebania.hu\/?attachment_id=1108\" class=\"wp-image-1108\" srcset=\"https:\/\/marcali.plebania.hu\/wp-content\/uploads\/2019\/08\/19-1024x683.jpg 1024w, https:\/\/marcali.plebania.hu\/wp-content\/uploads\/2019\/08\/19-300x200.jpg 300w, https:\/\/marcali.plebania.hu\/wp-content\/uploads\/2019\/08\/19-768x512.jpg 768w, https:\/\/marcali.plebania.hu\/wp-content\/uploads\/2019\/08\/19-405x270.jpg 405w\" sizes=\"auto, (max-width: 1024px) 100vw, 1024px\" \/><\/figure><\/li><li class=\"blocks-gallery-item\"><figure><img loading=\"lazy\" decoding=\"async\" width=\"1024\" height=\"683\" src=\"https:\/\/marcali.plebania.hu\/wp-content\/uploads\/2019\/08\/20-1-1024x683.jpg\" alt=\"\" data-id=\"1109\" data-link=\"https:\/\/marcali.plebania.hu\/?attachment_id=1109\" class=\"wp-image-1109\" srcset=\"https:\/\/marcali.plebania.hu\/wp-content\/uploads\/2019\/08\/20-1-1024x683.jpg 1024w, https:\/\/marcali.plebania.hu\/wp-content\/uploads\/2019\/08\/20-1-300x200.jpg 300w, https:\/\/marcali.plebania.hu\/wp-content\/uploads\/2019\/08\/20-1-768x512.jpg 768w, https:\/\/marcali.plebania.hu\/wp-content\/uploads\/2019\/08\/20-1-405x270.jpg 405w\" sizes=\"auto, (max-width: 1024px) 100vw, 1024px\" \/><\/figure><\/li><\/ul>\n\n\n\n<p>Ezt k\u00f6vet\u0151en Iv\u00e1n atya egy ima k\u00eds\u00e9ret\u00e9ben meg\u00e1ldotta az \u00faj kenyeret, melyet az aleln\u00f6k megszegett, majd az ipartest\u00fclet tagjai k\u00f6z\u00fcl pedig Szaka Zsolt \u00e9s feles\u00e9ge kiosztottak a jelenl\u00e9v\u0151knek.<\/p>\n\n\n\n<ul class=\"wp-block-gallery columns-3 is-cropped wp-block-gallery-3 is-layout-flex wp-block-gallery-is-layout-flex\"><li class=\"blocks-gallery-item\"><figure><img loading=\"lazy\" decoding=\"async\" width=\"1024\" height=\"683\" src=\"https:\/\/marcali.plebania.hu\/wp-content\/uploads\/2019\/08\/26-1024x683.jpg\" alt=\"\" data-id=\"1110\" data-link=\"https:\/\/marcali.plebania.hu\/?attachment_id=1110\" class=\"wp-image-1110\" srcset=\"https:\/\/marcali.plebania.hu\/wp-content\/uploads\/2019\/08\/26-1024x683.jpg 1024w, https:\/\/marcali.plebania.hu\/wp-content\/uploads\/2019\/08\/26-300x200.jpg 300w, https:\/\/marcali.plebania.hu\/wp-content\/uploads\/2019\/08\/26-768x512.jpg 768w, https:\/\/marcali.plebania.hu\/wp-content\/uploads\/2019\/08\/26-405x270.jpg 405w\" sizes=\"auto, (max-width: 1024px) 100vw, 1024px\" \/><\/figure><\/li><li class=\"blocks-gallery-item\"><figure><img loading=\"lazy\" decoding=\"async\" width=\"1024\" height=\"683\" src=\"https:\/\/marcali.plebania.hu\/wp-content\/uploads\/2019\/08\/35-1024x683.jpg\" alt=\"\" data-id=\"1111\" data-link=\"https:\/\/marcali.plebania.hu\/?attachment_id=1111\" class=\"wp-image-1111\" srcset=\"https:\/\/marcali.plebania.hu\/wp-content\/uploads\/2019\/08\/35-1024x683.jpg 1024w, https:\/\/marcali.plebania.hu\/wp-content\/uploads\/2019\/08\/35-300x200.jpg 300w, https:\/\/marcali.plebania.hu\/wp-content\/uploads\/2019\/08\/35-768x512.jpg 768w, https:\/\/marcali.plebania.hu\/wp-content\/uploads\/2019\/08\/35-405x270.jpg 405w\" sizes=\"auto, (max-width: 1024px) 100vw, 1024px\" \/><\/figure><\/li><li class=\"blocks-gallery-item\"><figure><img loading=\"lazy\" decoding=\"async\" width=\"1024\" height=\"683\" src=\"https:\/\/marcali.plebania.hu\/wp-content\/uploads\/2019\/08\/38-1024x683.jpg\" alt=\"\" data-id=\"1112\" data-link=\"https:\/\/marcali.plebania.hu\/?attachment_id=1112\" class=\"wp-image-1112\" srcset=\"https:\/\/marcali.plebania.hu\/wp-content\/uploads\/2019\/08\/38-1024x683.jpg 1024w, https:\/\/marcali.plebania.hu\/wp-content\/uploads\/2019\/08\/38-300x200.jpg 300w, https:\/\/marcali.plebania.hu\/wp-content\/uploads\/2019\/08\/38-768x512.jpg 768w, https:\/\/marcali.plebania.hu\/wp-content\/uploads\/2019\/08\/38-405x270.jpg 405w\" sizes=\"auto, (max-width: 1024px) 100vw, 1024px\" \/><\/figure><\/li><li class=\"blocks-gallery-item\"><figure><img loading=\"lazy\" decoding=\"async\" width=\"1024\" height=\"683\" src=\"https:\/\/marcali.plebania.hu\/wp-content\/uploads\/2019\/08\/25-1-1024x683.jpg\" alt=\"\" data-id=\"1113\" data-link=\"https:\/\/marcali.plebania.hu\/?attachment_id=1113\" class=\"wp-image-1113\" srcset=\"https:\/\/marcali.plebania.hu\/wp-content\/uploads\/2019\/08\/25-1-1024x683.jpg 1024w, https:\/\/marcali.plebania.hu\/wp-content\/uploads\/2019\/08\/25-1-300x200.jpg 300w, https:\/\/marcali.plebania.hu\/wp-content\/uploads\/2019\/08\/25-1-768x512.jpg 768w, https:\/\/marcali.plebania.hu\/wp-content\/uploads\/2019\/08\/25-1-405x270.jpg 405w\" sizes=\"auto, (max-width: 1024px) 100vw, 1024px\" \/><\/figure><\/li><\/ul>\n\n\n\n<p>V\u00e9gezet\u00fcl\nHuszti G\u00e1bor \u00e9s Szaka Zsolt koszor\u00fat helyeztek el a sz\u00e9pen fel\u00faj\u00edtott\neml\u00e9km\u0171n\u00e9l. Majd a Sz\u00f3zat elhangz\u00e1sa ut\u00e1n a szervez\u0151k, az egyes\u00fclet sz\u00e9kh\u00e1z\u00e1ban\npog\u00e1cs\u00e1val \u00e9s friss\u00edt\u0151kkel vend\u00e9g\u00fcl l\u00e1tt\u00e1k a r\u00e9sztvev\u0151ket, ahol egy j\u00f3\nhangulat\u00fa besz\u00e9lget\u00e9ssel z\u00e1rult a program.<\/p>\n","protected":false},"excerpt":{"rendered":"<p>Szent Istv\u00e1n kir\u00e1ly \u00fcnnep\u00e9n, 2019. augusztus 20-\u00e1n, kedden 18 \u00f3rakor a Marcali \u00e9s K\u00f6rny\u00e9ke Hagyom\u00e1ny\u0151rz\u0151 Ipartest\u00fclet sz\u00e9kh\u00e1z\u00e1n\u00e1l is megeml\u00e9kez\u00e9st tartottak az \u00e1llamalap\u00edt\u00e1s alkalm\u00e1b\u00f3l. A Himnusz el\u00e9nekl\u00e9se ut\u00e1n a megjelenteket Szaka Zsolt eln\u00f6k k\u00f6sz\u00f6nt\u00f6tte \u00e9s ismertette a programot. Ezut\u00e1n Szuhanics Albert: Nemzeti \u00fcnnep augusztus 20. c\u00edm\u0171 vers\u00e9t Juh\u00e1sz S\u00e1ndor szavalta el. Majd Kiss Iv\u00e1n c. pr\u00e9post, esperes-pl\u00e9b\u00e1nos \u00far \u2013 a 2002-es \u00e9p\u00edt\u00e9s ut\u00e1n m\u00e1sodszor \u2013 meg\u00e1ldotta a k\u00f6zelm\u00faltban ism\u00e9t fel\u00faj\u00edtott Trianon-eml\u00e9km\u0171vet, amely a nemzeti \u00f6sszetartoz\u00e1s egyik jelk\u00e9pe. N\u00e9h\u00e1ny gondolattal pedig a&#8230;<\/p>\n<p class=\"read-more\"><a class=\"btn btn-default\" href=\"https:\/\/marcali.plebania.hu\/?p=1099\"> Read More<span class=\"screen-reader-text\">  Read More<\/span><\/a><\/p>\n","protected":false},"author":2,"featured_media":0,"comment_status":"closed","ping_status":"open","sticky":false,"template":"","format":"standard","meta":{"footnotes":""},"categories":[1],"tags":[],"class_list":["post-1099","post","type-post","status-publish","format-standard","hentry","category-egyeb"],"_links":{"self":[{"href":"https:\/\/marcali.plebania.hu\/index.php?rest_route=\/wp\/v2\/posts\/1099","targetHints":{"allow":["GET"]}}],"collection":[{"href":"https:\/\/marcali.plebania.hu\/index.php?rest_route=\/wp\/v2\/posts"}],"about":[{"href":"https:\/\/marcali.plebania.hu\/index.php?rest_route=\/wp\/v2\/types\/post"}],"author":[{"embeddable":true,"href":"https:\/\/marcali.plebania.hu\/index.php?rest_route=\/wp\/v2\/users\/2"}],"replies":[{"embeddable":true,"href":"https:\/\/marcali.plebania.hu\/index.php?rest_route=%2Fwp%2Fv2%2Fcomments&post=1099"}],"version-history":[{"count":1,"href":"https:\/\/marcali.plebania.hu\/index.php?rest_route=\/wp\/v2\/posts\/1099\/revisions"}],"predecessor-version":[{"id":1114,"href":"https:\/\/marcali.plebania.hu\/index.php?rest_route=\/wp\/v2\/posts\/1099\/revisions\/1114"}],"wp:attachment":[{"href":"https:\/\/marcali.plebania.hu\/index.php?rest_route=%2Fwp%2Fv2%2Fmedia&parent=1099"}],"wp:term":[{"taxonomy":"category","embeddable":true,"href":"https:\/\/marcali.plebania.hu\/index.php?rest_route=%2Fwp%2Fv2%2Fcategories&post=1099"},{"taxonomy":"post_tag","embeddable":true,"href":"https:\/\/marcali.plebania.hu\/index.php?rest_route=%2Fwp%2Fv2%2Ftags&post=1099"}],"curies":[{"name":"wp","href":"https:\/\/api.w.org\/{rel}","templated":true}]}}