{"id":1115,"date":"2019-08-23T07:59:07","date_gmt":"2019-08-23T07:59:07","guid":{"rendered":"https:\/\/marcali.plebania.hu\/?p=1115"},"modified":"2019-08-23T07:59:07","modified_gmt":"2019-08-23T07:59:07","slug":"hirdetesek-2019-08-25","status":"publish","type":"post","link":"https:\/\/marcali.plebania.hu\/?p=1115","title":{"rendered":"Hirdet\u00e9sek, 2019. 08. 25."},"content":{"rendered":"\n<ol class=\"wp-block-list\"><li>Ma\nvan az \u00e9vk\u00f6zi 21. vas\u00e1rnap.<\/li><li>A\ntan\u00e9vkezd\u0151 szentmis\u00e9t szeptember 8-\u00e1n 9 \u00f3rakor a pl\u00e9b\u00e1niatemplomban, 18 \u00f3rakor\na B. Gizella templomban tartjuk. A hittanos gyermekek idei \u00e9vben is ingyen\nkapj\u00e1k a hittank\u00f6nyvet. Az 5. oszt\u00e1lyosok egy Bibli\u00e1t is kapnak tart\u00f3s\ntank\u00f6nyvk\u00e9nt, melyet a fels\u0151 tagozatban v\u00e9gig seg\u00e9dtank\u00f6nyvk\u00e9nt haszn\u00e1lnak. A\nhittank\u00f6nyvek nem a tank\u00f6nyvcsomagban lesznek, hanem az el\u0151 hittan\u00f3r\u00e1n a\nhitoktat\u00f3k osztj\u00e1k ki a gyermekeknek.<\/li><li>A\nh\u00e9ten, p\u00e9nteken 17.30-kor szents\u00e9gim\u00e1d\u00e1s a pl\u00e9b\u00e1niatemplomban.<\/li><\/ol>\n","protected":false},"excerpt":{"rendered":"<p>Ma van az \u00e9vk\u00f6zi 21. vas\u00e1rnap. A tan\u00e9vkezd\u0151 szentmis\u00e9t szeptember 8-\u00e1n 9 \u00f3rakor a pl\u00e9b\u00e1niatemplomban, 18 \u00f3rakor a B. Gizella templomban tartjuk. A hittanos gyermekek idei \u00e9vben is ingyen kapj\u00e1k a hittank\u00f6nyvet. Az 5. oszt\u00e1lyosok egy Bibli\u00e1t is kapnak tart\u00f3s tank\u00f6nyvk\u00e9nt, melyet a fels\u0151 tagozatban v\u00e9gig seg\u00e9dtank\u00f6nyvk\u00e9nt haszn\u00e1lnak. A hittank\u00f6nyvek nem a tank\u00f6nyvcsomagban lesznek, hanem az el\u0151 hittan\u00f3r\u00e1n a hitoktat\u00f3k osztj\u00e1k ki a gyermekeknek. A h\u00e9ten, p\u00e9nteken 17.30-kor szents\u00e9gim\u00e1d\u00e1s a pl\u00e9b\u00e1niatemplomban.<\/p>\n","protected":false},"author":2,"featured_media":0,"comment_status":"closed","ping_status":"open","sticky":false,"template":"","format":"standard","meta":{"footnotes":""},"categories":[1],"tags":[],"class_list":["post-1115","post","type-post","status-publish","format-standard","hentry","category-egyeb"],"_links":{"self":[{"href":"https:\/\/marcali.plebania.hu\/index.php?rest_route=\/wp\/v2\/posts\/1115","targetHints":{"allow":["GET"]}}],"collection":[{"href":"https:\/\/marcali.plebania.hu\/index.php?rest_route=\/wp\/v2\/posts"}],"about":[{"href":"https:\/\/marcali.plebania.hu\/index.php?rest_route=\/wp\/v2\/types\/post"}],"author":[{"embeddable":true,"href":"https:\/\/marcali.plebania.hu\/index.php?rest_route=\/wp\/v2\/users\/2"}],"replies":[{"embeddable":true,"href":"https:\/\/marcali.plebania.hu\/index.php?rest_route=%2Fwp%2Fv2%2Fcomments&post=1115"}],"version-history":[{"count":1,"href":"https:\/\/marcali.plebania.hu\/index.php?rest_route=\/wp\/v2\/posts\/1115\/revisions"}],"predecessor-version":[{"id":1116,"href":"https:\/\/marcali.plebania.hu\/index.php?rest_route=\/wp\/v2\/posts\/1115\/revisions\/1116"}],"wp:attachment":[{"href":"https:\/\/marcali.plebania.hu\/index.php?rest_route=%2Fwp%2Fv2%2Fmedia&parent=1115"}],"wp:term":[{"taxonomy":"category","embeddable":true,"href":"https:\/\/marcali.plebania.hu\/index.php?rest_route=%2Fwp%2Fv2%2Fcategories&post=1115"},{"taxonomy":"post_tag","embeddable":true,"href":"https:\/\/marcali.plebania.hu\/index.php?rest_route=%2Fwp%2Fv2%2Ftags&post=1115"}],"curies":[{"name":"wp","href":"https:\/\/api.w.org\/{rel}","templated":true}]}}