{"id":1117,"date":"2019-08-30T07:57:39","date_gmt":"2019-08-30T07:57:39","guid":{"rendered":"https:\/\/marcali.plebania.hu\/?p=1117"},"modified":"2019-08-30T07:57:39","modified_gmt":"2019-08-30T07:57:39","slug":"hirdetesek-2019-09-01","status":"publish","type":"post","link":"https:\/\/marcali.plebania.hu\/?p=1117","title":{"rendered":"Hirdet\u00e9sek, 2019. 09. 01."},"content":{"rendered":"\n<ol class=\"wp-block-list\"><li>Ma\nvan az \u00e9vk\u00f6zi 22. vas\u00e1rnap.<\/li><li>A\nh\u00e9ten els\u0151 p\u00e9ntek, d\u00e9lel\u0151tt a h\u00e1zi betegek gy\u00f3ntat\u00e1sa, d\u00e9lut\u00e1n 17.30-t\u00f3l\nszents\u00e9gim\u00e1d\u00e1s \u00e9s gy\u00f3ntat\u00e1s, 18 \u00f3rakor szentmise.<\/li><li>Els\u0151\nszombaton 17 \u00f3rakor v\u00e9gezz\u00fck az els\u0151 szombati \u00e1jtatoss\u00e1got.<\/li><li>A\ntan\u00e9vkezd\u0151 szentmis\u00e9t szeptember 8-\u00e1n 9 \u00f3rakor a pl\u00e9b\u00e1niatemplomban, 18 \u00f3rakor\na B. Gizella templomban tartjuk. A hittanos gyermekek idei \u00e9vben is ingyen kapj\u00e1k\na hittank\u00f6nyvet. Az 5. oszt\u00e1lyosok egy Bibli\u00e1t is kapnak tart\u00f3s tank\u00f6nyvk\u00e9nt,\nmelyet a fels\u0151 tagozatban v\u00e9gig seg\u00e9dtank\u00f6nyvk\u00e9nt haszn\u00e1lnak. A hittank\u00f6nyvek\nnem a tank\u00f6nyvcsomagban lesznek, hanem az el\u0151 hittan\u00f3r\u00e1n a hitoktat\u00f3k osztj\u00e1k\nki a gyermekeknek.<\/li><\/ol>\n","protected":false},"excerpt":{"rendered":"<p>Ma van az \u00e9vk\u00f6zi 22. vas\u00e1rnap. A h\u00e9ten els\u0151 p\u00e9ntek, d\u00e9lel\u0151tt a h\u00e1zi betegek gy\u00f3ntat\u00e1sa, d\u00e9lut\u00e1n 17.30-t\u00f3l szents\u00e9gim\u00e1d\u00e1s \u00e9s gy\u00f3ntat\u00e1s, 18 \u00f3rakor szentmise. Els\u0151 szombaton 17 \u00f3rakor v\u00e9gezz\u00fck az els\u0151 szombati \u00e1jtatoss\u00e1got. A tan\u00e9vkezd\u0151 szentmis\u00e9t szeptember 8-\u00e1n 9 \u00f3rakor a pl\u00e9b\u00e1niatemplomban, 18 \u00f3rakor a B. Gizella templomban tartjuk. A hittanos gyermekek idei \u00e9vben is ingyen kapj\u00e1k a hittank\u00f6nyvet. Az 5. oszt\u00e1lyosok egy Bibli\u00e1t is kapnak tart\u00f3s tank\u00f6nyvk\u00e9nt, melyet a fels\u0151 tagozatban v\u00e9gig seg\u00e9dtank\u00f6nyvk\u00e9nt haszn\u00e1lnak. A hittank\u00f6nyvek nem a tank\u00f6nyvcsomagban lesznek,&#8230;<\/p>\n<p class=\"read-more\"><a class=\"btn btn-default\" href=\"https:\/\/marcali.plebania.hu\/?p=1117\"> Read More<span class=\"screen-reader-text\">  Read More<\/span><\/a><\/p>\n","protected":false},"author":2,"featured_media":0,"comment_status":"closed","ping_status":"open","sticky":false,"template":"","format":"standard","meta":{"footnotes":""},"categories":[1],"tags":[],"class_list":["post-1117","post","type-post","status-publish","format-standard","hentry","category-egyeb"],"_links":{"self":[{"href":"https:\/\/marcali.plebania.hu\/index.php?rest_route=\/wp\/v2\/posts\/1117","targetHints":{"allow":["GET"]}}],"collection":[{"href":"https:\/\/marcali.plebania.hu\/index.php?rest_route=\/wp\/v2\/posts"}],"about":[{"href":"https:\/\/marcali.plebania.hu\/index.php?rest_route=\/wp\/v2\/types\/post"}],"author":[{"embeddable":true,"href":"https:\/\/marcali.plebania.hu\/index.php?rest_route=\/wp\/v2\/users\/2"}],"replies":[{"embeddable":true,"href":"https:\/\/marcali.plebania.hu\/index.php?rest_route=%2Fwp%2Fv2%2Fcomments&post=1117"}],"version-history":[{"count":1,"href":"https:\/\/marcali.plebania.hu\/index.php?rest_route=\/wp\/v2\/posts\/1117\/revisions"}],"predecessor-version":[{"id":1118,"href":"https:\/\/marcali.plebania.hu\/index.php?rest_route=\/wp\/v2\/posts\/1117\/revisions\/1118"}],"wp:attachment":[{"href":"https:\/\/marcali.plebania.hu\/index.php?rest_route=%2Fwp%2Fv2%2Fmedia&parent=1117"}],"wp:term":[{"taxonomy":"category","embeddable":true,"href":"https:\/\/marcali.plebania.hu\/index.php?rest_route=%2Fwp%2Fv2%2Fcategories&post=1117"},{"taxonomy":"post_tag","embeddable":true,"href":"https:\/\/marcali.plebania.hu\/index.php?rest_route=%2Fwp%2Fv2%2Ftags&post=1117"}],"curies":[{"name":"wp","href":"https:\/\/api.w.org\/{rel}","templated":true}]}}