{"id":1119,"date":"2019-09-06T08:42:05","date_gmt":"2019-09-06T08:42:05","guid":{"rendered":"https:\/\/marcali.plebania.hu\/?p=1119"},"modified":"2019-09-06T08:42:05","modified_gmt":"2019-09-06T08:42:05","slug":"hirdetesek-2019-09-08","status":"publish","type":"post","link":"https:\/\/marcali.plebania.hu\/?p=1119","title":{"rendered":"Hirdet\u00e9sek, 2019. 09. 08."},"content":{"rendered":"\n<ol class=\"wp-block-list\"><li>Ma van az \u00e9vk\u00f6zi 23. vas\u00e1rnap. A pl\u00e9b\u00e1niatemplomban \u00e9s a B. Gizella templomban tan\u00e9vnyit\u00f3 szentmis\u00e9k. A szentmis\u00e9k v\u00e9g\u00e9n kapj\u00e1k meg a gyermekek a szentmisenapl\u00f3t.<\/li><li>Kedden 18.30-kor a Marcali Pl\u00e9b\u00e1nia \u00e9s a K\u00c9SZ Marcali Csoport megh\u00edv\u00e1s\u00e1ra, az X-h\u00e1z nagyterm\u00e9ben Makl\u00e1ry \u00c1kos, a K\u00c9SZ eln\u00f6ke, g\u00f6r\u00f6gkatolikus par\u00f3kus &#8222;Krisztus k\u00f6vet\u00e9se az ikonok seg\u00edts\u00e9g\u00e9vel&#8221; c\u00edmmel tart el\u0151ad\u00e1st, melyre a h\u00edveket \u00e9s minden \u00e9rdekl\u0151d\u0151t szeretettel h\u00edvunk \u00e9s v\u00e1runk.<\/li><li>Szeptember 13-\u00e1n d\u00e9lut\u00e1n 5 \u00f3rakor tartjuk a fatimai ima\u00f3r\u00e1t, majd 6 \u00f3rakor szentmise.<\/li><li>A term\u00e9nybetakar\u00edt\u00f3 szentmis\u00e9t \u00e9s h\u00e1laad\u00e1st szeptember 22-\u00e9n 11 \u00f3rakor tarjuk az Orb\u00e1n k\u00e1poln\u00e1ban.<\/li><li>Megjelent a Marcali Katolikus \u00dajs\u00e1g szeptemberi sz\u00e1ma, melyet a szentmise v\u00e9g\u00e9n osztunk ki a h\u00edveknek.<\/li><\/ol>\n","protected":false},"excerpt":{"rendered":"<p>Ma van az \u00e9vk\u00f6zi 23. vas\u00e1rnap. A pl\u00e9b\u00e1niatemplomban \u00e9s a B. Gizella templomban tan\u00e9vnyit\u00f3 szentmis\u00e9k. A szentmis\u00e9k v\u00e9g\u00e9n kapj\u00e1k meg a gyermekek a szentmisenapl\u00f3t. Kedden 18.30-kor a Marcali Pl\u00e9b\u00e1nia \u00e9s a K\u00c9SZ Marcali Csoport megh\u00edv\u00e1s\u00e1ra, az X-h\u00e1z nagyterm\u00e9ben Makl\u00e1ry \u00c1kos, a K\u00c9SZ eln\u00f6ke, g\u00f6r\u00f6gkatolikus par\u00f3kus &#8222;Krisztus k\u00f6vet\u00e9se az ikonok seg\u00edts\u00e9g\u00e9vel&#8221; c\u00edmmel tart el\u0151ad\u00e1st, melyre a h\u00edveket \u00e9s minden \u00e9rdekl\u0151d\u0151t szeretettel h\u00edvunk \u00e9s v\u00e1runk. Szeptember 13-\u00e1n d\u00e9lut\u00e1n 5 \u00f3rakor tartjuk a fatimai ima\u00f3r\u00e1t, majd 6 \u00f3rakor szentmise. A term\u00e9nybetakar\u00edt\u00f3 szentmis\u00e9t \u00e9s&#8230;<\/p>\n<p class=\"read-more\"><a class=\"btn btn-default\" href=\"https:\/\/marcali.plebania.hu\/?p=1119\"> Read More<span class=\"screen-reader-text\">  Read More<\/span><\/a><\/p>\n","protected":false},"author":2,"featured_media":0,"comment_status":"closed","ping_status":"open","sticky":false,"template":"","format":"standard","meta":{"footnotes":""},"categories":[1],"tags":[],"class_list":["post-1119","post","type-post","status-publish","format-standard","hentry","category-egyeb"],"_links":{"self":[{"href":"https:\/\/marcali.plebania.hu\/index.php?rest_route=\/wp\/v2\/posts\/1119","targetHints":{"allow":["GET"]}}],"collection":[{"href":"https:\/\/marcali.plebania.hu\/index.php?rest_route=\/wp\/v2\/posts"}],"about":[{"href":"https:\/\/marcali.plebania.hu\/index.php?rest_route=\/wp\/v2\/types\/post"}],"author":[{"embeddable":true,"href":"https:\/\/marcali.plebania.hu\/index.php?rest_route=\/wp\/v2\/users\/2"}],"replies":[{"embeddable":true,"href":"https:\/\/marcali.plebania.hu\/index.php?rest_route=%2Fwp%2Fv2%2Fcomments&post=1119"}],"version-history":[{"count":1,"href":"https:\/\/marcali.plebania.hu\/index.php?rest_route=\/wp\/v2\/posts\/1119\/revisions"}],"predecessor-version":[{"id":1120,"href":"https:\/\/marcali.plebania.hu\/index.php?rest_route=\/wp\/v2\/posts\/1119\/revisions\/1120"}],"wp:attachment":[{"href":"https:\/\/marcali.plebania.hu\/index.php?rest_route=%2Fwp%2Fv2%2Fmedia&parent=1119"}],"wp:term":[{"taxonomy":"category","embeddable":true,"href":"https:\/\/marcali.plebania.hu\/index.php?rest_route=%2Fwp%2Fv2%2Fcategories&post=1119"},{"taxonomy":"post_tag","embeddable":true,"href":"https:\/\/marcali.plebania.hu\/index.php?rest_route=%2Fwp%2Fv2%2Ftags&post=1119"}],"curies":[{"name":"wp","href":"https:\/\/api.w.org\/{rel}","templated":true}]}}