{"id":1121,"date":"2019-09-09T15:32:07","date_gmt":"2019-09-09T15:32:07","guid":{"rendered":"https:\/\/marcali.plebania.hu\/?p=1121"},"modified":"2019-09-09T15:32:07","modified_gmt":"2019-09-09T15:32:07","slug":"tanevkezdo-szentmisek-marcaliban","status":"publish","type":"post","link":"https:\/\/marcali.plebania.hu\/?p=1121","title":{"rendered":"Tan\u00e9vkezd\u0151 szentmis\u00e9k Marcaliban"},"content":{"rendered":"\n<p>2019. szeptember 8-\u00e1n, vas\u00e1rnap k\u00e9t, szabadon v\u00e1laszthat\u00f3 tan\u00e9vkezd\u0151 szentmis\u00e9t (latinul: Veni Sancte) is tartottak Marcaliban, melyeket Kiss Iv\u00e1n c. pr\u00e9post, esperes-pl\u00e9b\u00e1nos celebr\u00e1lt.<\/p>\n\n\n\n<ul class=\"wp-block-gallery columns-3 is-cropped wp-block-gallery-1 is-layout-flex wp-block-gallery-is-layout-flex\"><li class=\"blocks-gallery-item\"><figure><img loading=\"lazy\" decoding=\"async\" width=\"1024\" height=\"683\" src=\"https:\/\/marcali.plebania.hu\/wp-content\/uploads\/2019\/09\/02-1024x683.jpg\" alt=\"\" data-id=\"1122\" data-link=\"https:\/\/marcali.plebania.hu\/?attachment_id=1122\" class=\"wp-image-1122\" srcset=\"https:\/\/marcali.plebania.hu\/wp-content\/uploads\/2019\/09\/02-1024x683.jpg 1024w, https:\/\/marcali.plebania.hu\/wp-content\/uploads\/2019\/09\/02-300x200.jpg 300w, https:\/\/marcali.plebania.hu\/wp-content\/uploads\/2019\/09\/02-768x512.jpg 768w, https:\/\/marcali.plebania.hu\/wp-content\/uploads\/2019\/09\/02-405x270.jpg 405w\" sizes=\"auto, (max-width: 1024px) 100vw, 1024px\" \/><\/figure><\/li><li class=\"blocks-gallery-item\"><figure><img loading=\"lazy\" decoding=\"async\" width=\"1024\" height=\"683\" src=\"https:\/\/marcali.plebania.hu\/wp-content\/uploads\/2019\/09\/04-1024x683.jpg\" alt=\"\" data-id=\"1123\" data-link=\"https:\/\/marcali.plebania.hu\/?attachment_id=1123\" class=\"wp-image-1123\" srcset=\"https:\/\/marcali.plebania.hu\/wp-content\/uploads\/2019\/09\/04-1024x683.jpg 1024w, https:\/\/marcali.plebania.hu\/wp-content\/uploads\/2019\/09\/04-300x200.jpg 300w, https:\/\/marcali.plebania.hu\/wp-content\/uploads\/2019\/09\/04-768x512.jpg 768w, https:\/\/marcali.plebania.hu\/wp-content\/uploads\/2019\/09\/04-405x270.jpg 405w\" sizes=\"auto, (max-width: 1024px) 100vw, 1024px\" \/><\/figure><\/li><li class=\"blocks-gallery-item\"><figure><img loading=\"lazy\" decoding=\"async\" width=\"1024\" height=\"683\" src=\"https:\/\/marcali.plebania.hu\/wp-content\/uploads\/2019\/09\/05-1024x683.jpg\" alt=\"\" data-id=\"1124\" data-link=\"https:\/\/marcali.plebania.hu\/?attachment_id=1124\" class=\"wp-image-1124\" srcset=\"https:\/\/marcali.plebania.hu\/wp-content\/uploads\/2019\/09\/05-1024x683.jpg 1024w, https:\/\/marcali.plebania.hu\/wp-content\/uploads\/2019\/09\/05-300x200.jpg 300w, https:\/\/marcali.plebania.hu\/wp-content\/uploads\/2019\/09\/05-768x512.jpg 768w, https:\/\/marcali.plebania.hu\/wp-content\/uploads\/2019\/09\/05-405x270.jpg 405w\" sizes=\"auto, (max-width: 1024px) 100vw, 1024px\" \/><\/figure><\/li><li class=\"blocks-gallery-item\"><figure><img loading=\"lazy\" decoding=\"async\" width=\"1024\" height=\"683\" src=\"https:\/\/marcali.plebania.hu\/wp-content\/uploads\/2019\/09\/16-1024x683.jpg\" alt=\"\" data-id=\"1125\" data-link=\"https:\/\/marcali.plebania.hu\/?attachment_id=1125\" class=\"wp-image-1125\" srcset=\"https:\/\/marcali.plebania.hu\/wp-content\/uploads\/2019\/09\/16-1024x683.jpg 1024w, https:\/\/marcali.plebania.hu\/wp-content\/uploads\/2019\/09\/16-300x200.jpg 300w, https:\/\/marcali.plebania.hu\/wp-content\/uploads\/2019\/09\/16-768x512.jpg 768w, https:\/\/marcali.plebania.hu\/wp-content\/uploads\/2019\/09\/16-405x270.jpg 405w\" sizes=\"auto, (max-width: 1024px) 100vw, 1024px\" \/><\/figure><\/li><\/ul>\n\n\n\n<p>D\u00e9lel\u0151tt 9 \u00f3rakor, a pl\u00e9b\u00e1niatemplomban im\u00e1dkoztak \u00e9s k\u00e9rt\u00e9k a Szentl\u00e9lek k\u00f6zbenj\u00e1r\u00e1s\u00e1t az \u00faj tan\u00e9vre, \u00f6nmagukra \u00e9s tan\u00e1raikra. Este 6 \u00f3rakor a Boldog Gizella templomban gy\u0171ltek \u00f6ssze a k\u00f6rny\u00e9ken lak\u00f3 di\u00e1kok \u00e9s sz\u00fcleik, hogy Isten seg\u00edts\u00e9g\u00e9t k\u00e9rj\u00e9k.<\/p>\n\n\n\n<ul class=\"wp-block-gallery columns-3 is-cropped wp-block-gallery-2 is-layout-flex wp-block-gallery-is-layout-flex\"><li class=\"blocks-gallery-item\"><figure><img loading=\"lazy\" decoding=\"async\" width=\"1024\" height=\"683\" src=\"https:\/\/marcali.plebania.hu\/wp-content\/uploads\/2019\/09\/06-1024x683.jpg\" alt=\"\" data-id=\"1126\" data-link=\"https:\/\/marcali.plebania.hu\/?attachment_id=1126\" class=\"wp-image-1126\" srcset=\"https:\/\/marcali.plebania.hu\/wp-content\/uploads\/2019\/09\/06-1024x683.jpg 1024w, https:\/\/marcali.plebania.hu\/wp-content\/uploads\/2019\/09\/06-300x200.jpg 300w, https:\/\/marcali.plebania.hu\/wp-content\/uploads\/2019\/09\/06-768x512.jpg 768w, https:\/\/marcali.plebania.hu\/wp-content\/uploads\/2019\/09\/06-405x270.jpg 405w\" sizes=\"auto, (max-width: 1024px) 100vw, 1024px\" \/><\/figure><\/li><li class=\"blocks-gallery-item\"><figure><img loading=\"lazy\" decoding=\"async\" width=\"1024\" height=\"683\" src=\"https:\/\/marcali.plebania.hu\/wp-content\/uploads\/2019\/09\/07-1024x683.jpg\" alt=\"\" data-id=\"1127\" data-link=\"https:\/\/marcali.plebania.hu\/?attachment_id=1127\" class=\"wp-image-1127\" srcset=\"https:\/\/marcali.plebania.hu\/wp-content\/uploads\/2019\/09\/07-1024x683.jpg 1024w, https:\/\/marcali.plebania.hu\/wp-content\/uploads\/2019\/09\/07-300x200.jpg 300w, https:\/\/marcali.plebania.hu\/wp-content\/uploads\/2019\/09\/07-768x512.jpg 768w, https:\/\/marcali.plebania.hu\/wp-content\/uploads\/2019\/09\/07-405x270.jpg 405w\" sizes=\"auto, (max-width: 1024px) 100vw, 1024px\" \/><\/figure><\/li><li class=\"blocks-gallery-item\"><figure><img loading=\"lazy\" decoding=\"async\" width=\"1024\" height=\"683\" src=\"https:\/\/marcali.plebania.hu\/wp-content\/uploads\/2019\/09\/08-1024x683.jpg\" alt=\"\" data-id=\"1128\" data-link=\"https:\/\/marcali.plebania.hu\/?attachment_id=1128\" class=\"wp-image-1128\" srcset=\"https:\/\/marcali.plebania.hu\/wp-content\/uploads\/2019\/09\/08-1024x683.jpg 1024w, https:\/\/marcali.plebania.hu\/wp-content\/uploads\/2019\/09\/08-300x200.jpg 300w, https:\/\/marcali.plebania.hu\/wp-content\/uploads\/2019\/09\/08-768x512.jpg 768w, https:\/\/marcali.plebania.hu\/wp-content\/uploads\/2019\/09\/08-405x270.jpg 405w\" sizes=\"auto, (max-width: 1024px) 100vw, 1024px\" \/><\/figure><\/li><li class=\"blocks-gallery-item\"><figure><img loading=\"lazy\" decoding=\"async\" width=\"1024\" height=\"683\" src=\"https:\/\/marcali.plebania.hu\/wp-content\/uploads\/2019\/09\/11-1024x683.jpg\" alt=\"\" data-id=\"1129\" data-link=\"https:\/\/marcali.plebania.hu\/?attachment_id=1129\" class=\"wp-image-1129\" srcset=\"https:\/\/marcali.plebania.hu\/wp-content\/uploads\/2019\/09\/11-1024x683.jpg 1024w, https:\/\/marcali.plebania.hu\/wp-content\/uploads\/2019\/09\/11-300x200.jpg 300w, https:\/\/marcali.plebania.hu\/wp-content\/uploads\/2019\/09\/11-768x512.jpg 768w, https:\/\/marcali.plebania.hu\/wp-content\/uploads\/2019\/09\/11-405x270.jpg 405w\" sizes=\"auto, (max-width: 1024px) 100vw, 1024px\" \/><\/figure><\/li><\/ul>\n\n\n\n<p>Marcali iskol\u00e1iban, az idei tan\u00e9vben 354 tanul\u00f3 j\u00e1r hit- \u00e9s erk\u00f6lcstan oktat\u00e1sra. A hitoktat\u00f3k: Bojtorn\u00e9 Kir\u00e1ly M\u00e1rta, dr. Gyulain\u00e9 Domj\u00e1n Zsuzsanna \u00e9s Tombor Erzs\u00e9bet.<\/p>\n\n\n\n<ul class=\"wp-block-gallery columns-3 is-cropped wp-block-gallery-3 is-layout-flex wp-block-gallery-is-layout-flex\"><li class=\"blocks-gallery-item\"><figure><img loading=\"lazy\" decoding=\"async\" width=\"1024\" height=\"683\" src=\"https:\/\/marcali.plebania.hu\/wp-content\/uploads\/2019\/09\/13-1024x683.jpg\" alt=\"\" data-id=\"1131\" data-link=\"https:\/\/marcali.plebania.hu\/?attachment_id=1131\" class=\"wp-image-1131\" srcset=\"https:\/\/marcali.plebania.hu\/wp-content\/uploads\/2019\/09\/13-1024x683.jpg 1024w, https:\/\/marcali.plebania.hu\/wp-content\/uploads\/2019\/09\/13-300x200.jpg 300w, https:\/\/marcali.plebania.hu\/wp-content\/uploads\/2019\/09\/13-768x512.jpg 768w, https:\/\/marcali.plebania.hu\/wp-content\/uploads\/2019\/09\/13-405x270.jpg 405w\" sizes=\"auto, (max-width: 1024px) 100vw, 1024px\" \/><\/figure><\/li><li class=\"blocks-gallery-item\"><figure><img loading=\"lazy\" decoding=\"async\" width=\"1024\" height=\"683\" src=\"https:\/\/marcali.plebania.hu\/wp-content\/uploads\/2019\/09\/14-1024x683.jpg\" alt=\"\" data-id=\"1132\" data-link=\"https:\/\/marcali.plebania.hu\/?attachment_id=1132\" class=\"wp-image-1132\" srcset=\"https:\/\/marcali.plebania.hu\/wp-content\/uploads\/2019\/09\/14-1024x683.jpg 1024w, https:\/\/marcali.plebania.hu\/wp-content\/uploads\/2019\/09\/14-300x200.jpg 300w, https:\/\/marcali.plebania.hu\/wp-content\/uploads\/2019\/09\/14-768x512.jpg 768w, https:\/\/marcali.plebania.hu\/wp-content\/uploads\/2019\/09\/14-405x270.jpg 405w\" sizes=\"auto, (max-width: 1024px) 100vw, 1024px\" \/><\/figure><\/li><li class=\"blocks-gallery-item\"><figure><img loading=\"lazy\" decoding=\"async\" width=\"1024\" height=\"683\" src=\"https:\/\/marcali.plebania.hu\/wp-content\/uploads\/2019\/09\/15-1024x683.jpg\" alt=\"\" data-id=\"1133\" data-link=\"https:\/\/marcali.plebania.hu\/?attachment_id=1133\" class=\"wp-image-1133\" srcset=\"https:\/\/marcali.plebania.hu\/wp-content\/uploads\/2019\/09\/15-1024x683.jpg 1024w, https:\/\/marcali.plebania.hu\/wp-content\/uploads\/2019\/09\/15-300x200.jpg 300w, https:\/\/marcali.plebania.hu\/wp-content\/uploads\/2019\/09\/15-768x512.jpg 768w, https:\/\/marcali.plebania.hu\/wp-content\/uploads\/2019\/09\/15-405x270.jpg 405w\" sizes=\"auto, (max-width: 1024px) 100vw, 1024px\" \/><\/figure><\/li><li class=\"blocks-gallery-item\"><figure><img loading=\"lazy\" decoding=\"async\" width=\"683\" height=\"1024\" src=\"https:\/\/marcali.plebania.hu\/wp-content\/uploads\/2019\/09\/20-683x1024.jpg\" alt=\"\" data-id=\"1134\" data-link=\"https:\/\/marcali.plebania.hu\/?attachment_id=1134\" class=\"wp-image-1134\" srcset=\"https:\/\/marcali.plebania.hu\/wp-content\/uploads\/2019\/09\/20-683x1024.jpg 683w, https:\/\/marcali.plebania.hu\/wp-content\/uploads\/2019\/09\/20-200x300.jpg 200w, https:\/\/marcali.plebania.hu\/wp-content\/uploads\/2019\/09\/20-768x1152.jpg 768w, https:\/\/marcali.plebania.hu\/wp-content\/uploads\/2019\/09\/20-180x270.jpg 180w\" sizes=\"auto, (max-width: 683px) 100vw, 683px\" \/><\/figure><\/li><\/ul>\n","protected":false},"excerpt":{"rendered":"<p>2019. szeptember 8-\u00e1n, vas\u00e1rnap k\u00e9t, szabadon v\u00e1laszthat\u00f3 tan\u00e9vkezd\u0151 szentmis\u00e9t (latinul: Veni Sancte) is tartottak Marcaliban, melyeket Kiss Iv\u00e1n c. pr\u00e9post, esperes-pl\u00e9b\u00e1nos celebr\u00e1lt. D\u00e9lel\u0151tt 9 \u00f3rakor, a pl\u00e9b\u00e1niatemplomban im\u00e1dkoztak \u00e9s k\u00e9rt\u00e9k a Szentl\u00e9lek k\u00f6zbenj\u00e1r\u00e1s\u00e1t az \u00faj tan\u00e9vre, \u00f6nmagukra \u00e9s tan\u00e1raikra. Este 6 \u00f3rakor a Boldog Gizella templomban gy\u0171ltek \u00f6ssze a k\u00f6rny\u00e9ken lak\u00f3 di\u00e1kok \u00e9s sz\u00fcleik, hogy Isten seg\u00edts\u00e9g\u00e9t k\u00e9rj\u00e9k. Marcali iskol\u00e1iban, az idei tan\u00e9vben 354 tanul\u00f3 j\u00e1r hit- \u00e9s erk\u00f6lcstan oktat\u00e1sra. A hitoktat\u00f3k: Bojtorn\u00e9 Kir\u00e1ly M\u00e1rta, dr. Gyulain\u00e9 Domj\u00e1n Zsuzsanna \u00e9s&#8230;<\/p>\n<p class=\"read-more\"><a class=\"btn btn-default\" href=\"https:\/\/marcali.plebania.hu\/?p=1121\"> Read More<span class=\"screen-reader-text\">  Read More<\/span><\/a><\/p>\n","protected":false},"author":2,"featured_media":0,"comment_status":"closed","ping_status":"open","sticky":false,"template":"","format":"standard","meta":{"footnotes":""},"categories":[1],"tags":[],"class_list":["post-1121","post","type-post","status-publish","format-standard","hentry","category-egyeb"],"_links":{"self":[{"href":"https:\/\/marcali.plebania.hu\/index.php?rest_route=\/wp\/v2\/posts\/1121","targetHints":{"allow":["GET"]}}],"collection":[{"href":"https:\/\/marcali.plebania.hu\/index.php?rest_route=\/wp\/v2\/posts"}],"about":[{"href":"https:\/\/marcali.plebania.hu\/index.php?rest_route=\/wp\/v2\/types\/post"}],"author":[{"embeddable":true,"href":"https:\/\/marcali.plebania.hu\/index.php?rest_route=\/wp\/v2\/users\/2"}],"replies":[{"embeddable":true,"href":"https:\/\/marcali.plebania.hu\/index.php?rest_route=%2Fwp%2Fv2%2Fcomments&post=1121"}],"version-history":[{"count":1,"href":"https:\/\/marcali.plebania.hu\/index.php?rest_route=\/wp\/v2\/posts\/1121\/revisions"}],"predecessor-version":[{"id":1135,"href":"https:\/\/marcali.plebania.hu\/index.php?rest_route=\/wp\/v2\/posts\/1121\/revisions\/1135"}],"wp:attachment":[{"href":"https:\/\/marcali.plebania.hu\/index.php?rest_route=%2Fwp%2Fv2%2Fmedia&parent=1121"}],"wp:term":[{"taxonomy":"category","embeddable":true,"href":"https:\/\/marcali.plebania.hu\/index.php?rest_route=%2Fwp%2Fv2%2Fcategories&post=1121"},{"taxonomy":"post_tag","embeddable":true,"href":"https:\/\/marcali.plebania.hu\/index.php?rest_route=%2Fwp%2Fv2%2Ftags&post=1121"}],"curies":[{"name":"wp","href":"https:\/\/api.w.org\/{rel}","templated":true}]}}