{"id":1136,"date":"2019-09-13T09:05:51","date_gmt":"2019-09-13T09:05:51","guid":{"rendered":"https:\/\/marcali.plebania.hu\/?p=1136"},"modified":"2019-09-13T09:05:51","modified_gmt":"2019-09-13T09:05:51","slug":"ikonok-festett-teologia-kesz-eloadas-az-x-hazban","status":"publish","type":"post","link":"https:\/\/marcali.plebania.hu\/?p=1136","title":{"rendered":"Ikonok \u2013 Festett teol\u00f3gia \u2013 K\u00c9SZ el\u0151ad\u00e1s az X-h\u00e1zban"},"content":{"rendered":"\n<p>2019. szeptember 10. kedd. Ikonok \u2013 Festett teol\u00f3gia c\u00edmmel tartott el\u0151ad\u00e1st Makl\u00e1ry \u00c1kos metropolitai helyn\u00f6k az X-h\u00e1z nagyterm\u00e9ben.<\/p>\n\n\n\n<ul class=\"wp-block-gallery columns-3 is-cropped wp-block-gallery-1 is-layout-flex wp-block-gallery-is-layout-flex\"><li class=\"blocks-gallery-item\"><figure><img loading=\"lazy\" decoding=\"async\" width=\"1024\" height=\"683\" src=\"https:\/\/marcali.plebania.hu\/wp-content\/uploads\/2019\/09\/01-1024x683.jpg\" alt=\"\" data-id=\"1137\" data-link=\"https:\/\/marcali.plebania.hu\/?attachment_id=1137\" class=\"wp-image-1137\" srcset=\"https:\/\/marcali.plebania.hu\/wp-content\/uploads\/2019\/09\/01-1024x683.jpg 1024w, https:\/\/marcali.plebania.hu\/wp-content\/uploads\/2019\/09\/01-300x200.jpg 300w, https:\/\/marcali.plebania.hu\/wp-content\/uploads\/2019\/09\/01-768x512.jpg 768w, https:\/\/marcali.plebania.hu\/wp-content\/uploads\/2019\/09\/01-405x270.jpg 405w\" sizes=\"auto, (max-width: 1024px) 100vw, 1024px\" \/><\/figure><\/li><li class=\"blocks-gallery-item\"><figure><img loading=\"lazy\" decoding=\"async\" width=\"1024\" height=\"683\" src=\"https:\/\/marcali.plebania.hu\/wp-content\/uploads\/2019\/09\/04-1-1024x683.jpg\" alt=\"\" data-id=\"1138\" data-link=\"https:\/\/marcali.plebania.hu\/?attachment_id=1138\" class=\"wp-image-1138\" srcset=\"https:\/\/marcali.plebania.hu\/wp-content\/uploads\/2019\/09\/04-1-1024x683.jpg 1024w, https:\/\/marcali.plebania.hu\/wp-content\/uploads\/2019\/09\/04-1-300x200.jpg 300w, https:\/\/marcali.plebania.hu\/wp-content\/uploads\/2019\/09\/04-1-768x512.jpg 768w, https:\/\/marcali.plebania.hu\/wp-content\/uploads\/2019\/09\/04-1-405x270.jpg 405w\" sizes=\"auto, (max-width: 1024px) 100vw, 1024px\" \/><\/figure><\/li><li class=\"blocks-gallery-item\"><figure><img loading=\"lazy\" decoding=\"async\" width=\"1024\" height=\"683\" src=\"https:\/\/marcali.plebania.hu\/wp-content\/uploads\/2019\/09\/06-1-1024x683.jpg\" alt=\"\" data-id=\"1139\" data-link=\"https:\/\/marcali.plebania.hu\/?attachment_id=1139\" class=\"wp-image-1139\" srcset=\"https:\/\/marcali.plebania.hu\/wp-content\/uploads\/2019\/09\/06-1-1024x683.jpg 1024w, https:\/\/marcali.plebania.hu\/wp-content\/uploads\/2019\/09\/06-1-300x200.jpg 300w, https:\/\/marcali.plebania.hu\/wp-content\/uploads\/2019\/09\/06-1-768x512.jpg 768w, https:\/\/marcali.plebania.hu\/wp-content\/uploads\/2019\/09\/06-1-405x270.jpg 405w\" sizes=\"auto, (max-width: 1024px) 100vw, 1024px\" \/><\/figure><\/li><li class=\"blocks-gallery-item\"><figure><img loading=\"lazy\" decoding=\"async\" width=\"1024\" height=\"683\" src=\"https:\/\/marcali.plebania.hu\/wp-content\/uploads\/2019\/09\/07-1-1024x683.jpg\" alt=\"\" data-id=\"1140\" data-link=\"https:\/\/marcali.plebania.hu\/?attachment_id=1140\" class=\"wp-image-1140\" srcset=\"https:\/\/marcali.plebania.hu\/wp-content\/uploads\/2019\/09\/07-1-1024x683.jpg 1024w, https:\/\/marcali.plebania.hu\/wp-content\/uploads\/2019\/09\/07-1-300x200.jpg 300w, https:\/\/marcali.plebania.hu\/wp-content\/uploads\/2019\/09\/07-1-768x512.jpg 768w, https:\/\/marcali.plebania.hu\/wp-content\/uploads\/2019\/09\/07-1-405x270.jpg 405w\" sizes=\"auto, (max-width: 1024px) 100vw, 1024px\" \/><\/figure><\/li><\/ul>\n\n\n\n<p>A\nterem el\u00e9gnek bizonyult a sok megjelent \u00e9rdekl\u0151d\u0151 sz\u00e1m\u00e1ra, de p\u00f3tsz\u00e9keket\nkellett \u00e1thordani a karit\u00e1szb\u00f3l \u2013, hogy a t\u00f6bb mint 60 r\u00e9sztvev\u0151 le\u00fclhessen.<\/p>\n\n\n\n<p>Mint\nelhangzott a k\u00f6sz\u00f6nt\u0151ben, a Marcali K\u00c9SZ 24 \u00e9ve m\u0171k\u00f6dik a v\u00e1rosban.<\/p>\n\n\n\n<p>Oly\u2019 sok min\u0151s\u00e9gi rendezv\u00e9ny k\u00f6sz\u00f6nhet\u0151 dr. Laczkovics Anna eln\u00f6k asszony munk\u00e1ss\u00e1g\u00e1nak, hogy k\u00f6nyvet kellene \u00edrni r\u00f3la\u2026<\/p>\n\n\n\n<ul class=\"wp-block-gallery columns-3 is-cropped wp-block-gallery-2 is-layout-flex wp-block-gallery-is-layout-flex\"><li class=\"blocks-gallery-item\"><figure><img loading=\"lazy\" decoding=\"async\" width=\"1024\" height=\"683\" src=\"https:\/\/marcali.plebania.hu\/wp-content\/uploads\/2019\/09\/08-1-1024x683.jpg\" alt=\"\" data-id=\"1141\" data-link=\"https:\/\/marcali.plebania.hu\/?attachment_id=1141\" class=\"wp-image-1141\" srcset=\"https:\/\/marcali.plebania.hu\/wp-content\/uploads\/2019\/09\/08-1-1024x683.jpg 1024w, https:\/\/marcali.plebania.hu\/wp-content\/uploads\/2019\/09\/08-1-300x200.jpg 300w, https:\/\/marcali.plebania.hu\/wp-content\/uploads\/2019\/09\/08-1-768x512.jpg 768w, https:\/\/marcali.plebania.hu\/wp-content\/uploads\/2019\/09\/08-1-405x270.jpg 405w\" sizes=\"auto, (max-width: 1024px) 100vw, 1024px\" \/><\/figure><\/li><li class=\"blocks-gallery-item\"><figure><img loading=\"lazy\" decoding=\"async\" width=\"1024\" height=\"683\" src=\"https:\/\/marcali.plebania.hu\/wp-content\/uploads\/2019\/09\/09-1024x683.jpg\" alt=\"\" data-id=\"1142\" data-link=\"https:\/\/marcali.plebania.hu\/?attachment_id=1142\" class=\"wp-image-1142\" srcset=\"https:\/\/marcali.plebania.hu\/wp-content\/uploads\/2019\/09\/09-1024x683.jpg 1024w, https:\/\/marcali.plebania.hu\/wp-content\/uploads\/2019\/09\/09-300x200.jpg 300w, https:\/\/marcali.plebania.hu\/wp-content\/uploads\/2019\/09\/09-768x512.jpg 768w, https:\/\/marcali.plebania.hu\/wp-content\/uploads\/2019\/09\/09-405x270.jpg 405w\" sizes=\"auto, (max-width: 1024px) 100vw, 1024px\" \/><\/figure><\/li><li class=\"blocks-gallery-item\"><figure><img loading=\"lazy\" decoding=\"async\" width=\"1024\" height=\"683\" src=\"https:\/\/marcali.plebania.hu\/wp-content\/uploads\/2019\/09\/14-1-1024x683.jpg\" alt=\"\" data-id=\"1143\" data-link=\"https:\/\/marcali.plebania.hu\/?attachment_id=1143\" class=\"wp-image-1143\" srcset=\"https:\/\/marcali.plebania.hu\/wp-content\/uploads\/2019\/09\/14-1-1024x683.jpg 1024w, https:\/\/marcali.plebania.hu\/wp-content\/uploads\/2019\/09\/14-1-300x200.jpg 300w, https:\/\/marcali.plebania.hu\/wp-content\/uploads\/2019\/09\/14-1-768x512.jpg 768w, https:\/\/marcali.plebania.hu\/wp-content\/uploads\/2019\/09\/14-1-405x270.jpg 405w\" sizes=\"auto, (max-width: 1024px) 100vw, 1024px\" \/><\/figure><\/li><li class=\"blocks-gallery-item\"><figure><img loading=\"lazy\" decoding=\"async\" width=\"1024\" height=\"683\" src=\"https:\/\/marcali.plebania.hu\/wp-content\/uploads\/2019\/09\/13-1-1024x683.jpg\" alt=\"\" data-id=\"1144\" data-link=\"https:\/\/marcali.plebania.hu\/?attachment_id=1144\" class=\"wp-image-1144\" srcset=\"https:\/\/marcali.plebania.hu\/wp-content\/uploads\/2019\/09\/13-1-1024x683.jpg 1024w, https:\/\/marcali.plebania.hu\/wp-content\/uploads\/2019\/09\/13-1-300x200.jpg 300w, https:\/\/marcali.plebania.hu\/wp-content\/uploads\/2019\/09\/13-1-768x512.jpg 768w, https:\/\/marcali.plebania.hu\/wp-content\/uploads\/2019\/09\/13-1-405x270.jpg 405w\" sizes=\"auto, (max-width: 1024px) 100vw, 1024px\" \/><\/figure><\/li><\/ul>\n\n\n\n<p>Az\nel\u0151ad\u00f3, aki az orsz\u00e1gos K\u00c9SZ eln\u00f6k imm\u00e1r 3 \u00e9ve, k\u00f6zvetlen hangon mes\u00e9lt arr\u00f3l,\nhogy az orsz\u00e1g 74 K\u00c9SZ szervezet\u00e9b\u0151l imm\u00e1ron 63-at szem\u00e9lyesen is megl\u00e1togatott\naz elm\u00falt 3 \u00e9v alatt, s \u00f6r\u00f6mmel j\u00f6tt hozz\u00e1nk is.<\/p>\n\n\n\n<p>Megtudtuk,\nhogy 21 \u00e9ve g\u00f6r\u00f6gkatolikus pap, n\u0151s ember, feles\u00e9ge orvosn\u0151, k\u00e9t l\u00e1nyuk van.<\/p>\n\n\n\n<p>Sok-sok\nolyan inform\u00e1ci\u00f3t osztott meg a hallgat\u00f3s\u00e1ggal, amit csak fel\u00fcletesen\nismert\u00fcnk. A keleti egyh\u00e1zban a h\u00e1zass\u00e1g a papokn\u00e1l term\u00e9szetese, de a\nc\u00f6lib\u00e1tus is elfogadott, aki azt v\u00e1lasztja.<\/p>\n\n\n\n<p>A\nmis\u00e9t \u0151k liturgi\u00e1nak nevezik, a papot par\u00f3kusnak. Annyira k\u00f6zelinek mutatta be\na g\u00f6r\u00f6g \u00e9s a nyugati kereszt\u00e9nys\u00e9get, hogy a k\u00f6z\u00f6s mise, a szent\u00e1ldoz\u00e1s, a\ngy\u00f3n\u00e1s egym\u00e1s mis\u00e9in term\u00e9szetesen jelen van.<\/p>\n\n\n\n<p>A\nkeleti egyh\u00e1zban a templomokban nincs szobor\u00e1br\u00e1zol\u00e1s, csak k\u00e9pek, ikonok\nvannak. Hasonl\u00f3an a nyugati egyh\u00e1zhoz, itt is a tan\u00edt\u00e1s volt az els\u0151dleges, a l\u00e1ttat\u00e1s\n\u2013, az olvas\u00e1s helyett.<\/p>\n\n\n\n<p>A\ntemplomaikban nincs feh\u00e9r. Minden festett, sz\u00ednes. A k\u00e9pek meghat\u00e1rozott,\nhagyom\u00e1nyos fest\u00e9kkel k\u00e9sz\u00fclnek. \u00c9s ritka, hogy al\u00e1\u00edr\u00e1s lenne egy k\u00e9p sark\u00e1ban.<\/p>\n\n\n\n<p>Az\nikon-fest\u00e9s szab\u00e1lya, nem az \u00f6nmegval\u00f3s\u00edt\u00e1sban rejlik, hanem az egyh\u00e1z HIT\u00c9T\nt\u00e1rja el\u00e9nk. A k\u00e9pek az el\u0151tte \u00e1ll\u00f3ban olvadnak \u00f6ssze, a jelenl\u00e9v\u0151 szem\u00e9ly r\u00e9sz\u00e9v\u00e9\nv\u00e1lik a k\u00e9p mondanival\u00f3j\u00e1val, az \u00e1br\u00e1zolt szem\u00e9llyel.<\/p>\n\n\n\n<p>Nem\negy k\u00e9pen J\u00e9zus arc\u00e1nak egyik fele isteni, a m\u00e1sik emberi \u00e1br\u00e1zol\u00e1st kap. \u00cdgy\nlesz egys\u00e9ges az Istenember \u00e1br\u00e1zol\u00e1s.<\/p>\n\n\n\n<p>Az\nel\u0151ad\u00f3 eml\u00e9keztetett arra, hogy a magyar \u00e1tlag fiatal, napi 5 \u00f3r\u00e1t t\u00f6lt a\n\u201ek\u00fcty\u00fck\u201d el\u0151tt. Nem mindegy, mi j\u00f6n a szem\u00fcnk\u00f6n \u00e1t a sz\u00edv\u00fcnkbe. A ROSSZAT ne\nn\u00e9zz\u00fck, mert rossz hat\u00e1ssal van r\u00e1nk.<\/p>\n\n\n\n<p>Besz\u00e9lt\na 843-ig tart\u00f3 ikonrombol\u00e1sokr\u00f3l is, azok okair\u00f3l.<\/p>\n\n\n\n<p>A sz\u00ednes\nvet\u00edt\u00e9sen \u00e1t, a vil\u00e1g ikonjaib\u00f3l csemeg\u00e9zhett\u00fcnk. A mindenek Ura, a tan\u00edt\u00f3\nKrisztus, az \u00fajsz\u00f6vets\u00e9g t\u00f6rt\u00e9netei. Sz\u00e9pek voltak, s igazak. Az ikonfest\u0151\nIsten jelenl\u00e9t\u00e9ben im\u00e1dkozik. A fest\u00e9s is adott helyen t\u00f6rt\u00e9nik\u2026 m\u00e9lt\u00f3 helyen.<\/p>\n\n\n\n<p>Mint\naz el\u0151ad\u00e1son megtudtuk Makl\u00e1ry \u00far \u00e9desapja, b\u00e1tyja is ikonfest\u0151\u2026, s eg\u00e9sz \u00e9lete\naz ikonok k\u00f6z\u00f6tt tellett.<\/p>\n\n\n\n<p>Templomaikban\na templomhaj\u00f3 a h\u00edvek\u00e9, a szent\u00e9lybe csak felszentelt szem\u00e9ly l\u00e9phet be.<\/p>\n\n\n\n<p>A k\u00e9t r\u00e9sz elv\u00e1laszt\u00e1s\u00e1t az ikonoszt\u00e1z t\u00f6lti be. A sok-sok k\u00e9p szervezetten fel\u00e9p\u00edtett, de Szent Mikl\u00f3s, a keleti egyh\u00e1z v\u00e9d\u0151szentje \u2013, minden\u00fctt jelen van.<\/p>\n\n\n\n<ul class=\"wp-block-gallery columns-3 is-cropped wp-block-gallery-3 is-layout-flex wp-block-gallery-is-layout-flex\"><li class=\"blocks-gallery-item\"><figure><img loading=\"lazy\" decoding=\"async\" width=\"1024\" height=\"683\" src=\"https:\/\/marcali.plebania.hu\/wp-content\/uploads\/2019\/09\/18-1024x683.jpg\" alt=\"\" data-id=\"1145\" data-link=\"https:\/\/marcali.plebania.hu\/?attachment_id=1145\" class=\"wp-image-1145\" srcset=\"https:\/\/marcali.plebania.hu\/wp-content\/uploads\/2019\/09\/18-1024x683.jpg 1024w, https:\/\/marcali.plebania.hu\/wp-content\/uploads\/2019\/09\/18-300x200.jpg 300w, https:\/\/marcali.plebania.hu\/wp-content\/uploads\/2019\/09\/18-768x512.jpg 768w, https:\/\/marcali.plebania.hu\/wp-content\/uploads\/2019\/09\/18-405x270.jpg 405w\" sizes=\"auto, (max-width: 1024px) 100vw, 1024px\" \/><\/figure><\/li><li class=\"blocks-gallery-item\"><figure><img loading=\"lazy\" decoding=\"async\" width=\"1024\" height=\"683\" src=\"https:\/\/marcali.plebania.hu\/wp-content\/uploads\/2019\/09\/19-1024x683.jpg\" alt=\"\" data-id=\"1146\" data-link=\"https:\/\/marcali.plebania.hu\/?attachment_id=1146\" class=\"wp-image-1146\" srcset=\"https:\/\/marcali.plebania.hu\/wp-content\/uploads\/2019\/09\/19-1024x683.jpg 1024w, https:\/\/marcali.plebania.hu\/wp-content\/uploads\/2019\/09\/19-300x200.jpg 300w, https:\/\/marcali.plebania.hu\/wp-content\/uploads\/2019\/09\/19-768x512.jpg 768w, https:\/\/marcali.plebania.hu\/wp-content\/uploads\/2019\/09\/19-405x270.jpg 405w\" sizes=\"auto, (max-width: 1024px) 100vw, 1024px\" \/><\/figure><\/li><li class=\"blocks-gallery-item\"><figure><img loading=\"lazy\" decoding=\"async\" width=\"1024\" height=\"683\" src=\"https:\/\/marcali.plebania.hu\/wp-content\/uploads\/2019\/09\/25-1024x683.jpg\" alt=\"\" data-id=\"1147\" data-link=\"https:\/\/marcali.plebania.hu\/?attachment_id=1147\" class=\"wp-image-1147\" srcset=\"https:\/\/marcali.plebania.hu\/wp-content\/uploads\/2019\/09\/25-1024x683.jpg 1024w, https:\/\/marcali.plebania.hu\/wp-content\/uploads\/2019\/09\/25-300x200.jpg 300w, https:\/\/marcali.plebania.hu\/wp-content\/uploads\/2019\/09\/25-768x512.jpg 768w, https:\/\/marcali.plebania.hu\/wp-content\/uploads\/2019\/09\/25-405x270.jpg 405w\" sizes=\"auto, (max-width: 1024px) 100vw, 1024px\" \/><\/figure><\/li><li class=\"blocks-gallery-item\"><figure><img loading=\"lazy\" decoding=\"async\" width=\"1024\" height=\"683\" src=\"https:\/\/marcali.plebania.hu\/wp-content\/uploads\/2019\/09\/26-1024x683.jpg\" alt=\"\" data-id=\"1148\" data-link=\"https:\/\/marcali.plebania.hu\/?attachment_id=1148\" class=\"wp-image-1148\" srcset=\"https:\/\/marcali.plebania.hu\/wp-content\/uploads\/2019\/09\/26-1024x683.jpg 1024w, https:\/\/marcali.plebania.hu\/wp-content\/uploads\/2019\/09\/26-300x200.jpg 300w, https:\/\/marcali.plebania.hu\/wp-content\/uploads\/2019\/09\/26-768x512.jpg 768w, https:\/\/marcali.plebania.hu\/wp-content\/uploads\/2019\/09\/26-405x270.jpg 405w\" sizes=\"auto, (max-width: 1024px) 100vw, 1024px\" \/><\/figure><\/li><\/ul>\n\n\n\n<p>Hosszan\n\u00edrhatn\u00e1m a h\u00e1zi szent\u00e9lyek fontoss\u00e1g\u00e1t, az esk\u00fcv\u0151k\u00f6n a hagyom\u00e1nyos ikonk\u00e9pek\naj\u00e1nd\u00e9koz\u00e1s\u00e1t, amely napjainkra ism\u00e9t fontoss\u00e1 v\u00e1lt, hogy az ifj\u00fa p\u00e1rokat\n\u00f6sszek\u00f6sse, egy\u00fctt maradjanak \u00e9let\u00fck v\u00e9g\u00e9ig.<\/p>\n\n\n\n<p>Sokan,\nsok helyr\u0151l j\u00f6tt\u00fcnk \u00f6ssze ezen az est\u00e9n. Iv\u00e1n atya mellett, Inke, K\u00e9thely\npl\u00e9b\u00e1nosa is jelen volt, homokkom\u00e1romi n\u0151v\u00e9r habitusban, reform\u00e1tus,\nevang\u00e9likus, g\u00f6r\u00f6g, s mi r\u00f3mai katolikusok, \u00e9s sokan a k\u00f6rnyez\u0151 telep\u00fcl\u00e9sekr\u0151l\nis.<\/p>\n\n\n\n<p>Az im\u00e1val kezdett el\u0151ad\u00e1s, im\u00e1val z\u00e1rult. Az \u00e1ld\u00e1st most Iv\u00e1n atya k\u00e9r\u00e9s\u00e9re a metropolitai helyn\u00f6k Krisztus nev\u00e9nek ujjaival form\u00e1lt bet\u0171jel\u00e9vel adta r\u00e1nk, k\u00edv\u00e1nva, hogy v\u00e1ljunk mi is ikonn\u00e1 \u00e9let\u00fcnkkel a vil\u00e1gban.<\/p>\n\n\n\n<p>\u00cdrta:\nJ\u00e1ki Zolt\u00e1n<\/p>\n\n\n\n<p>Fot\u00f3k:\nKiss K\u00e1lm\u00e1n<\/p>\n","protected":false},"excerpt":{"rendered":"<p>2019. szeptember 10. kedd. Ikonok \u2013 Festett teol\u00f3gia c\u00edmmel tartott el\u0151ad\u00e1st Makl\u00e1ry \u00c1kos metropolitai helyn\u00f6k az X-h\u00e1z nagyterm\u00e9ben. A terem el\u00e9gnek bizonyult a sok megjelent \u00e9rdekl\u0151d\u0151 sz\u00e1m\u00e1ra, de p\u00f3tsz\u00e9keket kellett \u00e1thordani a karit\u00e1szb\u00f3l \u2013, hogy a t\u00f6bb mint 60 r\u00e9sztvev\u0151 le\u00fclhessen. Mint elhangzott a k\u00f6sz\u00f6nt\u0151ben, a Marcali K\u00c9SZ 24 \u00e9ve m\u0171k\u00f6dik a v\u00e1rosban. Oly\u2019 sok min\u0151s\u00e9gi rendezv\u00e9ny k\u00f6sz\u00f6nhet\u0151 dr. Laczkovics Anna eln\u00f6k asszony munk\u00e1ss\u00e1g\u00e1nak, hogy k\u00f6nyvet kellene \u00edrni r\u00f3la\u2026 Az el\u0151ad\u00f3, aki az orsz\u00e1gos K\u00c9SZ eln\u00f6k imm\u00e1r 3 \u00e9ve, k\u00f6zvetlen&#8230;<\/p>\n<p class=\"read-more\"><a class=\"btn btn-default\" href=\"https:\/\/marcali.plebania.hu\/?p=1136\"> Read More<span class=\"screen-reader-text\">  Read More<\/span><\/a><\/p>\n","protected":false},"author":2,"featured_media":0,"comment_status":"closed","ping_status":"open","sticky":false,"template":"","format":"standard","meta":{"footnotes":""},"categories":[1],"tags":[],"class_list":["post-1136","post","type-post","status-publish","format-standard","hentry","category-egyeb"],"_links":{"self":[{"href":"https:\/\/marcali.plebania.hu\/index.php?rest_route=\/wp\/v2\/posts\/1136","targetHints":{"allow":["GET"]}}],"collection":[{"href":"https:\/\/marcali.plebania.hu\/index.php?rest_route=\/wp\/v2\/posts"}],"about":[{"href":"https:\/\/marcali.plebania.hu\/index.php?rest_route=\/wp\/v2\/types\/post"}],"author":[{"embeddable":true,"href":"https:\/\/marcali.plebania.hu\/index.php?rest_route=\/wp\/v2\/users\/2"}],"replies":[{"embeddable":true,"href":"https:\/\/marcali.plebania.hu\/index.php?rest_route=%2Fwp%2Fv2%2Fcomments&post=1136"}],"version-history":[{"count":1,"href":"https:\/\/marcali.plebania.hu\/index.php?rest_route=\/wp\/v2\/posts\/1136\/revisions"}],"predecessor-version":[{"id":1149,"href":"https:\/\/marcali.plebania.hu\/index.php?rest_route=\/wp\/v2\/posts\/1136\/revisions\/1149"}],"wp:attachment":[{"href":"https:\/\/marcali.plebania.hu\/index.php?rest_route=%2Fwp%2Fv2%2Fmedia&parent=1136"}],"wp:term":[{"taxonomy":"category","embeddable":true,"href":"https:\/\/marcali.plebania.hu\/index.php?rest_route=%2Fwp%2Fv2%2Fcategories&post=1136"},{"taxonomy":"post_tag","embeddable":true,"href":"https:\/\/marcali.plebania.hu\/index.php?rest_route=%2Fwp%2Fv2%2Ftags&post=1136"}],"curies":[{"name":"wp","href":"https:\/\/api.w.org\/{rel}","templated":true}]}}