{"id":1150,"date":"2019-09-13T09:07:01","date_gmt":"2019-09-13T09:07:01","guid":{"rendered":"https:\/\/marcali.plebania.hu\/?p=1150"},"modified":"2019-09-13T09:07:01","modified_gmt":"2019-09-13T09:07:01","slug":"hirdetesek-2019-09-15","status":"publish","type":"post","link":"https:\/\/marcali.plebania.hu\/?p=1150","title":{"rendered":"Hirdet\u00e9sek, 2019. 09. 15."},"content":{"rendered":"\n<ol class=\"wp-block-list\"><li>Ma\nvan az \u00e9vk\u00f6zi 24. vas\u00e1rnap.<\/li><li>P\u00e9nteken\n17.30-kor szents\u00e9gim\u00e1d\u00e1s, 18 \u00f3rakor szentmise.<\/li><li>J\u00f6v\u0151\nvas\u00e1rnap 11 \u00f3rakor az Orb\u00e1n k\u00e1poln\u00e1n\u00e1l tarjuk a h\u00e1laad\u00f3 term\u00e9nybetakar\u00edt\u00f3\nszentmis\u00e9t, melyen r\u00e9szt vesznek a v\u00e1ros lengyel vend\u00e9gei is.<\/li><li>Megk\u00f6sz\u00f6nj\u00fck\na Marcali T\u0171zolt\u00f3s\u00e1g seg\u00edts\u00e9g\u00e9t a B. Gizella templomn\u00e1l v\u00e9gzett \u00e1llagmeg\u00f3v\u00e1si\nmunk\u00e1n\u00e1l.<\/li><\/ol>\n","protected":false},"excerpt":{"rendered":"<p>Ma van az \u00e9vk\u00f6zi 24. vas\u00e1rnap. P\u00e9nteken 17.30-kor szents\u00e9gim\u00e1d\u00e1s, 18 \u00f3rakor szentmise. J\u00f6v\u0151 vas\u00e1rnap 11 \u00f3rakor az Orb\u00e1n k\u00e1poln\u00e1n\u00e1l tarjuk a h\u00e1laad\u00f3 term\u00e9nybetakar\u00edt\u00f3 szentmis\u00e9t, melyen r\u00e9szt vesznek a v\u00e1ros lengyel vend\u00e9gei is. Megk\u00f6sz\u00f6nj\u00fck a Marcali T\u0171zolt\u00f3s\u00e1g seg\u00edts\u00e9g\u00e9t a B. Gizella templomn\u00e1l v\u00e9gzett \u00e1llagmeg\u00f3v\u00e1si munk\u00e1n\u00e1l.<\/p>\n","protected":false},"author":2,"featured_media":0,"comment_status":"closed","ping_status":"open","sticky":false,"template":"","format":"standard","meta":{"footnotes":""},"categories":[1],"tags":[],"class_list":["post-1150","post","type-post","status-publish","format-standard","hentry","category-egyeb"],"_links":{"self":[{"href":"https:\/\/marcali.plebania.hu\/index.php?rest_route=\/wp\/v2\/posts\/1150","targetHints":{"allow":["GET"]}}],"collection":[{"href":"https:\/\/marcali.plebania.hu\/index.php?rest_route=\/wp\/v2\/posts"}],"about":[{"href":"https:\/\/marcali.plebania.hu\/index.php?rest_route=\/wp\/v2\/types\/post"}],"author":[{"embeddable":true,"href":"https:\/\/marcali.plebania.hu\/index.php?rest_route=\/wp\/v2\/users\/2"}],"replies":[{"embeddable":true,"href":"https:\/\/marcali.plebania.hu\/index.php?rest_route=%2Fwp%2Fv2%2Fcomments&post=1150"}],"version-history":[{"count":1,"href":"https:\/\/marcali.plebania.hu\/index.php?rest_route=\/wp\/v2\/posts\/1150\/revisions"}],"predecessor-version":[{"id":1151,"href":"https:\/\/marcali.plebania.hu\/index.php?rest_route=\/wp\/v2\/posts\/1150\/revisions\/1151"}],"wp:attachment":[{"href":"https:\/\/marcali.plebania.hu\/index.php?rest_route=%2Fwp%2Fv2%2Fmedia&parent=1150"}],"wp:term":[{"taxonomy":"category","embeddable":true,"href":"https:\/\/marcali.plebania.hu\/index.php?rest_route=%2Fwp%2Fv2%2Fcategories&post=1150"},{"taxonomy":"post_tag","embeddable":true,"href":"https:\/\/marcali.plebania.hu\/index.php?rest_route=%2Fwp%2Fv2%2Ftags&post=1150"}],"curies":[{"name":"wp","href":"https:\/\/api.w.org\/{rel}","templated":true}]}}