{"id":1153,"date":"2019-09-20T07:00:06","date_gmt":"2019-09-20T07:00:06","guid":{"rendered":"https:\/\/marcali.plebania.hu\/?p=1153"},"modified":"2019-09-20T07:00:06","modified_gmt":"2019-09-20T07:00:06","slug":"hirdetesek-2019-09-22","status":"publish","type":"post","link":"https:\/\/marcali.plebania.hu\/?p=1153","title":{"rendered":"Hirdet\u00e9sek, 2019. 09. 22."},"content":{"rendered":"\n<ol class=\"wp-block-list\"><li>Ma\nvan az \u00e9vk\u00f6zi 25. vas\u00e1rnap. 11 \u00f3rakor az Orb\u00e1n k\u00e1poln\u00e1n\u00e1l term\u00e9nybetakar\u00edt\u00f3\nh\u00e1laad\u00f3 szentmise.<\/li><li>P\u00e9nteken\n17.30-kor szents\u00e9gim\u00e1d\u00e1s, 18 \u00f3rakor szentmise.<\/li><li>A\ngyermekek sz\u00e1m\u00e1ra szeptemberben, a szentmis\u00e9k el\u0151tt tan\u00e9vkezd\u0151 gy\u00f3n\u00e1si\nlehet\u0151s\u00e9g van.<\/li><li>\u00d6r\u00f6mmel\nk\u00f6z\u00f6lj\u00fck a testv\u00e9rekkel, hogy dr. Gyulai Botondot a megy\u00e9sp\u00fcsp\u00f6k 15 t\u00e1rs\u00e1val\negy\u00fctt lektorr\u00e1 avatta. Akolituss\u00e1 avat\u00e1sa Krisztus Kir\u00e1ly vas\u00e1rnapj\u00e1n lesz.<\/li><\/ol>\n","protected":false},"excerpt":{"rendered":"<p>Ma van az \u00e9vk\u00f6zi 25. vas\u00e1rnap. 11 \u00f3rakor az Orb\u00e1n k\u00e1poln\u00e1n\u00e1l term\u00e9nybetakar\u00edt\u00f3 h\u00e1laad\u00f3 szentmise. P\u00e9nteken 17.30-kor szents\u00e9gim\u00e1d\u00e1s, 18 \u00f3rakor szentmise. A gyermekek sz\u00e1m\u00e1ra szeptemberben, a szentmis\u00e9k el\u0151tt tan\u00e9vkezd\u0151 gy\u00f3n\u00e1si lehet\u0151s\u00e9g van. \u00d6r\u00f6mmel k\u00f6z\u00f6lj\u00fck a testv\u00e9rekkel, hogy dr. Gyulai Botondot a megy\u00e9sp\u00fcsp\u00f6k 15 t\u00e1rs\u00e1val egy\u00fctt lektorr\u00e1 avatta. Akolituss\u00e1 avat\u00e1sa Krisztus Kir\u00e1ly vas\u00e1rnapj\u00e1n lesz.<\/p>\n","protected":false},"author":2,"featured_media":0,"comment_status":"closed","ping_status":"open","sticky":false,"template":"","format":"standard","meta":{"footnotes":""},"categories":[1],"tags":[],"class_list":["post-1153","post","type-post","status-publish","format-standard","hentry","category-egyeb"],"_links":{"self":[{"href":"https:\/\/marcali.plebania.hu\/index.php?rest_route=\/wp\/v2\/posts\/1153","targetHints":{"allow":["GET"]}}],"collection":[{"href":"https:\/\/marcali.plebania.hu\/index.php?rest_route=\/wp\/v2\/posts"}],"about":[{"href":"https:\/\/marcali.plebania.hu\/index.php?rest_route=\/wp\/v2\/types\/post"}],"author":[{"embeddable":true,"href":"https:\/\/marcali.plebania.hu\/index.php?rest_route=\/wp\/v2\/users\/2"}],"replies":[{"embeddable":true,"href":"https:\/\/marcali.plebania.hu\/index.php?rest_route=%2Fwp%2Fv2%2Fcomments&post=1153"}],"version-history":[{"count":1,"href":"https:\/\/marcali.plebania.hu\/index.php?rest_route=\/wp\/v2\/posts\/1153\/revisions"}],"predecessor-version":[{"id":1154,"href":"https:\/\/marcali.plebania.hu\/index.php?rest_route=\/wp\/v2\/posts\/1153\/revisions\/1154"}],"wp:attachment":[{"href":"https:\/\/marcali.plebania.hu\/index.php?rest_route=%2Fwp%2Fv2%2Fmedia&parent=1153"}],"wp:term":[{"taxonomy":"category","embeddable":true,"href":"https:\/\/marcali.plebania.hu\/index.php?rest_route=%2Fwp%2Fv2%2Fcategories&post=1153"},{"taxonomy":"post_tag","embeddable":true,"href":"https:\/\/marcali.plebania.hu\/index.php?rest_route=%2Fwp%2Fv2%2Ftags&post=1153"}],"curies":[{"name":"wp","href":"https:\/\/api.w.org\/{rel}","templated":true}]}}