{"id":1155,"date":"2019-09-27T09:11:23","date_gmt":"2019-09-27T09:11:23","guid":{"rendered":"https:\/\/marcali.plebania.hu\/?p=1155"},"modified":"2019-09-27T09:11:23","modified_gmt":"2019-09-27T09:11:23","slug":"termenybetakarito-halaadas-marcaliban-lengyel-resztvevokkel","status":"publish","type":"post","link":"https:\/\/marcali.plebania.hu\/?p=1155","title":{"rendered":"Term\u00e9nybetakar\u00edt\u00f3 h\u00e1laad\u00e1s Marcaliban lengyel r\u00e9sztvev\u0151kkel"},"content":{"rendered":"\n<p>2019. szeptember 22-\u00e9n, vas\u00e1rnap 11 \u00f3rakor az Orb\u00e1n k\u00e1poln\u00e1n\u00e1l tartott\u00e1k az idei term\u00e9nybetakar\u00edt\u00f3 h\u00e1laad\u00f3 szentmis\u00e9t az \u201e\u00c9rik a sz\u0151l\u0151\u201d Sz\u00fcreti Fesztiv\u00e1l programsorozat keret\u00e9n bel\u00fcl.<\/p>\n\n\n\n<ul class=\"wp-block-gallery columns-3 is-cropped wp-block-gallery-1 is-layout-flex wp-block-gallery-is-layout-flex\"><li class=\"blocks-gallery-item\"><figure><img loading=\"lazy\" decoding=\"async\" width=\"1024\" height=\"683\" src=\"https:\/\/marcali.plebania.hu\/wp-content\/uploads\/2019\/09\/02-1-1024x683.jpg\" alt=\"\" data-id=\"1156\" data-link=\"https:\/\/marcali.plebania.hu\/?attachment_id=1156\" class=\"wp-image-1156\" srcset=\"https:\/\/marcali.plebania.hu\/wp-content\/uploads\/2019\/09\/02-1-1024x683.jpg 1024w, https:\/\/marcali.plebania.hu\/wp-content\/uploads\/2019\/09\/02-1-300x200.jpg 300w, https:\/\/marcali.plebania.hu\/wp-content\/uploads\/2019\/09\/02-1-768x512.jpg 768w, https:\/\/marcali.plebania.hu\/wp-content\/uploads\/2019\/09\/02-1-405x270.jpg 405w\" sizes=\"auto, (max-width: 1024px) 100vw, 1024px\" \/><\/figure><\/li><li class=\"blocks-gallery-item\"><figure><img loading=\"lazy\" decoding=\"async\" width=\"1024\" height=\"683\" src=\"https:\/\/marcali.plebania.hu\/wp-content\/uploads\/2019\/09\/03-1024x683.jpg\" alt=\"\" data-id=\"1157\" data-link=\"https:\/\/marcali.plebania.hu\/?attachment_id=1157\" class=\"wp-image-1157\" srcset=\"https:\/\/marcali.plebania.hu\/wp-content\/uploads\/2019\/09\/03-1024x683.jpg 1024w, https:\/\/marcali.plebania.hu\/wp-content\/uploads\/2019\/09\/03-300x200.jpg 300w, https:\/\/marcali.plebania.hu\/wp-content\/uploads\/2019\/09\/03-768x512.jpg 768w, https:\/\/marcali.plebania.hu\/wp-content\/uploads\/2019\/09\/03-405x270.jpg 405w\" sizes=\"auto, (max-width: 1024px) 100vw, 1024px\" \/><\/figure><\/li><li class=\"blocks-gallery-item\"><figure><img loading=\"lazy\" decoding=\"async\" width=\"1024\" height=\"683\" src=\"https:\/\/marcali.plebania.hu\/wp-content\/uploads\/2019\/09\/04-2-1024x683.jpg\" alt=\"\" data-id=\"1158\" data-link=\"https:\/\/marcali.plebania.hu\/?attachment_id=1158\" class=\"wp-image-1158\" srcset=\"https:\/\/marcali.plebania.hu\/wp-content\/uploads\/2019\/09\/04-2-1024x683.jpg 1024w, https:\/\/marcali.plebania.hu\/wp-content\/uploads\/2019\/09\/04-2-300x200.jpg 300w, https:\/\/marcali.plebania.hu\/wp-content\/uploads\/2019\/09\/04-2-768x512.jpg 768w, https:\/\/marcali.plebania.hu\/wp-content\/uploads\/2019\/09\/04-2-405x270.jpg 405w\" sizes=\"auto, (max-width: 1024px) 100vw, 1024px\" \/><\/figure><\/li><li class=\"blocks-gallery-item\"><figure><img loading=\"lazy\" decoding=\"async\" width=\"1024\" height=\"683\" src=\"https:\/\/marcali.plebania.hu\/wp-content\/uploads\/2019\/09\/01-1-1024x683.jpg\" alt=\"\" data-id=\"1159\" data-link=\"https:\/\/marcali.plebania.hu\/?attachment_id=1159\" class=\"wp-image-1159\" srcset=\"https:\/\/marcali.plebania.hu\/wp-content\/uploads\/2019\/09\/01-1-1024x683.jpg 1024w, https:\/\/marcali.plebania.hu\/wp-content\/uploads\/2019\/09\/01-1-300x200.jpg 300w, https:\/\/marcali.plebania.hu\/wp-content\/uploads\/2019\/09\/01-1-768x512.jpg 768w, https:\/\/marcali.plebania.hu\/wp-content\/uploads\/2019\/09\/01-1-405x270.jpg 405w\" sizes=\"auto, (max-width: 1024px) 100vw, 1024px\" \/><\/figure><\/li><\/ul>\n\n\n\n<p>A j\u00f3 id\u0151re val\u00f3 tekintettel, a k\u00e1polna bej\u00e1rata el\u00e9 s\u00e1trat emeltek az egyh\u00e1zk\u00f6zs\u00e9g akt\u00edvabb tagjai, \u00edgy a szabadt\u00e9ren megtartott szentmis\u00e9n k\u00e9nyelmesen elf\u00e9rtek a marcali h\u00edvek, \u00e9s vend\u00e9gek, valamint a v\u00e1rosunkban tart\u00f3zkod\u00f3 lengyel k\u00fcld\u00f6tts\u00e9g k\u00e9pvisel\u0151i is. Ugyanis a lengyelorsz\u00e1gi Krotoszyn j\u00e1r\u00e1s deleg\u00e1ci\u00f3j\u00e1nak tagjai \u00e9ppen a k\u00e9t \u00e9vvel ezel\u0151tti marcali l\u00e1togat\u00e1st viszonozt\u00e1k. A h\u00e1laad\u00e1son dr. S\u00fct\u0151 L\u00e1szl\u00f3 \u00e9s Gal\u00e1cz Gy\u00f6rgy, balatonm\u00e1riaf\u00fcrd\u0151i polg\u00e1rmester, valamint t\u00f6bb \u00f6nkorm\u00e1nyzati k\u00e9pvisel\u0151 is jelen volt.<\/p>\n\n\n\n<ul class=\"wp-block-gallery columns-3 is-cropped wp-block-gallery-2 is-layout-flex wp-block-gallery-is-layout-flex\"><li class=\"blocks-gallery-item\"><figure><img loading=\"lazy\" decoding=\"async\" width=\"1024\" height=\"683\" src=\"https:\/\/marcali.plebania.hu\/wp-content\/uploads\/2019\/09\/07-2-1024x683.jpg\" alt=\"\" data-id=\"1160\" data-link=\"https:\/\/marcali.plebania.hu\/?attachment_id=1160\" class=\"wp-image-1160\" srcset=\"https:\/\/marcali.plebania.hu\/wp-content\/uploads\/2019\/09\/07-2-1024x683.jpg 1024w, https:\/\/marcali.plebania.hu\/wp-content\/uploads\/2019\/09\/07-2-300x200.jpg 300w, https:\/\/marcali.plebania.hu\/wp-content\/uploads\/2019\/09\/07-2-768x512.jpg 768w, https:\/\/marcali.plebania.hu\/wp-content\/uploads\/2019\/09\/07-2-405x270.jpg 405w\" sizes=\"auto, (max-width: 1024px) 100vw, 1024px\" \/><\/figure><\/li><li class=\"blocks-gallery-item\"><figure><img loading=\"lazy\" decoding=\"async\" width=\"1024\" height=\"683\" src=\"https:\/\/marcali.plebania.hu\/wp-content\/uploads\/2019\/09\/08-2-1024x683.jpg\" alt=\"\" data-id=\"1161\" data-link=\"https:\/\/marcali.plebania.hu\/?attachment_id=1161\" class=\"wp-image-1161\" srcset=\"https:\/\/marcali.plebania.hu\/wp-content\/uploads\/2019\/09\/08-2-1024x683.jpg 1024w, https:\/\/marcali.plebania.hu\/wp-content\/uploads\/2019\/09\/08-2-300x200.jpg 300w, https:\/\/marcali.plebania.hu\/wp-content\/uploads\/2019\/09\/08-2-768x512.jpg 768w, https:\/\/marcali.plebania.hu\/wp-content\/uploads\/2019\/09\/08-2-405x270.jpg 405w\" sizes=\"auto, (max-width: 1024px) 100vw, 1024px\" \/><\/figure><\/li><li class=\"blocks-gallery-item\"><figure><img loading=\"lazy\" decoding=\"async\" width=\"1024\" height=\"683\" src=\"https:\/\/marcali.plebania.hu\/wp-content\/uploads\/2019\/09\/09-1-1024x683.jpg\" alt=\"\" data-id=\"1162\" data-link=\"https:\/\/marcali.plebania.hu\/?attachment_id=1162\" class=\"wp-image-1162\" srcset=\"https:\/\/marcali.plebania.hu\/wp-content\/uploads\/2019\/09\/09-1-1024x683.jpg 1024w, https:\/\/marcali.plebania.hu\/wp-content\/uploads\/2019\/09\/09-1-300x200.jpg 300w, https:\/\/marcali.plebania.hu\/wp-content\/uploads\/2019\/09\/09-1-768x512.jpg 768w, https:\/\/marcali.plebania.hu\/wp-content\/uploads\/2019\/09\/09-1-405x270.jpg 405w\" sizes=\"auto, (max-width: 1024px) 100vw, 1024px\" \/><\/figure><\/li><li class=\"blocks-gallery-item\"><figure><img loading=\"lazy\" decoding=\"async\" width=\"1024\" height=\"683\" src=\"https:\/\/marcali.plebania.hu\/wp-content\/uploads\/2019\/09\/17-1024x683.jpg\" alt=\"\" data-id=\"1163\" data-link=\"https:\/\/marcali.plebania.hu\/?attachment_id=1163\" class=\"wp-image-1163\" srcset=\"https:\/\/marcali.plebania.hu\/wp-content\/uploads\/2019\/09\/17-1024x683.jpg 1024w, https:\/\/marcali.plebania.hu\/wp-content\/uploads\/2019\/09\/17-300x200.jpg 300w, https:\/\/marcali.plebania.hu\/wp-content\/uploads\/2019\/09\/17-768x512.jpg 768w, https:\/\/marcali.plebania.hu\/wp-content\/uploads\/2019\/09\/17-405x270.jpg 405w\" sizes=\"auto, (max-width: 1024px) 100vw, 1024px\" \/><\/figure><\/li><\/ul>\n\n\n\n<p>A szentmis\u00e9n Kiss Iv\u00e1n c. pr\u00e9post, esperes-pl\u00e9b\u00e1nos meg\u00e1ldotta a z\u00f6lds\u00e9g- \u00e9s gy\u00fcm\u00f6lcskosarakat, a h\u00edvek h\u00e1l\u00e1t adtak az\u00e9rt, hogy a sz\u00e9ls\u0151s\u00e9ges id\u0151j\u00e1r\u00e1s elker\u00fclte a gazd\u00e1k birtokait, lehet\u0151v\u00e9 t\u00e9ve a b\u0151 term\u00e9st. A gazd\u00e1k pedig a b\u0151s\u00e9ges term\u00e9s\u00e9rt adtak h\u00e1l\u00e1t Istennek a term\u00e9nyekkel \u00edzl\u00e9sesen feld\u00edsz\u00edtett szabadt\u00e9ri olt\u00e1rn\u00e1l. Iv\u00e1n atya megk\u00f6sz\u00f6nte mindazok munk\u00e1j\u00e1t, akik sz\u00e1ntottak, vetettek \u00e9s arattak, majd im\u00e1dkoztak a betakar\u00edt\u00e1st v\u00e9gz\u0151 gazd\u00e1k\u00e9rt is.<\/p>\n\n\n\n<p>Az istentisztelet v\u00e9g\u00e9n a pl\u00e9b\u00e1nos megk\u00f6sz\u00f6nte a lengyelek vend\u00e9gszeretet\u00e9t, megeml\u00e9kezett Szent II. J\u00e1nos P\u00e1l p\u00e1p\u00e1r\u00f3l \u00e9s az egyik sz\u00fclet\u00e9snapj\u00e1t \u00fcnnepl\u0151 lengyel f\u00e9rfit \u00e1roni \u00e1ld\u00e1ssal k\u00f6sz\u00f6nt\u00f6tt\u00e9k a jelenl\u00e9v\u0151k. A lengyel deleg\u00e1ci\u00f3 vezet\u0151je ezut\u00e1n viszonz\u00e1sk\u00e9pen egy jelk\u00e9pes, vir\u00e1gokkal d\u00edsz\u00edtett arat\u00e1si k\u00e9v\u00e9t \u00e9s k\u00fcl\u00f6nf\u00e9le aj\u00e1nd\u00e9kokat ny\u00fajtott \u00e1t Iv\u00e1n aty\u00e1nak. Az \u00fcnneps\u00e9get a magyar \u00e9s a lengyel himnuszok el\u00e9nekl\u00e9se tette felejthetetlenn\u00e9, kifejezve a k\u00e9t n\u00e9p m\u00e9lyen gy\u00f6kerez\u0151 t\u00f6rt\u00e9nelmi bar\u00e1ts\u00e1g\u00e1t.<\/p>\n\n\n\n<ul class=\"wp-block-gallery columns-3 is-cropped wp-block-gallery-3 is-layout-flex wp-block-gallery-is-layout-flex\"><li class=\"blocks-gallery-item\"><figure><img loading=\"lazy\" decoding=\"async\" width=\"1024\" height=\"683\" src=\"https:\/\/marcali.plebania.hu\/wp-content\/uploads\/2019\/09\/19-1-1024x683.jpg\" alt=\"\" data-id=\"1164\" data-link=\"https:\/\/marcali.plebania.hu\/?attachment_id=1164\" class=\"wp-image-1164\" srcset=\"https:\/\/marcali.plebania.hu\/wp-content\/uploads\/2019\/09\/19-1-1024x683.jpg 1024w, https:\/\/marcali.plebania.hu\/wp-content\/uploads\/2019\/09\/19-1-300x200.jpg 300w, https:\/\/marcali.plebania.hu\/wp-content\/uploads\/2019\/09\/19-1-768x512.jpg 768w, https:\/\/marcali.plebania.hu\/wp-content\/uploads\/2019\/09\/19-1-405x270.jpg 405w\" sizes=\"auto, (max-width: 1024px) 100vw, 1024px\" \/><\/figure><\/li><li class=\"blocks-gallery-item\"><figure><img loading=\"lazy\" decoding=\"async\" width=\"1024\" height=\"683\" src=\"https:\/\/marcali.plebania.hu\/wp-content\/uploads\/2019\/09\/20-1-1024x683.jpg\" alt=\"\" data-id=\"1165\" data-link=\"https:\/\/marcali.plebania.hu\/?attachment_id=1165\" class=\"wp-image-1165\" srcset=\"https:\/\/marcali.plebania.hu\/wp-content\/uploads\/2019\/09\/20-1-1024x683.jpg 1024w, https:\/\/marcali.plebania.hu\/wp-content\/uploads\/2019\/09\/20-1-300x200.jpg 300w, https:\/\/marcali.plebania.hu\/wp-content\/uploads\/2019\/09\/20-1-768x512.jpg 768w, https:\/\/marcali.plebania.hu\/wp-content\/uploads\/2019\/09\/20-1-405x270.jpg 405w\" sizes=\"auto, (max-width: 1024px) 100vw, 1024px\" \/><\/figure><\/li><li class=\"blocks-gallery-item\"><figure><img loading=\"lazy\" decoding=\"async\" width=\"1024\" height=\"683\" src=\"https:\/\/marcali.plebania.hu\/wp-content\/uploads\/2019\/09\/27-1024x683.jpg\" alt=\"\" data-id=\"1166\" data-link=\"https:\/\/marcali.plebania.hu\/?attachment_id=1166\" class=\"wp-image-1166\" srcset=\"https:\/\/marcali.plebania.hu\/wp-content\/uploads\/2019\/09\/27-1024x683.jpg 1024w, https:\/\/marcali.plebania.hu\/wp-content\/uploads\/2019\/09\/27-300x200.jpg 300w, https:\/\/marcali.plebania.hu\/wp-content\/uploads\/2019\/09\/27-768x512.jpg 768w, https:\/\/marcali.plebania.hu\/wp-content\/uploads\/2019\/09\/27-405x270.jpg 405w\" sizes=\"auto, (max-width: 1024px) 100vw, 1024px\" \/><\/figure><\/li><li class=\"blocks-gallery-item\"><figure><img loading=\"lazy\" decoding=\"async\" width=\"1024\" height=\"683\" src=\"https:\/\/marcali.plebania.hu\/wp-content\/uploads\/2019\/09\/28-1024x683.jpg\" alt=\"\" data-id=\"1167\" data-link=\"https:\/\/marcali.plebania.hu\/?attachment_id=1167\" class=\"wp-image-1167\" srcset=\"https:\/\/marcali.plebania.hu\/wp-content\/uploads\/2019\/09\/28-1024x683.jpg 1024w, https:\/\/marcali.plebania.hu\/wp-content\/uploads\/2019\/09\/28-300x200.jpg 300w, https:\/\/marcali.plebania.hu\/wp-content\/uploads\/2019\/09\/28-768x512.jpg 768w, https:\/\/marcali.plebania.hu\/wp-content\/uploads\/2019\/09\/28-405x270.jpg 405w\" sizes=\"auto, (max-width: 1024px) 100vw, 1024px\" \/><\/figure><\/li><\/ul>\n\n\n\n<p>A szentmise ut\u00e1n Kiss Iv\u00e1n atya a k\u00fcld\u00f6tts\u00e9g vezet\u0151inek r\u00f6viden bemutatta a k\u00e1poln\u00e1t \u00e9s elmondta v\u00e9d\u0151szentj\u00e9nek, Szent Orb\u00e1n p\u00e1p\u00e1nak a t\u00f6rt\u00e9net\u00e9t. A kertben \u2013 s\u00fctem\u00e9nnyel, pog\u00e1cs\u00e1val, friss\u00edt\u0151vel \u00e9s borral \u2013 egy kis \u00e1ll\u00f3fogad\u00e1s v\u00e1rta a jelenl\u00e9v\u0151ket Gelencs\u00e9r R\u00f3bert vil\u00e1gi eln\u00f6k \u00e9s a h\u00edvek j\u00f3volt\u00e1b\u00f3l.<\/p>\n\n\n\n<ul class=\"wp-block-gallery columns-3 is-cropped wp-block-gallery-4 is-layout-flex wp-block-gallery-is-layout-flex\"><li class=\"blocks-gallery-item\"><figure><img loading=\"lazy\" decoding=\"async\" width=\"1024\" height=\"683\" src=\"https:\/\/marcali.plebania.hu\/wp-content\/uploads\/2019\/09\/31-1024x683.jpg\" alt=\"\" data-id=\"1168\" data-link=\"https:\/\/marcali.plebania.hu\/?attachment_id=1168\" class=\"wp-image-1168\" srcset=\"https:\/\/marcali.plebania.hu\/wp-content\/uploads\/2019\/09\/31-1024x683.jpg 1024w, https:\/\/marcali.plebania.hu\/wp-content\/uploads\/2019\/09\/31-300x200.jpg 300w, https:\/\/marcali.plebania.hu\/wp-content\/uploads\/2019\/09\/31-768x512.jpg 768w, https:\/\/marcali.plebania.hu\/wp-content\/uploads\/2019\/09\/31-405x270.jpg 405w\" sizes=\"auto, (max-width: 1024px) 100vw, 1024px\" \/><\/figure><\/li><li class=\"blocks-gallery-item\"><figure><img loading=\"lazy\" decoding=\"async\" width=\"1024\" height=\"683\" src=\"https:\/\/marcali.plebania.hu\/wp-content\/uploads\/2019\/09\/35-1024x683.jpg\" alt=\"\" data-id=\"1169\" data-link=\"https:\/\/marcali.plebania.hu\/?attachment_id=1169\" class=\"wp-image-1169\" srcset=\"https:\/\/marcali.plebania.hu\/wp-content\/uploads\/2019\/09\/35-1024x683.jpg 1024w, https:\/\/marcali.plebania.hu\/wp-content\/uploads\/2019\/09\/35-300x200.jpg 300w, https:\/\/marcali.plebania.hu\/wp-content\/uploads\/2019\/09\/35-768x512.jpg 768w, https:\/\/marcali.plebania.hu\/wp-content\/uploads\/2019\/09\/35-405x270.jpg 405w\" sizes=\"auto, (max-width: 1024px) 100vw, 1024px\" \/><\/figure><\/li><li class=\"blocks-gallery-item\"><figure><img loading=\"lazy\" decoding=\"async\" width=\"1024\" height=\"683\" src=\"https:\/\/marcali.plebania.hu\/wp-content\/uploads\/2019\/09\/30-1024x683.jpg\" alt=\"\" data-id=\"1170\" data-link=\"https:\/\/marcali.plebania.hu\/?attachment_id=1170\" class=\"wp-image-1170\" srcset=\"https:\/\/marcali.plebania.hu\/wp-content\/uploads\/2019\/09\/30-1024x683.jpg 1024w, https:\/\/marcali.plebania.hu\/wp-content\/uploads\/2019\/09\/30-300x200.jpg 300w, https:\/\/marcali.plebania.hu\/wp-content\/uploads\/2019\/09\/30-768x512.jpg 768w, https:\/\/marcali.plebania.hu\/wp-content\/uploads\/2019\/09\/30-405x270.jpg 405w\" sizes=\"auto, (max-width: 1024px) 100vw, 1024px\" \/><\/figure><\/li><li class=\"blocks-gallery-item\"><figure><img loading=\"lazy\" decoding=\"async\" width=\"1024\" height=\"683\" src=\"https:\/\/marcali.plebania.hu\/wp-content\/uploads\/2019\/09\/33-1024x683.jpg\" alt=\"\" data-id=\"1171\" data-link=\"https:\/\/marcali.plebania.hu\/?attachment_id=1171\" class=\"wp-image-1171\" srcset=\"https:\/\/marcali.plebania.hu\/wp-content\/uploads\/2019\/09\/33-1024x683.jpg 1024w, https:\/\/marcali.plebania.hu\/wp-content\/uploads\/2019\/09\/33-300x200.jpg 300w, https:\/\/marcali.plebania.hu\/wp-content\/uploads\/2019\/09\/33-768x512.jpg 768w, https:\/\/marcali.plebania.hu\/wp-content\/uploads\/2019\/09\/33-405x270.jpg 405w\" sizes=\"auto, (max-width: 1024px) 100vw, 1024px\" \/><\/figure><\/li><\/ul>\n","protected":false},"excerpt":{"rendered":"<p>2019. szeptember 22-\u00e9n, vas\u00e1rnap 11 \u00f3rakor az Orb\u00e1n k\u00e1poln\u00e1n\u00e1l tartott\u00e1k az idei term\u00e9nybetakar\u00edt\u00f3 h\u00e1laad\u00f3 szentmis\u00e9t az \u201e\u00c9rik a sz\u0151l\u0151\u201d Sz\u00fcreti Fesztiv\u00e1l programsorozat keret\u00e9n bel\u00fcl. A j\u00f3 id\u0151re val\u00f3 tekintettel, a k\u00e1polna bej\u00e1rata el\u00e9 s\u00e1trat emeltek az egyh\u00e1zk\u00f6zs\u00e9g akt\u00edvabb tagjai, \u00edgy a szabadt\u00e9ren megtartott szentmis\u00e9n k\u00e9nyelmesen elf\u00e9rtek a marcali h\u00edvek, \u00e9s vend\u00e9gek, valamint a v\u00e1rosunkban tart\u00f3zkod\u00f3 lengyel k\u00fcld\u00f6tts\u00e9g k\u00e9pvisel\u0151i is. Ugyanis a lengyelorsz\u00e1gi Krotoszyn j\u00e1r\u00e1s deleg\u00e1ci\u00f3j\u00e1nak tagjai \u00e9ppen a k\u00e9t \u00e9vvel ezel\u0151tti marcali l\u00e1togat\u00e1st viszonozt\u00e1k. A h\u00e1laad\u00e1son dr. S\u00fct\u0151 L\u00e1szl\u00f3 \u00e9s&#8230;<\/p>\n<p class=\"read-more\"><a class=\"btn btn-default\" href=\"https:\/\/marcali.plebania.hu\/?p=1155\"> Read More<span class=\"screen-reader-text\">  Read More<\/span><\/a><\/p>\n","protected":false},"author":2,"featured_media":0,"comment_status":"closed","ping_status":"open","sticky":false,"template":"","format":"standard","meta":{"footnotes":""},"categories":[1],"tags":[],"class_list":["post-1155","post","type-post","status-publish","format-standard","hentry","category-egyeb"],"_links":{"self":[{"href":"https:\/\/marcali.plebania.hu\/index.php?rest_route=\/wp\/v2\/posts\/1155","targetHints":{"allow":["GET"]}}],"collection":[{"href":"https:\/\/marcali.plebania.hu\/index.php?rest_route=\/wp\/v2\/posts"}],"about":[{"href":"https:\/\/marcali.plebania.hu\/index.php?rest_route=\/wp\/v2\/types\/post"}],"author":[{"embeddable":true,"href":"https:\/\/marcali.plebania.hu\/index.php?rest_route=\/wp\/v2\/users\/2"}],"replies":[{"embeddable":true,"href":"https:\/\/marcali.plebania.hu\/index.php?rest_route=%2Fwp%2Fv2%2Fcomments&post=1155"}],"version-history":[{"count":1,"href":"https:\/\/marcali.plebania.hu\/index.php?rest_route=\/wp\/v2\/posts\/1155\/revisions"}],"predecessor-version":[{"id":1172,"href":"https:\/\/marcali.plebania.hu\/index.php?rest_route=\/wp\/v2\/posts\/1155\/revisions\/1172"}],"wp:attachment":[{"href":"https:\/\/marcali.plebania.hu\/index.php?rest_route=%2Fwp%2Fv2%2Fmedia&parent=1155"}],"wp:term":[{"taxonomy":"category","embeddable":true,"href":"https:\/\/marcali.plebania.hu\/index.php?rest_route=%2Fwp%2Fv2%2Fcategories&post=1155"},{"taxonomy":"post_tag","embeddable":true,"href":"https:\/\/marcali.plebania.hu\/index.php?rest_route=%2Fwp%2Fv2%2Ftags&post=1155"}],"curies":[{"name":"wp","href":"https:\/\/api.w.org\/{rel}","templated":true}]}}