{"id":1173,"date":"2019-09-27T09:12:08","date_gmt":"2019-09-27T09:12:08","guid":{"rendered":"https:\/\/marcali.plebania.hu\/?p=1173"},"modified":"2019-09-27T09:12:08","modified_gmt":"2019-09-27T09:12:08","slug":"hirdetesek-2019-09-29","status":"publish","type":"post","link":"https:\/\/marcali.plebania.hu\/?p=1173","title":{"rendered":"Hirdet\u00e9sek, 2019. 09. 29."},"content":{"rendered":"\n<ol class=\"wp-block-list\"><li>Ma\nvan az \u00e9vk\u00f6zi 26. vas\u00e1rnap.<\/li><li>Okt\u00f3ber\nh\u00f3napban r\u00f3zsaf\u00fcz\u00e9rt v\u00e9gz\u00fcnk az esti szentmis\u00e9k el\u0151tt f\u00e9l \u00f3r\u00e1val. A r\u00f3zsaf\u00fcz\u00e9rt\nvezeti kedden a J\u00e9zus Testv\u00e9rei Kisk\u00f6z\u00f6ss\u00e9g, szerd\u00e1n Szent Erzs\u00e9bet Imak\u00f6r,\np\u00e9nteken a R\u00f3zsaf\u00fcz\u00e9r T\u00e1rsulat, szombaton a K\u00e9pvisel\u0151 Test\u00fclet. H\u00e9tf\u0151n az\nEngesztel\u0151 Imak\u00f6r, az ima\u00f3ra keret\u00e9ben mondja el a r\u00f3zsaf\u00fcz\u00e9rt. Vas\u00e1rnaponk\u00e9nt\na gombai \u00e9s a B. Gizella-i mis\u00e9k el\u0151tt f\u00e9l \u00f3r\u00e1val lesz a r\u00f3zsaf\u00fcz\u00e9r.<\/li><li>A\nj\u00f6v\u0151 h\u00e9ten els\u0151 p\u00e9ntek, d\u00e9lel\u0151tt a h\u00e1zi betegek gy\u00f3ntat\u00e1sa, d\u00e9lut\u00e1n 17.30-t\u00f3l\nszents\u00e9gim\u00e1d\u00e1s, gy\u00f3ntat\u00e1s, 18 \u00f3rakor szentmise.<\/li><li>Els\u0151\nszombat is lesz, 17 \u00f3rakor ima\u00f3ra, 18 \u00f3rakor szentmise.<\/li><li>Okt\u00f3ber\n5-\u00e9n, szombaton, Segesden a pl\u00e9b\u00e1niatemplomban az Egyh\u00e1zmegyei R\u00f3zsaf\u00fcz\u00e9r\nT\u00e1rsulatok Lelki napja. Erre az alkalomra reggel 8 \u00f3rakor aut\u00f3busz indul a\ntej\u00fczem el\u0151l, amely a R\u00f3zsaf\u00fcz\u00e9r T\u00e1rsulati tagok r\u00e9sz\u00e9re ingyenes, a t\u00f6bbiek\nr\u00e9sz\u00e9re 1.000- Ft a r\u00e9szv\u00e9teli d\u00edj.<\/li><li>Okt\u00f3ber\n17-\u00e9n 13 \u00f3rakor a Kaposv\u00e1ri P\u00fcsp\u00f6ks\u00e9gen a Kereszt\u00e9ny V\u00e1llalkoz\u00f3k Tal\u00e1lkoz\u00f3ja\nlesz. A v\u00e1llalkoz\u00f3k sz\u00e1m\u00e1ra el\u0151ad\u00e1sok lesznek, bemutatkozik az \u00c9RME-h\u00e1l\u00f3zat. Marcalib\u00f3l\nis v\u00e1rj\u00e1k a kereszt\u00e9ny v\u00e1llalkoz\u00f3k megjelen\u00e9s\u00e9t.<\/li><\/ol>\n","protected":false},"excerpt":{"rendered":"<p>Ma van az \u00e9vk\u00f6zi 26. vas\u00e1rnap. Okt\u00f3ber h\u00f3napban r\u00f3zsaf\u00fcz\u00e9rt v\u00e9gz\u00fcnk az esti szentmis\u00e9k el\u0151tt f\u00e9l \u00f3r\u00e1val. A r\u00f3zsaf\u00fcz\u00e9rt vezeti kedden a J\u00e9zus Testv\u00e9rei Kisk\u00f6z\u00f6ss\u00e9g, szerd\u00e1n Szent Erzs\u00e9bet Imak\u00f6r, p\u00e9nteken a R\u00f3zsaf\u00fcz\u00e9r T\u00e1rsulat, szombaton a K\u00e9pvisel\u0151 Test\u00fclet. H\u00e9tf\u0151n az Engesztel\u0151 Imak\u00f6r, az ima\u00f3ra keret\u00e9ben mondja el a r\u00f3zsaf\u00fcz\u00e9rt. Vas\u00e1rnaponk\u00e9nt a gombai \u00e9s a B. Gizella-i mis\u00e9k el\u0151tt f\u00e9l \u00f3r\u00e1val lesz a r\u00f3zsaf\u00fcz\u00e9r. A j\u00f6v\u0151 h\u00e9ten els\u0151 p\u00e9ntek, d\u00e9lel\u0151tt a h\u00e1zi betegek gy\u00f3ntat\u00e1sa, d\u00e9lut\u00e1n 17.30-t\u00f3l szents\u00e9gim\u00e1d\u00e1s, gy\u00f3ntat\u00e1s, 18 \u00f3rakor szentmise. Els\u0151 szombat&#8230;<\/p>\n<p class=\"read-more\"><a class=\"btn btn-default\" href=\"https:\/\/marcali.plebania.hu\/?p=1173\"> Read More<span class=\"screen-reader-text\">  Read More<\/span><\/a><\/p>\n","protected":false},"author":2,"featured_media":0,"comment_status":"closed","ping_status":"open","sticky":false,"template":"","format":"standard","meta":{"footnotes":""},"categories":[1],"tags":[],"class_list":["post-1173","post","type-post","status-publish","format-standard","hentry","category-egyeb"],"_links":{"self":[{"href":"https:\/\/marcali.plebania.hu\/index.php?rest_route=\/wp\/v2\/posts\/1173","targetHints":{"allow":["GET"]}}],"collection":[{"href":"https:\/\/marcali.plebania.hu\/index.php?rest_route=\/wp\/v2\/posts"}],"about":[{"href":"https:\/\/marcali.plebania.hu\/index.php?rest_route=\/wp\/v2\/types\/post"}],"author":[{"embeddable":true,"href":"https:\/\/marcali.plebania.hu\/index.php?rest_route=\/wp\/v2\/users\/2"}],"replies":[{"embeddable":true,"href":"https:\/\/marcali.plebania.hu\/index.php?rest_route=%2Fwp%2Fv2%2Fcomments&post=1173"}],"version-history":[{"count":1,"href":"https:\/\/marcali.plebania.hu\/index.php?rest_route=\/wp\/v2\/posts\/1173\/revisions"}],"predecessor-version":[{"id":1174,"href":"https:\/\/marcali.plebania.hu\/index.php?rest_route=\/wp\/v2\/posts\/1173\/revisions\/1174"}],"wp:attachment":[{"href":"https:\/\/marcali.plebania.hu\/index.php?rest_route=%2Fwp%2Fv2%2Fmedia&parent=1173"}],"wp:term":[{"taxonomy":"category","embeddable":true,"href":"https:\/\/marcali.plebania.hu\/index.php?rest_route=%2Fwp%2Fv2%2Fcategories&post=1173"},{"taxonomy":"post_tag","embeddable":true,"href":"https:\/\/marcali.plebania.hu\/index.php?rest_route=%2Fwp%2Fv2%2Ftags&post=1173"}],"curies":[{"name":"wp","href":"https:\/\/api.w.org\/{rel}","templated":true}]}}