{"id":1176,"date":"2019-10-04T09:55:00","date_gmt":"2019-10-04T09:55:00","guid":{"rendered":"https:\/\/marcali.plebania.hu\/?p=1176"},"modified":"2019-10-04T09:55:00","modified_gmt":"2019-10-04T09:55:00","slug":"hirdetesek-2019-10-06","status":"publish","type":"post","link":"https:\/\/marcali.plebania.hu\/?p=1176","title":{"rendered":"Hirdet\u00e9sek, 2019. 10. 06."},"content":{"rendered":"\n<ol class=\"wp-block-list\"><li>Ma\nvan az \u00e9vk\u00f6zi 27. vas\u00e1rnap.<\/li><li>Okt\u00f3ber\nh\u00f3napban r\u00f3zsaf\u00fcz\u00e9rt v\u00e9gz\u00fcnk az esti szentmis\u00e9k el\u0151tt f\u00e9l \u00f3r\u00e1val. A r\u00f3zsaf\u00fcz\u00e9rt\nvezeti kedden a J\u00e9zus Testv\u00e9rei Kisk\u00f6z\u00f6ss\u00e9g, szerd\u00e1n Szent Erzs\u00e9bet Imak\u00f6r, p\u00e9nteken\na R\u00f3zsaf\u00fcz\u00e9r T\u00e1rsulat, szombaton a K\u00e9pvisel\u0151 Test\u00fclet. H\u00e9tf\u0151n az Engesztel\u0151\nImak\u00f6r, az ima\u00f3ra keret\u00e9ben mondja el a r\u00f3zsaf\u00fcz\u00e9rt. Vas\u00e1rnaponk\u00e9nt a gombai \u00e9s\na B. Gizella-i mis\u00e9k el\u0151tt f\u00e9l \u00f3r\u00e1val lesz a r\u00f3zsaf\u00fcz\u00e9r.<\/li><li>Okt\u00f3ber\n17-\u00e9n 13 \u00f3rakor a Kaposv\u00e1ri P\u00fcsp\u00f6ks\u00e9gen a Kereszt\u00e9ny V\u00e1llalkoz\u00f3k Tal\u00e1lkoz\u00f3ja\nlesz. A v\u00e1llalkoz\u00f3k sz\u00e1m\u00e1ra el\u0151ad\u00e1sok lesznek, bemutatkozik az \u00c9RME-h\u00e1l\u00f3zat.\nMarcalib\u00f3l is v\u00e1rj\u00e1k a kereszt\u00e9ny v\u00e1llalkoz\u00f3k megjelen\u00e9s\u00e9t.<\/li><li>A\nK\u00c9SZ Marcali Csoportja okt\u00f3ber 24-\u00e9n, cs\u00fct\u00f6rt\u00f6k\u00f6n tervezi zar\u00e1ndoklat\u00e1t Szombathely\n\u00e9s J\u00e1k szakr\u00e1lis \u00e9rt\u00e9keinek megtekint\u00e9s\u00e9re. A zar\u00e1ndoklatra b\u00e1rki jelentkezhet,\naz \u00fatik\u00f6lts\u00e9g: 3.500- Ft\/f\u0151. A K\u00c9SZ tagoknak a buszk\u00f6lts\u00e9g ingyenes. Jelentkezni\na pl\u00e9b\u00e1ni\u00e1n lehet.<\/li><\/ol>\n","protected":false},"excerpt":{"rendered":"<p>Ma van az \u00e9vk\u00f6zi 27. vas\u00e1rnap. Okt\u00f3ber h\u00f3napban r\u00f3zsaf\u00fcz\u00e9rt v\u00e9gz\u00fcnk az esti szentmis\u00e9k el\u0151tt f\u00e9l \u00f3r\u00e1val. A r\u00f3zsaf\u00fcz\u00e9rt vezeti kedden a J\u00e9zus Testv\u00e9rei Kisk\u00f6z\u00f6ss\u00e9g, szerd\u00e1n Szent Erzs\u00e9bet Imak\u00f6r, p\u00e9nteken a R\u00f3zsaf\u00fcz\u00e9r T\u00e1rsulat, szombaton a K\u00e9pvisel\u0151 Test\u00fclet. H\u00e9tf\u0151n az Engesztel\u0151 Imak\u00f6r, az ima\u00f3ra keret\u00e9ben mondja el a r\u00f3zsaf\u00fcz\u00e9rt. Vas\u00e1rnaponk\u00e9nt a gombai \u00e9s a B. Gizella-i mis\u00e9k el\u0151tt f\u00e9l \u00f3r\u00e1val lesz a r\u00f3zsaf\u00fcz\u00e9r. Okt\u00f3ber 17-\u00e9n 13 \u00f3rakor a Kaposv\u00e1ri P\u00fcsp\u00f6ks\u00e9gen a Kereszt\u00e9ny V\u00e1llalkoz\u00f3k Tal\u00e1lkoz\u00f3ja lesz. A v\u00e1llalkoz\u00f3k sz\u00e1m\u00e1ra el\u0151ad\u00e1sok lesznek, bemutatkozik az&#8230;<\/p>\n<p class=\"read-more\"><a class=\"btn btn-default\" href=\"https:\/\/marcali.plebania.hu\/?p=1176\"> Read More<span class=\"screen-reader-text\">  Read More<\/span><\/a><\/p>\n","protected":false},"author":2,"featured_media":0,"comment_status":"closed","ping_status":"open","sticky":false,"template":"","format":"standard","meta":{"footnotes":""},"categories":[1],"tags":[],"class_list":["post-1176","post","type-post","status-publish","format-standard","hentry","category-egyeb"],"_links":{"self":[{"href":"https:\/\/marcali.plebania.hu\/index.php?rest_route=\/wp\/v2\/posts\/1176","targetHints":{"allow":["GET"]}}],"collection":[{"href":"https:\/\/marcali.plebania.hu\/index.php?rest_route=\/wp\/v2\/posts"}],"about":[{"href":"https:\/\/marcali.plebania.hu\/index.php?rest_route=\/wp\/v2\/types\/post"}],"author":[{"embeddable":true,"href":"https:\/\/marcali.plebania.hu\/index.php?rest_route=\/wp\/v2\/users\/2"}],"replies":[{"embeddable":true,"href":"https:\/\/marcali.plebania.hu\/index.php?rest_route=%2Fwp%2Fv2%2Fcomments&post=1176"}],"version-history":[{"count":1,"href":"https:\/\/marcali.plebania.hu\/index.php?rest_route=\/wp\/v2\/posts\/1176\/revisions"}],"predecessor-version":[{"id":1177,"href":"https:\/\/marcali.plebania.hu\/index.php?rest_route=\/wp\/v2\/posts\/1176\/revisions\/1177"}],"wp:attachment":[{"href":"https:\/\/marcali.plebania.hu\/index.php?rest_route=%2Fwp%2Fv2%2Fmedia&parent=1176"}],"wp:term":[{"taxonomy":"category","embeddable":true,"href":"https:\/\/marcali.plebania.hu\/index.php?rest_route=%2Fwp%2Fv2%2Fcategories&post=1176"},{"taxonomy":"post_tag","embeddable":true,"href":"https:\/\/marcali.plebania.hu\/index.php?rest_route=%2Fwp%2Fv2%2Ftags&post=1176"}],"curies":[{"name":"wp","href":"https:\/\/api.w.org\/{rel}","templated":true}]}}