{"id":1181,"date":"2019-10-18T08:25:36","date_gmt":"2019-10-18T08:25:36","guid":{"rendered":"https:\/\/marcali.plebania.hu\/?p=1181"},"modified":"2019-10-18T08:25:36","modified_gmt":"2019-10-18T08:25:36","slug":"hirdetesek-2019-10-20","status":"publish","type":"post","link":"https:\/\/marcali.plebania.hu\/?p=1181","title":{"rendered":"Hirdet\u00e9sek, 2019. 10. 20."},"content":{"rendered":"\n<ol class=\"wp-block-list\"><li>Ma\nvan az \u00e9vk\u00f6zi 29. vas\u00e1rnap, a misszi\u00f3k vas\u00e1rnapja. Ma a templomi perselyp\u00e9nz a\nmisszi\u00f3k \u00fcgy\u00e9t szolg\u00e1lja.<\/li><li>A\nh\u00e9ten, szerd\u00e1n az 1956-os forradalmat \u00fcnnepelj\u00fck, este 18 \u00f3rakor \u00fcnnepi\nszentmise lesz a pl\u00e9b\u00e1niatemplomban, majd \u00fcnnepi m\u0171sor a H\u0151s\u00f6k ter\u00e9n l\u00e9v\u0151\neml\u00e9km\u0171n\u00e9l.<\/li><li>Cs\u00fct\u00f6rt\u00f6k\u00f6n\nreggel 6 \u00f3rakor indul a K\u00c9SZ-zar\u00e1ndoklata Szombathelyre \u00e9s J\u00e1kra a\npl\u00e9b\u00e1niatemplom el\u0151l. Akik a zar\u00e1ndok\u00fatra jelentkeztek \u00e9s nem K\u00c9SZ-tagok, azok\naz \u00fatik\u00f6lts\u00e9get, 3500- Ft-ot hozz\u00e1k be h\u00e9tf\u0151n a pl\u00e9b\u00e1ni\u00e1ra.<\/li><li>Az\nesti szentmis\u00e9k el\u0151tt 17.30-kor r\u00f3zsaf\u00fcz\u00e9rt im\u00e1dkozunk.<\/li><\/ol>\n","protected":false},"excerpt":{"rendered":"<p>Ma van az \u00e9vk\u00f6zi 29. vas\u00e1rnap, a misszi\u00f3k vas\u00e1rnapja. Ma a templomi perselyp\u00e9nz a misszi\u00f3k \u00fcgy\u00e9t szolg\u00e1lja. A h\u00e9ten, szerd\u00e1n az 1956-os forradalmat \u00fcnnepelj\u00fck, este 18 \u00f3rakor \u00fcnnepi szentmise lesz a pl\u00e9b\u00e1niatemplomban, majd \u00fcnnepi m\u0171sor a H\u0151s\u00f6k ter\u00e9n l\u00e9v\u0151 eml\u00e9km\u0171n\u00e9l. Cs\u00fct\u00f6rt\u00f6k\u00f6n reggel 6 \u00f3rakor indul a K\u00c9SZ-zar\u00e1ndoklata Szombathelyre \u00e9s J\u00e1kra a pl\u00e9b\u00e1niatemplom el\u0151l. Akik a zar\u00e1ndok\u00fatra jelentkeztek \u00e9s nem K\u00c9SZ-tagok, azok az \u00fatik\u00f6lts\u00e9get, 3500- Ft-ot hozz\u00e1k be h\u00e9tf\u0151n a pl\u00e9b\u00e1ni\u00e1ra. Az esti szentmis\u00e9k el\u0151tt 17.30-kor r\u00f3zsaf\u00fcz\u00e9rt im\u00e1dkozunk.<\/p>\n","protected":false},"author":2,"featured_media":0,"comment_status":"closed","ping_status":"open","sticky":false,"template":"","format":"standard","meta":{"footnotes":""},"categories":[1],"tags":[],"class_list":["post-1181","post","type-post","status-publish","format-standard","hentry","category-egyeb"],"_links":{"self":[{"href":"https:\/\/marcali.plebania.hu\/index.php?rest_route=\/wp\/v2\/posts\/1181","targetHints":{"allow":["GET"]}}],"collection":[{"href":"https:\/\/marcali.plebania.hu\/index.php?rest_route=\/wp\/v2\/posts"}],"about":[{"href":"https:\/\/marcali.plebania.hu\/index.php?rest_route=\/wp\/v2\/types\/post"}],"author":[{"embeddable":true,"href":"https:\/\/marcali.plebania.hu\/index.php?rest_route=\/wp\/v2\/users\/2"}],"replies":[{"embeddable":true,"href":"https:\/\/marcali.plebania.hu\/index.php?rest_route=%2Fwp%2Fv2%2Fcomments&post=1181"}],"version-history":[{"count":1,"href":"https:\/\/marcali.plebania.hu\/index.php?rest_route=\/wp\/v2\/posts\/1181\/revisions"}],"predecessor-version":[{"id":1182,"href":"https:\/\/marcali.plebania.hu\/index.php?rest_route=\/wp\/v2\/posts\/1181\/revisions\/1182"}],"wp:attachment":[{"href":"https:\/\/marcali.plebania.hu\/index.php?rest_route=%2Fwp%2Fv2%2Fmedia&parent=1181"}],"wp:term":[{"taxonomy":"category","embeddable":true,"href":"https:\/\/marcali.plebania.hu\/index.php?rest_route=%2Fwp%2Fv2%2Fcategories&post=1181"},{"taxonomy":"post_tag","embeddable":true,"href":"https:\/\/marcali.plebania.hu\/index.php?rest_route=%2Fwp%2Fv2%2Ftags&post=1181"}],"curies":[{"name":"wp","href":"https:\/\/api.w.org\/{rel}","templated":true}]}}