{"id":1183,"date":"2019-10-25T08:11:53","date_gmt":"2019-10-25T08:11:53","guid":{"rendered":"https:\/\/marcali.plebania.hu\/?p=1183"},"modified":"2019-10-25T08:11:53","modified_gmt":"2019-10-25T08:11:53","slug":"hirdetesek-2019-10-27","status":"publish","type":"post","link":"https:\/\/marcali.plebania.hu\/?p=1183","title":{"rendered":"Hirdet\u00e9sek, 2019. 10. 27."},"content":{"rendered":"\n<ol class=\"wp-block-list\"><li>Ma\nvan az \u00e9vk\u00f6zi 30. vas\u00e1rnap.<\/li><li>Mivel\n\u00e1tt\u00e9rt\u00fcnk a t\u00e9li id\u0151sz\u00e1m\u00edt\u00e1sra, az esti szentmis\u00e9k id\u0151pontja d\u00e9lut\u00e1n 5 \u00f3r\u00e1ra\nm\u00f3dosul.<\/li><li>Okt\u00f3ber\nh\u00f3napban a szentmis\u00e9k el\u0151tt f\u00e9l \u00f3r\u00e1val r\u00f3zsaf\u00fcz\u00e9rt im\u00e1dkozunk.<\/li><li>Mindenszenteki\n\u00e9s Halottak napi miserend. Mindenszentek (november 1. p\u00e9ntek): 17 \u00f3ra:\nszentmise a k\u00f6zponti temet\u0151 ravataloz\u00f3j\u00e1n\u00e1l (ut\u00e1na Halottak napi megeml\u00e9kez\u00e9s a\nK\u00e1lv\u00e1ri\u00e1n). Halottak napja (november 2. szombat): 9 \u00f3ra: szentmise a k\u00f6zponti\ntemet\u0151 k\u00e1poln\u00e1j\u00e1ban, 17 \u00f3ra: szentmise a pl\u00e9b\u00e1niatemplomban (el\u0151tte els\u0151\np\u00e9nteki szentgy\u00f3n\u00e1s). November 3. (vas\u00e1rnap): 9 \u00f3ra: pl\u00e9b\u00e1niatemplom, 11 \u00f3ra:\ngombai templom, 17 \u00f3ra: B. Gizella templom.<\/li><li>Mindenszentek\n\u00e9s Halottak napj\u00e1n teljes b\u00facs\u00fa nyerhet\u0151 a tiszt\u00edt\u00f3t\u0171zben szenved\u0151k jav\u00e1ra.\nFelt\u00e9tele, hogy valaki megl\u00e1togat egy temet\u0151t \u00e9s im\u00e1dkozik a megholtak\u00e9rt.<\/li><\/ol>\n","protected":false},"excerpt":{"rendered":"<p>Ma van az \u00e9vk\u00f6zi 30. vas\u00e1rnap. Mivel \u00e1tt\u00e9rt\u00fcnk a t\u00e9li id\u0151sz\u00e1m\u00edt\u00e1sra, az esti szentmis\u00e9k id\u0151pontja d\u00e9lut\u00e1n 5 \u00f3r\u00e1ra m\u00f3dosul. Okt\u00f3ber h\u00f3napban a szentmis\u00e9k el\u0151tt f\u00e9l \u00f3r\u00e1val r\u00f3zsaf\u00fcz\u00e9rt im\u00e1dkozunk. Mindenszenteki \u00e9s Halottak napi miserend. Mindenszentek (november 1. p\u00e9ntek): 17 \u00f3ra: szentmise a k\u00f6zponti temet\u0151 ravataloz\u00f3j\u00e1n\u00e1l (ut\u00e1na Halottak napi megeml\u00e9kez\u00e9s a K\u00e1lv\u00e1ri\u00e1n). Halottak napja (november 2. szombat): 9 \u00f3ra: szentmise a k\u00f6zponti temet\u0151 k\u00e1poln\u00e1j\u00e1ban, 17 \u00f3ra: szentmise a pl\u00e9b\u00e1niatemplomban (el\u0151tte els\u0151 p\u00e9nteki szentgy\u00f3n\u00e1s). November 3. (vas\u00e1rnap): 9 \u00f3ra: pl\u00e9b\u00e1niatemplom, 11 \u00f3ra: gombai&#8230;<\/p>\n<p class=\"read-more\"><a class=\"btn btn-default\" href=\"https:\/\/marcali.plebania.hu\/?p=1183\"> Read More<span class=\"screen-reader-text\">  Read More<\/span><\/a><\/p>\n","protected":false},"author":2,"featured_media":0,"comment_status":"closed","ping_status":"open","sticky":false,"template":"","format":"standard","meta":{"footnotes":""},"categories":[1],"tags":[],"class_list":["post-1183","post","type-post","status-publish","format-standard","hentry","category-egyeb"],"_links":{"self":[{"href":"https:\/\/marcali.plebania.hu\/index.php?rest_route=\/wp\/v2\/posts\/1183","targetHints":{"allow":["GET"]}}],"collection":[{"href":"https:\/\/marcali.plebania.hu\/index.php?rest_route=\/wp\/v2\/posts"}],"about":[{"href":"https:\/\/marcali.plebania.hu\/index.php?rest_route=\/wp\/v2\/types\/post"}],"author":[{"embeddable":true,"href":"https:\/\/marcali.plebania.hu\/index.php?rest_route=\/wp\/v2\/users\/2"}],"replies":[{"embeddable":true,"href":"https:\/\/marcali.plebania.hu\/index.php?rest_route=%2Fwp%2Fv2%2Fcomments&post=1183"}],"version-history":[{"count":1,"href":"https:\/\/marcali.plebania.hu\/index.php?rest_route=\/wp\/v2\/posts\/1183\/revisions"}],"predecessor-version":[{"id":1184,"href":"https:\/\/marcali.plebania.hu\/index.php?rest_route=\/wp\/v2\/posts\/1183\/revisions\/1184"}],"wp:attachment":[{"href":"https:\/\/marcali.plebania.hu\/index.php?rest_route=%2Fwp%2Fv2%2Fmedia&parent=1183"}],"wp:term":[{"taxonomy":"category","embeddable":true,"href":"https:\/\/marcali.plebania.hu\/index.php?rest_route=%2Fwp%2Fv2%2Fcategories&post=1183"},{"taxonomy":"post_tag","embeddable":true,"href":"https:\/\/marcali.plebania.hu\/index.php?rest_route=%2Fwp%2Fv2%2Ftags&post=1183"}],"curies":[{"name":"wp","href":"https:\/\/api.w.org\/{rel}","templated":true}]}}