{"id":1187,"date":"2019-10-29T15:59:35","date_gmt":"2019-10-29T15:59:35","guid":{"rendered":"https:\/\/marcali.plebania.hu\/?p=1187"},"modified":"2019-10-29T15:59:35","modified_gmt":"2019-10-29T15:59:35","slug":"a-kesz-marcali-csoportja-szombathely-es-jak-szakralis-ertekeinek-megtekintesere-szervezett-zarandoklatot","status":"publish","type":"post","link":"https:\/\/marcali.plebania.hu\/?p=1187","title":{"rendered":"A K\u00c9SZ Marcali Csoportja Szombathely \u00e9s J\u00e1k szakr\u00e1lis \u00e9rt\u00e9keinek megtekint\u00e9s\u00e9re szervezett zar\u00e1ndoklatot"},"content":{"rendered":"\n<p>2019. okt\u00f3ber 24-\u00e9n a Kereszt\u00e9ny \u00c9rtelmis\u00e9giek Sz\u00f6vets\u00e9ge (K\u00c9SZ) Marcali Csoportja szervez\u00e9s\u00e9ben 39 f\u0151s zar\u00e1ndokcsoport j\u00e1rt Szombathelyen \u00e9s J\u00e1kon, hogy megismerkedjenek a vall\u00e1s- \u00e9s kult\u00fart\u00f6rt\u00e9neti szempontb\u00f3l is jelent\u0151s telep\u00fcl\u00e9s szakr\u00e1lis \u00e9rt\u00e9keivel.<\/p>\n\n\n\n<ul class=\"wp-block-gallery columns-3 is-cropped wp-block-gallery-1 is-layout-flex wp-block-gallery-is-layout-flex\"><li class=\"blocks-gallery-item\"><figure><img loading=\"lazy\" decoding=\"async\" width=\"1024\" height=\"683\" src=\"https:\/\/marcali.plebania.hu\/wp-content\/uploads\/2019\/10\/07-1024x683.jpg\" alt=\"\" data-id=\"1188\" data-link=\"https:\/\/marcali.plebania.hu\/?attachment_id=1188\" class=\"wp-image-1188\" srcset=\"https:\/\/marcali.plebania.hu\/wp-content\/uploads\/2019\/10\/07-1024x683.jpg 1024w, https:\/\/marcali.plebania.hu\/wp-content\/uploads\/2019\/10\/07-300x200.jpg 300w, https:\/\/marcali.plebania.hu\/wp-content\/uploads\/2019\/10\/07-768x512.jpg 768w, https:\/\/marcali.plebania.hu\/wp-content\/uploads\/2019\/10\/07-405x270.jpg 405w\" sizes=\"auto, (max-width: 1024px) 100vw, 1024px\" \/><\/figure><\/li><li class=\"blocks-gallery-item\"><figure><img loading=\"lazy\" decoding=\"async\" width=\"1024\" height=\"683\" src=\"https:\/\/marcali.plebania.hu\/wp-content\/uploads\/2019\/10\/15-1024x683.jpg\" alt=\"\" data-id=\"1189\" data-link=\"https:\/\/marcali.plebania.hu\/?attachment_id=1189\" class=\"wp-image-1189\" srcset=\"https:\/\/marcali.plebania.hu\/wp-content\/uploads\/2019\/10\/15-1024x683.jpg 1024w, https:\/\/marcali.plebania.hu\/wp-content\/uploads\/2019\/10\/15-300x200.jpg 300w, https:\/\/marcali.plebania.hu\/wp-content\/uploads\/2019\/10\/15-768x512.jpg 768w, https:\/\/marcali.plebania.hu\/wp-content\/uploads\/2019\/10\/15-405x270.jpg 405w\" sizes=\"auto, (max-width: 1024px) 100vw, 1024px\" \/><\/figure><\/li><li class=\"blocks-gallery-item\"><figure><img loading=\"lazy\" decoding=\"async\" width=\"683\" height=\"1024\" src=\"https:\/\/marcali.plebania.hu\/wp-content\/uploads\/2019\/10\/06-683x1024.jpg\" alt=\"\" data-id=\"1190\" data-link=\"https:\/\/marcali.plebania.hu\/?attachment_id=1190\" class=\"wp-image-1190\" srcset=\"https:\/\/marcali.plebania.hu\/wp-content\/uploads\/2019\/10\/06-683x1024.jpg 683w, https:\/\/marcali.plebania.hu\/wp-content\/uploads\/2019\/10\/06-200x300.jpg 200w, https:\/\/marcali.plebania.hu\/wp-content\/uploads\/2019\/10\/06-768x1152.jpg 768w, https:\/\/marcali.plebania.hu\/wp-content\/uploads\/2019\/10\/06-180x270.jpg 180w\" sizes=\"auto, (max-width: 683px) 100vw, 683px\" \/><\/figure><\/li><li class=\"blocks-gallery-item\"><figure><img loading=\"lazy\" decoding=\"async\" width=\"1024\" height=\"683\" src=\"https:\/\/marcali.plebania.hu\/wp-content\/uploads\/2019\/10\/04-1024x683.jpg\" alt=\"\" data-id=\"1191\" data-link=\"https:\/\/marcali.plebania.hu\/?attachment_id=1191\" class=\"wp-image-1191\" srcset=\"https:\/\/marcali.plebania.hu\/wp-content\/uploads\/2019\/10\/04-1024x683.jpg 1024w, https:\/\/marcali.plebania.hu\/wp-content\/uploads\/2019\/10\/04-300x200.jpg 300w, https:\/\/marcali.plebania.hu\/wp-content\/uploads\/2019\/10\/04-768x512.jpg 768w, https:\/\/marcali.plebania.hu\/wp-content\/uploads\/2019\/10\/04-405x270.jpg 405w\" sizes=\"auto, (max-width: 1024px) 100vw, 1024px\" \/><\/figure><\/li><\/ul>\n\n\n\n<p>A zar\u00e1ndoklatot S\u00e1voly Andrea \u00e9s Kiss K\u00e1lm\u00e1n titk\u00e1r vezett\u00e9k. A buszos utaz\u00e1s els\u0151 \u00e1llom\u00e1sa a r\u00f3mai alap\u00edt\u00e1s\u00fa egykori Savari\u00e1ba, azaz Szent M\u00e1rton sz\u00fcl\u0151v\u00e1ros\u00e1ba vezetett. A marcali vend\u00e9geket G\u00f6m\u00f6ri Erzs\u00e9bet, a K\u00c9SZ Szombathelyi Csoportj\u00e1nak egyik akt\u00edv tagja fogata \u00e9s kalauzolta, aki elmondta, hogy a telep\u00fcl\u00e9sen a kereszt\u00e9nys\u00e9g m\u00e1r a legkor\u00e1bbi id\u0151k \u00f3ta jelen van. 875-ben alap\u00edtott\u00e1k az els\u0151 templomot Szent M\u00e1rton tisztelet\u00e9re. A v\u00e1rost azt\u00e1n Szent Istv\u00e1n kir\u00e1ly a gy\u0151ri p\u00fcsp\u00f6knek aj\u00e1nd\u00e9kozta, amely \u00e9vsz\u00e1zadokon kereszt\u00fcl oda tartozott. V\u00e9g\u00fcl 1777. febru\u00e1r 17-\u00e9n M\u00e1ria Ter\u00e9zia alap\u00edtotta meg az \u00f6n\u00e1ll\u00f3 Szombathelyi Egyh\u00e1zmegy\u00e9t. Az \u00faj vall\u00e1si k\u00f6zpont els\u0151 p\u00fcsp\u00f6ke Szily J\u00e1nos (1777-1799) volt, aki f\u00e1radhatatlan munk\u00e1val l\u00e1tott neki neh\u00e9z feladat\u00e1nak, hiszen p\u00fcsp\u00f6ki palot\u00e1t, sz\u00e9kesegyh\u00e1zat \u00e9s szemin\u00e1riumot kellett \u00e9p\u00edttetnie a mind\u00f6ssze 3000 f\u0151 lakos\u00fa telep\u00fcl\u00e9snek, amelynek r\u00e1ad\u00e1sul mind\u00f6ssze csak egyetlen k\u00e9temeletes \u00e9p\u00fclete volt ekkor.<\/p>\n\n\n\n<ul class=\"wp-block-gallery columns-3 is-cropped wp-block-gallery-2 is-layout-flex wp-block-gallery-is-layout-flex\"><li class=\"blocks-gallery-item\"><figure><img loading=\"lazy\" decoding=\"async\" width=\"1024\" height=\"683\" src=\"https:\/\/marcali.plebania.hu\/wp-content\/uploads\/2019\/10\/17-1024x683.jpg\" alt=\"\" data-id=\"1192\" data-link=\"https:\/\/marcali.plebania.hu\/?attachment_id=1192\" class=\"wp-image-1192\" srcset=\"https:\/\/marcali.plebania.hu\/wp-content\/uploads\/2019\/10\/17-1024x683.jpg 1024w, https:\/\/marcali.plebania.hu\/wp-content\/uploads\/2019\/10\/17-300x200.jpg 300w, https:\/\/marcali.plebania.hu\/wp-content\/uploads\/2019\/10\/17-768x512.jpg 768w, https:\/\/marcali.plebania.hu\/wp-content\/uploads\/2019\/10\/17-405x270.jpg 405w\" sizes=\"auto, (max-width: 1024px) 100vw, 1024px\" \/><\/figure><\/li><li class=\"blocks-gallery-item\"><figure><img loading=\"lazy\" decoding=\"async\" width=\"1024\" height=\"683\" src=\"https:\/\/marcali.plebania.hu\/wp-content\/uploads\/2019\/10\/18-1024x683.jpg\" alt=\"\" data-id=\"1193\" data-link=\"https:\/\/marcali.plebania.hu\/?attachment_id=1193\" class=\"wp-image-1193\" srcset=\"https:\/\/marcali.plebania.hu\/wp-content\/uploads\/2019\/10\/18-1024x683.jpg 1024w, https:\/\/marcali.plebania.hu\/wp-content\/uploads\/2019\/10\/18-300x200.jpg 300w, https:\/\/marcali.plebania.hu\/wp-content\/uploads\/2019\/10\/18-768x512.jpg 768w, https:\/\/marcali.plebania.hu\/wp-content\/uploads\/2019\/10\/18-405x270.jpg 405w\" sizes=\"auto, (max-width: 1024px) 100vw, 1024px\" \/><\/figure><\/li><li class=\"blocks-gallery-item\"><figure><img loading=\"lazy\" decoding=\"async\" width=\"1024\" height=\"683\" src=\"https:\/\/marcali.plebania.hu\/wp-content\/uploads\/2019\/10\/19-1024x683.jpg\" alt=\"\" data-id=\"1194\" data-link=\"https:\/\/marcali.plebania.hu\/?attachment_id=1194\" class=\"wp-image-1194\" srcset=\"https:\/\/marcali.plebania.hu\/wp-content\/uploads\/2019\/10\/19-1024x683.jpg 1024w, https:\/\/marcali.plebania.hu\/wp-content\/uploads\/2019\/10\/19-300x200.jpg 300w, https:\/\/marcali.plebania.hu\/wp-content\/uploads\/2019\/10\/19-768x512.jpg 768w, https:\/\/marcali.plebania.hu\/wp-content\/uploads\/2019\/10\/19-405x270.jpg 405w\" sizes=\"auto, (max-width: 1024px) 100vw, 1024px\" \/><\/figure><\/li><li class=\"blocks-gallery-item\"><figure><img loading=\"lazy\" decoding=\"async\" width=\"1024\" height=\"683\" src=\"https:\/\/marcali.plebania.hu\/wp-content\/uploads\/2019\/10\/14-1024x683.jpg\" alt=\"\" data-id=\"1195\" data-link=\"https:\/\/marcali.plebania.hu\/?attachment_id=1195\" class=\"wp-image-1195\" srcset=\"https:\/\/marcali.plebania.hu\/wp-content\/uploads\/2019\/10\/14-1024x683.jpg 1024w, https:\/\/marcali.plebania.hu\/wp-content\/uploads\/2019\/10\/14-300x200.jpg 300w, https:\/\/marcali.plebania.hu\/wp-content\/uploads\/2019\/10\/14-768x512.jpg 768w, https:\/\/marcali.plebania.hu\/wp-content\/uploads\/2019\/10\/14-405x270.jpg 405w\" sizes=\"auto, (max-width: 1024px) 100vw, 1024px\" \/><\/figure><\/li><\/ul>\n\n\n\n<p>A marcali zar\u00e1ndokok\nezut\u00e1n a sz\u00e9kesegyh\u00e1z\nt\u00f6rt\u00e9net\u00e9vel ismerkedtek meg. A Sarl\u00f3s Boldogasszony tisztelet\u00e9re emelt templom\nalaprajza latin keresztet form\u00e1z, st\u00edlus\u00e1t tekintve klassziciz\u00e1l\u00f3 barokk. A\nhomlokzatot k\u00e9t karcs\u00fa torony fogja k\u00f6zre. K\u00fcls\u0151 homlokzat\u00e1t n\u00e9gy toszk\u00e1n \u00e9s\nn\u00e9gy i\u00f3n oszlopok tagolj\u00e1k. A pill\u00e9reken: M\u00f3zes, Keresztel\u0151 Szent J\u00e1nos, Szent\nP\u00e9ter \u00e9s Szent P\u00e1l szobrai l\u00e1that\u00f3k, melyeket Philipp Prokop (1740-1814)\nosztr\u00e1k szobr\u00e1szmester k\u00e9sz\u00edtett. A pill\u00e9rek felett \u00fcl\u0151 n\u0151alak kehely (hit),\negy-egy gyermek a horog (rem\u00e9ny) \u00e9s kereszt (szeretet) alleg\u00f3ri\u00e1val l\u00e1that\u00f3. A\nSz\u00e9kesegyh\u00e1z m\u00e9reteit tekintve az esztergomi \u00e9s az egri ut\u00e1n a harmadik\nlegnagyobb templom, melynek befogad\u00f3k\u00e9pess\u00e9ge 5000 f\u0151. A barokk st\u00edlusnak klasszicizmusba\nhajl\u00f3 monument\u00e1lis alkot\u00e1sa 1791-1797 k\u00f6z\u00f6tt \u00e9p\u00fclt, azonban bels\u0151 d\u00edsz\u00edt\u00e9se\ncsak 1813-ra fejez\u0151d\u00f6tt be. Az eredeti mennyezetfresk\u00f3kat Josepf Winterhalder\n(1743-1807) \u00e9s Anton Spreng (1770-1845) k\u00e9sztette, sajnos a Szombathelyt \u00e9rt 1945-\u00f6s\nbomb\u00e1z\u00e1s k\u00f6vetkezt\u00e9ben azok megsemmis\u00fcltek. Az eredeti olt\u00e1rk\u00e9pek (Dorffmaister\nI., A. Maulbertsch, A. Spreng) k\u00f6z\u00fcl volt, ami teljesen, volt, ami csak r\u00e9szben\npusztult el. A kereszthaj\u00f3 jobb oldal\u00e1n az oldalk\u00e1polna festm\u00e9nye Szent M\u00e1rtont\n(A. Maulbertsch) a Szombathelyi Egyh\u00e1zmegye v\u00e9d\u0151szentj\u00e9t \u00e1br\u00e1zolja. M\u00e1rton\np\u00fcsp\u00f6k az \u00f3kori Savaria sz\u00fcl\u00f6tte. Az olt\u00e1ron elhelyezett Szent M\u00e1rton Herm\u00e1ban\na szent ereklyecsontjai vannak, melyeket Tours \u00e9rseke aj\u00e1nd\u00e9kozott az\negyh\u00e1zmegy\u00e9nek 1913-ban. Szent II. J\u00e1nos P\u00e1l p\u00e1pa szombathelyi l\u00e1togat\u00e1sakor\nenn\u00e9l az olt\u00e1rn\u00e1l im\u00e1dkozott (1991.) Eml\u00e9k\u00e9t \u0151rzi az itt elhelyezett bronzrelif\n(Lessenyei M\u00e1rta). A st\u00e1ci\u00f3kat Borsos Mikl\u00f3s szobr\u00e1szm\u0171v\u00e9sz k\u00e9sz\u00edtette. Szent\nKvirin v\u00e9rtan\u00fa p\u00fcsp\u00f6knek \u00e1ll\u00edt eml\u00e9ket a sekrestye melletti oldalk\u00e1polna (A.\nMaulbertsch). A kora kereszt\u00e9ny id\u0151kben 303 k\u00f6r\u00fcl, Kvirin p\u00fcsp\u00f6k Savari\u00e1ban\nszenvedett v\u00e9rtan\u00fahal\u00e1lt. A kereszthaj\u00f3ban l\u00e1that\u00f3 n\u00e9gy olajfestm\u00e9nyt\nKisl\u00e9ghy-Nagy \u00c1d\u00e1m kort\u00e1rs fest\u0151m\u0171v\u00e9sz k\u00e9sz\u00edtette. A szent\u00e9lyben ma l\u00e1that\u00f3\nf\u0151olt\u00e1rk\u00e9p Vizit\u00e1ci\u00f3, Tak\u00e1cs Istv\u00e1n alkot\u00e1sa. Az orgona magass\u00e1ga 12 m\u00e9ter,\nmelynek szekr\u00e9nyzete v\u00f6r\u00f6sfeny\u0151b\u0151l k\u00e9sz\u00fclt. A homlokzatban \u00e1ll\u00f3 s\u00edpok magass\u00e1ga\n6 m\u00e9ter. Az 1999-ben felszentelt \u2013 r\u00e9szben \u00faj &#8211; orgona 4500 s\u00edppal, 54\nregiszterrel \u00e9s 3 manu\u00e1llal felszerelt. A Sz\u00e9kesegyh\u00e1z alatti s\u00edrbolt\nSzombathely p\u00fcsp\u00f6keinek \u00e9s kanonokjainak temetkez\u00e9si helye.<\/p>\n\n\n\n<p>A\ncsoport ezut\u00e1n \u00e1tvonult a p\u00fcsp\u00f6ki palot\u00e1ba, ahol\n2017 \u00f3ta v\u00e9gre mindenki sz\u00e1m\u00e1ra l\u00e1togathat\u00f3k a rezidencia helyis\u00e9gei. A\nSzily J\u00e1nos Egyh\u00e1zmegyei Gy\u0171jtem\u00e9ny \u00e9s L\u00e1togat\u00f3k\u00f6zpont l\u00e9trej\u00f6tt\u00e9vel mind a\nm\u0171kincseket, mind a kiemelked\u0151 szem\u00e9lyis\u00e9gek eml\u00e9kki\u00e1ll\u00edt\u00e1sait egyetlen\nvezetett t\u00fara keret\u00e9ben tekinthetik meg az \u00e9rdekl\u0151d\u0151k.<\/p>\n\n\n\n<p>A f\u00f6ldszinten a l\u00e1togat\u00f3k\u00f6zpont \u00e1lland\u00f3\nki\u00e1ll\u00edt\u00e1sai, az emeleten az egyh\u00e1zmegyei kincst\u00e1r \u00e9s a p\u00fcsp\u00f6ki termek tekinthet\u0151k\nmeg, m\u00edg a m\u00e1sodik emeleten a k\u00f6zpont irod\u00e1i kaptak helyet.<\/p>\n\n\n\n<p>A felvon\u00f3 mellett l\u00e9phet\u00fcnk be az eddig\nis megl\u00e9v\u0151 \u00e9p\u00fcletr\u00e9szbe. A folyos\u00f3n \u00fajonnan k\u00e9sz\u00fclt tabl\u00f3k mutatj\u00e1k be az\negyh\u00e1zmegye t\u00f6rt\u00e9net\u00e9t, a tizen\u00f6t p\u00fcsp\u00f6k munk\u00e1ss\u00e1g\u00e1n kereszt\u00fcl. Itt kaptak helyet\naz 1991. \u00e9vi p\u00e1pal\u00e1togat\u00e1s relikvi\u00e1i \u2013 egyebek k\u00f6z\u00f6tt az a miseruha is, amelyet\nII. J\u00e1nos P\u00e1l p\u00e1pa a rept\u00e9ri szentmis\u00e9n viselt.<\/p>\n\n\n\n<p>Meg\u00fajult, cser\u00e9l\u0151d\u00f6tt viszont az egyh\u00e1zmegye kiemelked\u0151 szem\u00e9lyis\u00e9geinek eml\u00e9kki\u00e1ll\u00edt\u00e1sa. A \u201efeh\u00e9r v\u00e9rtan\u00fanak\u201d, Mindszenty J\u00f3zsefnek az 1971 ut\u00e1ni, k\u00fclf\u00f6ldi l\u00e1togat\u00e1sai sor\u00e1n kapott eml\u00e9kplakettjeit \u00e1ll\u00edtott\u00e1k ki, sz\u00e1mos csal\u00e1di fot\u00f3, k\u00f6nyvek \u00e9s egy\u00e9b szem\u00e9lyes t\u00e1rgyak t\u00e1rsas\u00e1g\u00e1ban. A Brenner J\u00e1nos-szob\u00e1ban nyomon k\u00f6vethetj\u00fck a v\u00e9rtan\u00fa pap gyermek-, kispap- \u00e9s k\u00e1pl\u00e1n\u00e9veit, a k\u00f6zponti t\u00e1rl\u00f3ban pedig a gyilkoss\u00e1g \u00e9jszak\u00e1j\u00e1n viselt reverend\u00e1j\u00e1t, v\u00e9res ing\u00e9t, a gyilkosok cip\u0151nyom\u00e1t is \u0151rz\u0151 koll\u00e1r\u00e9j\u00e1t. Egy k\u00e9perny\u0151n pedig a v\u00e9rtan\u00fa \u00f6ccs\u00e9nek, Brenner J\u00f3zsef nagypr\u00e9postnak visszaeml\u00e9kez\u0151 filmkock\u00e1it lehet megn\u00e9zni.<\/p>\n\n\n\n<ul class=\"wp-block-gallery columns-3 is-cropped wp-block-gallery-3 is-layout-flex wp-block-gallery-is-layout-flex\"><li class=\"blocks-gallery-item\"><figure><img loading=\"lazy\" decoding=\"async\" width=\"1024\" height=\"683\" src=\"https:\/\/marcali.plebania.hu\/wp-content\/uploads\/2019\/10\/09-1024x683.jpg\" alt=\"\" data-id=\"1200\" data-link=\"https:\/\/marcali.plebania.hu\/?attachment_id=1200\" class=\"wp-image-1200\" srcset=\"https:\/\/marcali.plebania.hu\/wp-content\/uploads\/2019\/10\/09-1024x683.jpg 1024w, https:\/\/marcali.plebania.hu\/wp-content\/uploads\/2019\/10\/09-300x200.jpg 300w, https:\/\/marcali.plebania.hu\/wp-content\/uploads\/2019\/10\/09-768x512.jpg 768w, https:\/\/marcali.plebania.hu\/wp-content\/uploads\/2019\/10\/09-405x270.jpg 405w\" sizes=\"auto, (max-width: 1024px) 100vw, 1024px\" \/><\/figure><\/li><li class=\"blocks-gallery-item\"><figure><img loading=\"lazy\" decoding=\"async\" width=\"1024\" height=\"683\" src=\"https:\/\/marcali.plebania.hu\/wp-content\/uploads\/2019\/10\/10-1024x683.jpg\" alt=\"\" data-id=\"1201\" data-link=\"https:\/\/marcali.plebania.hu\/?attachment_id=1201\" class=\"wp-image-1201\" srcset=\"https:\/\/marcali.plebania.hu\/wp-content\/uploads\/2019\/10\/10-1024x683.jpg 1024w, https:\/\/marcali.plebania.hu\/wp-content\/uploads\/2019\/10\/10-300x200.jpg 300w, https:\/\/marcali.plebania.hu\/wp-content\/uploads\/2019\/10\/10-768x512.jpg 768w, https:\/\/marcali.plebania.hu\/wp-content\/uploads\/2019\/10\/10-405x270.jpg 405w\" sizes=\"auto, (max-width: 1024px) 100vw, 1024px\" \/><\/figure><\/li><li class=\"blocks-gallery-item\"><figure><img loading=\"lazy\" decoding=\"async\" width=\"1024\" height=\"683\" src=\"https:\/\/marcali.plebania.hu\/wp-content\/uploads\/2019\/10\/11-1024x683.jpg\" alt=\"\" data-id=\"1202\" data-link=\"https:\/\/marcali.plebania.hu\/?attachment_id=1202\" class=\"wp-image-1202\" srcset=\"https:\/\/marcali.plebania.hu\/wp-content\/uploads\/2019\/10\/11-1024x683.jpg 1024w, https:\/\/marcali.plebania.hu\/wp-content\/uploads\/2019\/10\/11-300x200.jpg 300w, https:\/\/marcali.plebania.hu\/wp-content\/uploads\/2019\/10\/11-768x512.jpg 768w, https:\/\/marcali.plebania.hu\/wp-content\/uploads\/2019\/10\/11-405x270.jpg 405w\" sizes=\"auto, (max-width: 1024px) 100vw, 1024px\" \/><\/figure><\/li><li class=\"blocks-gallery-item\"><figure><img loading=\"lazy\" decoding=\"async\" width=\"1024\" height=\"683\" src=\"https:\/\/marcali.plebania.hu\/wp-content\/uploads\/2019\/10\/16-1024x683.jpg\" alt=\"\" data-id=\"1203\" data-link=\"https:\/\/marcali.plebania.hu\/?attachment_id=1203\" class=\"wp-image-1203\" srcset=\"https:\/\/marcali.plebania.hu\/wp-content\/uploads\/2019\/10\/16-1024x683.jpg 1024w, https:\/\/marcali.plebania.hu\/wp-content\/uploads\/2019\/10\/16-300x200.jpg 300w, https:\/\/marcali.plebania.hu\/wp-content\/uploads\/2019\/10\/16-768x512.jpg 768w, https:\/\/marcali.plebania.hu\/wp-content\/uploads\/2019\/10\/16-405x270.jpg 405w\" sizes=\"auto, (max-width: 1024px) 100vw, 1024px\" \/><\/figure><\/li><\/ul>\n\n\n\n<p>A p\u00fcsp\u00f6ki palot\u00e1ban\nl\u00e9tes\u00fclt a v\u00e1ros els\u0151 m\u00fazeuma a k\u00f6rny\u00e9ken fellelhet\u0151 r\u00e9gis\u00e9gekb\u0151l. A k\u00f6z\u00e9pkori\n\u0151snyomtatv\u00e1nyokb\u00f3l \u00e9s m\u00e1s \u00e9rt\u00e9kes k\u00f6tetekb\u0151l \u00e1ll\u00f3 saj\u00e1t k\u00f6nyvt\u00e1r\u00e1t a\nszemin\u00e1riumban helyezte el.<\/p>\n\n\n\n<p>Az az\u00f3ta eltelt t\u00f6bb\nmint 200 \u00e9v alatt sz\u00e1mos remekm\u0171vekkel gazdagodott a liturgikus t\u00e1rgyakat \u0151rz\u0151m\nsekrestye. A ki\u00e1ll\u00edt\u00e1sokon ezekb\u0151l a pomp\u00e1s \u00f6tv\u00f6smunk\u00e1kb\u00f3l \u00e9s text\u00edli\u00e1kb\u00f3l\nv\u00e1logattak, melyek a szent cselekm\u00e9nyek pomp\u00e1j\u00e1t \u00e9s f\u00e9ny\u00e9t emelt\u00e9k \u00e9vsz\u00e1zadokon\nkereszt\u00fcl.<\/p>\n\n\n\n<p>A marcali csoport\ntagjai ezut\u00e1n t\u00f6bb mint egy \u00f3r\u00e1s \u201eeb\u00e9did\u0151\u201d keret\u00e9ben s\u00e9t\u00e1lhattak a sz\u00e9pen\nfel\u00faj\u00edtott f\u0151t\u00e9r r\u00e9gi \u00e9p\u00fcletei k\u00f6z\u00f6tt, valamint ismerkedhettek a v\u00e1ros egy\u00e9b\n\u00e9p\u00edt\u00e9szeti remekeivel, mik\u00f6zben \u00e9ttermek, k\u00e1v\u00e9h\u00e1zak vagy \u00e9ppen a cukr\u00e1szd\u00e1k\nb\u0151s\u00e9ges lehet\u0151s\u00e9gei k\u00f6z\u00fcl is szabadon v\u00e1laszthattak.<\/p>\n\n\n\n<p>A zar\u00e1ndoklat m\u00e1sik c\u00e9lja az egykori benc\u00e9s ap\u00e1ts\u00e1g, J\u00e1k monument\u00e1lis bazilik\u00e1j\u00e1nak a megtekint\u00e9se volt, amely \u00e9p\u00edtm\u00e9ny a magyarorsz\u00e1gi rom\u00e1n \u00e9p\u00edt\u00e9szet kiemelked\u0151, szinte m\u00e1r szimbolikus alkot\u00e1sa. A hazai k\u00f6z\u00e9pkori nemzets\u00e9gi monostorok egyed\u00fcl\u00e1ll\u00f3 \u00e9ps\u00e9gben fennmaradt k\u00e9pvisel\u0151je, mely m\u0171v\u00e9szi gazdags\u00e1g\u00e1val, a t\u00e1j k\u00e9p\u00e9be illeszked\u0151 mesteri elhelyez\u00e9s\u00e9vel h\u00edvja fel mag\u00e1ra a figyelmet. <\/p>\n\n\n\n<ul class=\"wp-block-gallery columns-3 is-cropped wp-block-gallery-4 is-layout-flex wp-block-gallery-is-layout-flex\"><li class=\"blocks-gallery-item\"><figure><img loading=\"lazy\" decoding=\"async\" width=\"1024\" height=\"683\" src=\"https:\/\/marcali.plebania.hu\/wp-content\/uploads\/2019\/10\/22-1024x683.jpg\" alt=\"\" data-id=\"1196\" data-link=\"https:\/\/marcali.plebania.hu\/?attachment_id=1196\" class=\"wp-image-1196\" srcset=\"https:\/\/marcali.plebania.hu\/wp-content\/uploads\/2019\/10\/22-1024x683.jpg 1024w, https:\/\/marcali.plebania.hu\/wp-content\/uploads\/2019\/10\/22-300x200.jpg 300w, https:\/\/marcali.plebania.hu\/wp-content\/uploads\/2019\/10\/22-768x512.jpg 768w, https:\/\/marcali.plebania.hu\/wp-content\/uploads\/2019\/10\/22-405x270.jpg 405w\" sizes=\"auto, (max-width: 1024px) 100vw, 1024px\" \/><\/figure><\/li><li class=\"blocks-gallery-item\"><figure><img loading=\"lazy\" decoding=\"async\" width=\"1024\" height=\"683\" src=\"https:\/\/marcali.plebania.hu\/wp-content\/uploads\/2019\/10\/23-1024x683.jpg\" alt=\"\" data-id=\"1197\" data-link=\"https:\/\/marcali.plebania.hu\/?attachment_id=1197\" class=\"wp-image-1197\" srcset=\"https:\/\/marcali.plebania.hu\/wp-content\/uploads\/2019\/10\/23-1024x683.jpg 1024w, https:\/\/marcali.plebania.hu\/wp-content\/uploads\/2019\/10\/23-300x200.jpg 300w, https:\/\/marcali.plebania.hu\/wp-content\/uploads\/2019\/10\/23-768x512.jpg 768w, https:\/\/marcali.plebania.hu\/wp-content\/uploads\/2019\/10\/23-405x270.jpg 405w\" sizes=\"auto, (max-width: 1024px) 100vw, 1024px\" \/><\/figure><\/li><li class=\"blocks-gallery-item\"><figure><img loading=\"lazy\" decoding=\"async\" width=\"1024\" height=\"683\" src=\"https:\/\/marcali.plebania.hu\/wp-content\/uploads\/2019\/10\/27-1024x683.jpg\" alt=\"\" data-id=\"1198\" data-link=\"https:\/\/marcali.plebania.hu\/?attachment_id=1198\" class=\"wp-image-1198\" srcset=\"https:\/\/marcali.plebania.hu\/wp-content\/uploads\/2019\/10\/27-1024x683.jpg 1024w, https:\/\/marcali.plebania.hu\/wp-content\/uploads\/2019\/10\/27-300x200.jpg 300w, https:\/\/marcali.plebania.hu\/wp-content\/uploads\/2019\/10\/27-768x512.jpg 768w, https:\/\/marcali.plebania.hu\/wp-content\/uploads\/2019\/10\/27-405x270.jpg 405w\" sizes=\"auto, (max-width: 1024px) 100vw, 1024px\" \/><\/figure><\/li><li class=\"blocks-gallery-item\"><figure><img loading=\"lazy\" decoding=\"async\" width=\"1024\" height=\"683\" src=\"https:\/\/marcali.plebania.hu\/wp-content\/uploads\/2019\/10\/28-1024x683.jpg\" alt=\"\" data-id=\"1199\" data-link=\"https:\/\/marcali.plebania.hu\/?attachment_id=1199\" class=\"wp-image-1199\" srcset=\"https:\/\/marcali.plebania.hu\/wp-content\/uploads\/2019\/10\/28-1024x683.jpg 1024w, https:\/\/marcali.plebania.hu\/wp-content\/uploads\/2019\/10\/28-300x200.jpg 300w, https:\/\/marcali.plebania.hu\/wp-content\/uploads\/2019\/10\/28-768x512.jpg 768w, https:\/\/marcali.plebania.hu\/wp-content\/uploads\/2019\/10\/28-405x270.jpg 405w\" sizes=\"auto, (max-width: 1024px) 100vw, 1024px\" \/><\/figure><\/li><\/ul>\n\n\n\n<p>St\u00edlusjegyei\nalapj\u00e1n 1214 k\u00f6r\u00fcl alap\u00edthatt\u00e1k, \u00e9s r\u00e9szben a tat\u00e1rj\u00e1r\u00e1s miatt \u00e9p\u00edt\u00e9se h\u00e1rom\nszakaszban t\u00f6rt\u00e9nt, v\u00e9g\u00fcl 125-ban szentelt\u00e9k fel, Szent Gy\u00f6rgy tisztelet\u00e9re.\n\u00c9p\u00edt\u00e9se sor\u00e1n t\u00f6bb alkalommal is v\u00e1ltoztathattak a terveken, err\u0151l tan\u00faskodnak\na k\u00fcl\u00f6nf\u00e9le szab\u00e1lytalans\u00e1gok. T\u00f6rt\u00e9nelme viharos: t\u0171z, vihar \u00e9s az oszm\u00e1n\nhadsereg is megrong\u00e1lta, t\u00f6bbsz\u00f6r helyre kellett \u00e1ll\u00edtani. Az utols\u00f3 nagy\n\u00e1t\u00e9p\u00edt\u00e9s 1896 \u00e9s 1904 k\u00f6zt zajlott Schulek Frigyes tervei alapj\u00e1n. <\/p>\n\n\n\n<p>Legh\u00edresebb\nr\u00e9sze a befel\u00e9 m\u00e9ly\u00fcl\u0151, t\u00f6bbsz\u00f6r\u00f6sen tagolt f\u0151bej\u00e1rat, melyet normann mot\u00edvumok\nd\u00edsz\u00edtenek, f\u00f6l\u00f6tte a timpanonban J\u00e9zus l\u00e1that\u00f3 angyalokkal \u00e9s az apostolokkal.\n<\/p>\n\n\n\n<p>A templom f\u0151homlokzat\u00e1val szemben a\nkism\u00e9ret\u0171 Szent Jakab-k\u00e1polna \u00e1ll. Ez volt J\u00e1k k\u00f6z\u00e9pkori temploma, mivel a\nkolostori templomnak nem volt szabad pl\u00e9b\u00e1niak\u00e9nt is m\u0171k\u00f6dnie.<\/p>\n\n\n\n<p>A bazilika b\u00e1r l\u00e1togathat\u00f3, de a\nbelsej\u00e9ben jelenleg jelent\u0151s fel\u00faj\u00edt\u00e1si munk\u00e1k folynak, \u00edgy eredeti f\u00e9ny\u00e9b\u0151l\nkev\u00e9s l\u00e1that\u00f3. A templomon k\u00edv\u00fcl pedig r\u00e9g\u00e9szeti \u00e1sat\u00e1sokat folytatnak, ami\nnehez\u00edti a k\u00f6zleked\u00e9st \u00e9s a megk\u00f6zel\u00edt\u00e9st, de m\u00e9g \u00edgy is impoz\u00e1ns az\n\u00e9p\u00fcletegy\u00fcttes.<\/p>\n\n\n\n<p>A K\u00c9SZ Marcali\nCsoportj\u00e1nak zar\u00e1ndoklat\u00e1t a Nemzeti Egy\u00fcttm\u0171k\u00f6d\u00e9si Alap (NEA), a Minisztereln\u00f6ks\u00e9g\n\u00e9s a Bethlen G\u00e1bor Alapkezel\u0151 Zrt. t\u00e1mogatta.<\/p>\n","protected":false},"excerpt":{"rendered":"<p>2019. okt\u00f3ber 24-\u00e9n a Kereszt\u00e9ny \u00c9rtelmis\u00e9giek Sz\u00f6vets\u00e9ge (K\u00c9SZ) Marcali Csoportja szervez\u00e9s\u00e9ben 39 f\u0151s zar\u00e1ndokcsoport j\u00e1rt Szombathelyen \u00e9s J\u00e1kon, hogy megismerkedjenek a vall\u00e1s- \u00e9s kult\u00fart\u00f6rt\u00e9neti szempontb\u00f3l is jelent\u0151s telep\u00fcl\u00e9s szakr\u00e1lis \u00e9rt\u00e9keivel. A zar\u00e1ndoklatot S\u00e1voly Andrea \u00e9s Kiss K\u00e1lm\u00e1n titk\u00e1r vezett\u00e9k. A buszos utaz\u00e1s els\u0151 \u00e1llom\u00e1sa a r\u00f3mai alap\u00edt\u00e1s\u00fa egykori Savari\u00e1ba, azaz Szent M\u00e1rton sz\u00fcl\u0151v\u00e1ros\u00e1ba vezetett. A marcali vend\u00e9geket G\u00f6m\u00f6ri Erzs\u00e9bet, a K\u00c9SZ Szombathelyi Csoportj\u00e1nak egyik akt\u00edv tagja fogata \u00e9s kalauzolta, aki elmondta, hogy a telep\u00fcl\u00e9sen a kereszt\u00e9nys\u00e9g m\u00e1r a legkor\u00e1bbi id\u0151k&#8230;<\/p>\n<p class=\"read-more\"><a class=\"btn btn-default\" href=\"https:\/\/marcali.plebania.hu\/?p=1187\"> Read More<span class=\"screen-reader-text\">  Read More<\/span><\/a><\/p>\n","protected":false},"author":2,"featured_media":0,"comment_status":"closed","ping_status":"open","sticky":false,"template":"","format":"standard","meta":{"footnotes":""},"categories":[1],"tags":[],"class_list":["post-1187","post","type-post","status-publish","format-standard","hentry","category-egyeb"],"_links":{"self":[{"href":"https:\/\/marcali.plebania.hu\/index.php?rest_route=\/wp\/v2\/posts\/1187","targetHints":{"allow":["GET"]}}],"collection":[{"href":"https:\/\/marcali.plebania.hu\/index.php?rest_route=\/wp\/v2\/posts"}],"about":[{"href":"https:\/\/marcali.plebania.hu\/index.php?rest_route=\/wp\/v2\/types\/post"}],"author":[{"embeddable":true,"href":"https:\/\/marcali.plebania.hu\/index.php?rest_route=\/wp\/v2\/users\/2"}],"replies":[{"embeddable":true,"href":"https:\/\/marcali.plebania.hu\/index.php?rest_route=%2Fwp%2Fv2%2Fcomments&post=1187"}],"version-history":[{"count":1,"href":"https:\/\/marcali.plebania.hu\/index.php?rest_route=\/wp\/v2\/posts\/1187\/revisions"}],"predecessor-version":[{"id":1204,"href":"https:\/\/marcali.plebania.hu\/index.php?rest_route=\/wp\/v2\/posts\/1187\/revisions\/1204"}],"wp:attachment":[{"href":"https:\/\/marcali.plebania.hu\/index.php?rest_route=%2Fwp%2Fv2%2Fmedia&parent=1187"}],"wp:term":[{"taxonomy":"category","embeddable":true,"href":"https:\/\/marcali.plebania.hu\/index.php?rest_route=%2Fwp%2Fv2%2Fcategories&post=1187"},{"taxonomy":"post_tag","embeddable":true,"href":"https:\/\/marcali.plebania.hu\/index.php?rest_route=%2Fwp%2Fv2%2Ftags&post=1187"}],"curies":[{"name":"wp","href":"https:\/\/api.w.org\/{rel}","templated":true}]}}