{"id":1206,"date":"2019-11-05T15:51:39","date_gmt":"2019-11-05T15:51:39","guid":{"rendered":"https:\/\/marcali.plebania.hu\/?p=1206"},"modified":"2019-11-05T15:51:39","modified_gmt":"2019-11-05T15:51:39","slug":"szentmise-halottak-napjan-a-temetokapolnaban","status":"publish","type":"post","link":"https:\/\/marcali.plebania.hu\/?p=1206","title":{"rendered":"Szentmise Halottak napj\u00e1n a temet\u0151k\u00e1poln\u00e1ban"},"content":{"rendered":"\n<p>2019. november 2-\u00e1n, szombaton, Halottak napj\u00e1n 9 \u00f3rakor a K\u00f6zponti temet\u0151 k\u00e1poln\u00e1j\u00e1ban \u00fcnnepi szentmis\u00e9t tartottak. Az istentiszteletet Kiss Iv\u00e1n c. pr\u00e9post, esperes-pl\u00e9b\u00e1nos celebr\u00e1lta, \u00e9nekkel k\u00f6zrem\u0171k\u00f6d\u00f6tt Balogh B\u00e1lint k\u00e1ntor.<\/p>\n\n\n\n<ul class=\"wp-block-gallery columns-3 is-cropped wp-block-gallery-1 is-layout-flex wp-block-gallery-is-layout-flex\"><li class=\"blocks-gallery-item\"><figure><img loading=\"lazy\" decoding=\"async\" width=\"1024\" height=\"683\" src=\"https:\/\/marcali.plebania.hu\/wp-content\/uploads\/2019\/11\/02-1024x683.jpg\" alt=\"\" data-id=\"1207\" data-link=\"https:\/\/marcali.plebania.hu\/?attachment_id=1207\" class=\"wp-image-1207\" srcset=\"https:\/\/marcali.plebania.hu\/wp-content\/uploads\/2019\/11\/02-1024x683.jpg 1024w, https:\/\/marcali.plebania.hu\/wp-content\/uploads\/2019\/11\/02-300x200.jpg 300w, https:\/\/marcali.plebania.hu\/wp-content\/uploads\/2019\/11\/02-768x512.jpg 768w, https:\/\/marcali.plebania.hu\/wp-content\/uploads\/2019\/11\/02-405x270.jpg 405w\" sizes=\"auto, (max-width: 1024px) 100vw, 1024px\" \/><\/figure><\/li><li class=\"blocks-gallery-item\"><figure><img loading=\"lazy\" decoding=\"async\" width=\"1024\" height=\"683\" src=\"https:\/\/marcali.plebania.hu\/wp-content\/uploads\/2019\/11\/04-1024x683.jpg\" alt=\"\" data-id=\"1208\" data-link=\"https:\/\/marcali.plebania.hu\/?attachment_id=1208\" class=\"wp-image-1208\" srcset=\"https:\/\/marcali.plebania.hu\/wp-content\/uploads\/2019\/11\/04-1024x683.jpg 1024w, https:\/\/marcali.plebania.hu\/wp-content\/uploads\/2019\/11\/04-300x200.jpg 300w, https:\/\/marcali.plebania.hu\/wp-content\/uploads\/2019\/11\/04-768x512.jpg 768w, https:\/\/marcali.plebania.hu\/wp-content\/uploads\/2019\/11\/04-405x270.jpg 405w\" sizes=\"auto, (max-width: 1024px) 100vw, 1024px\" \/><\/figure><\/li><li class=\"blocks-gallery-item\"><figure><img loading=\"lazy\" decoding=\"async\" width=\"1024\" height=\"683\" src=\"https:\/\/marcali.plebania.hu\/wp-content\/uploads\/2019\/11\/05-1024x683.jpg\" alt=\"\" data-id=\"1209\" data-link=\"https:\/\/marcali.plebania.hu\/?attachment_id=1209\" class=\"wp-image-1209\" srcset=\"https:\/\/marcali.plebania.hu\/wp-content\/uploads\/2019\/11\/05-1024x683.jpg 1024w, https:\/\/marcali.plebania.hu\/wp-content\/uploads\/2019\/11\/05-300x200.jpg 300w, https:\/\/marcali.plebania.hu\/wp-content\/uploads\/2019\/11\/05-768x512.jpg 768w, https:\/\/marcali.plebania.hu\/wp-content\/uploads\/2019\/11\/05-405x270.jpg 405w\" sizes=\"auto, (max-width: 1024px) 100vw, 1024px\" \/><\/figure><\/li><li class=\"blocks-gallery-item\"><figure><img loading=\"lazy\" decoding=\"async\" width=\"1024\" height=\"683\" src=\"https:\/\/marcali.plebania.hu\/wp-content\/uploads\/2019\/11\/12-1024x683.jpg\" alt=\"\" data-id=\"1210\" data-link=\"https:\/\/marcali.plebania.hu\/?attachment_id=1210\" class=\"wp-image-1210\" srcset=\"https:\/\/marcali.plebania.hu\/wp-content\/uploads\/2019\/11\/12-1024x683.jpg 1024w, https:\/\/marcali.plebania.hu\/wp-content\/uploads\/2019\/11\/12-300x200.jpg 300w, https:\/\/marcali.plebania.hu\/wp-content\/uploads\/2019\/11\/12-768x512.jpg 768w, https:\/\/marcali.plebania.hu\/wp-content\/uploads\/2019\/11\/12-405x270.jpg 405w\" sizes=\"auto, (max-width: 1024px) 100vw, 1024px\" \/><\/figure><\/li><\/ul>\n\n\n\n<p>Iv\u00e1n\natya szentbesz\u00e9d\u00e9ben eml\u00e9keztetett, hogy ilyenkor mindig elhunyt szeretteinkre,\ncsal\u00e1dtagjainkra, ismer\u0151seinkre \u00e9s bar\u00e1tainkra gondolunk,\neml\u00e9kez\u00fcnk, illetve im\u00e1dkozunk, akik m\u00e1r rem\u00e9nyeink szerint elnyert\u00e9k az \u00f6r\u00f6k\n\u00e9letet.<\/p>\n\n\n\n<p>A kis temet\u0151i k\u00e1poln\u00e1t Pluh\u00e1n J\u00e1nos k\u0151m\u0171ves mester \u00e9s feles\u00e9ge Kr\u00e9csik Anna \u00e9p\u00edttett\u00e9k 1879-ben, s a hagyom\u00e1nyoknak megfelel\u0151en, minden \u00e9vben Halottak napj\u00e1n 9 \u00f3rakor tartanak \u00fcnnepi szentmis\u00e9t itt.<\/p>\n\n\n\n<ul class=\"wp-block-gallery columns-1 is-cropped wp-block-gallery-2 is-layout-flex wp-block-gallery-is-layout-flex\"><li class=\"blocks-gallery-item\"><figure><img loading=\"lazy\" decoding=\"async\" width=\"683\" height=\"1024\" src=\"https:\/\/marcali.plebania.hu\/wp-content\/uploads\/2019\/11\/01-683x1024.jpg\" alt=\"\" data-id=\"1211\" data-link=\"https:\/\/marcali.plebania.hu\/?attachment_id=1211\" class=\"wp-image-1211\" srcset=\"https:\/\/marcali.plebania.hu\/wp-content\/uploads\/2019\/11\/01-683x1024.jpg 683w, https:\/\/marcali.plebania.hu\/wp-content\/uploads\/2019\/11\/01-200x300.jpg 200w, https:\/\/marcali.plebania.hu\/wp-content\/uploads\/2019\/11\/01-768x1152.jpg 768w, https:\/\/marcali.plebania.hu\/wp-content\/uploads\/2019\/11\/01-180x270.jpg 180w\" sizes=\"auto, (max-width: 683px) 100vw, 683px\" \/><\/figure><\/li><\/ul>\n","protected":false},"excerpt":{"rendered":"<p>2019. november 2-\u00e1n, szombaton, Halottak napj\u00e1n 9 \u00f3rakor a K\u00f6zponti temet\u0151 k\u00e1poln\u00e1j\u00e1ban \u00fcnnepi szentmis\u00e9t tartottak. Az istentiszteletet Kiss Iv\u00e1n c. pr\u00e9post, esperes-pl\u00e9b\u00e1nos celebr\u00e1lta, \u00e9nekkel k\u00f6zrem\u0171k\u00f6d\u00f6tt Balogh B\u00e1lint k\u00e1ntor. Iv\u00e1n atya szentbesz\u00e9d\u00e9ben eml\u00e9keztetett, hogy ilyenkor mindig elhunyt szeretteinkre, csal\u00e1dtagjainkra, ismer\u0151seinkre \u00e9s bar\u00e1tainkra gondolunk, eml\u00e9kez\u00fcnk, illetve im\u00e1dkozunk, akik m\u00e1r rem\u00e9nyeink szerint elnyert\u00e9k az \u00f6r\u00f6k \u00e9letet. A kis temet\u0151i k\u00e1poln\u00e1t Pluh\u00e1n J\u00e1nos k\u0151m\u0171ves mester \u00e9s feles\u00e9ge Kr\u00e9csik Anna \u00e9p\u00edttett\u00e9k 1879-ben, s a hagyom\u00e1nyoknak megfelel\u0151en, minden \u00e9vben Halottak napj\u00e1n 9 \u00f3rakor tartanak \u00fcnnepi szentmis\u00e9t&#8230;<\/p>\n<p class=\"read-more\"><a class=\"btn btn-default\" href=\"https:\/\/marcali.plebania.hu\/?p=1206\"> Read More<span class=\"screen-reader-text\">  Read More<\/span><\/a><\/p>\n","protected":false},"author":2,"featured_media":0,"comment_status":"closed","ping_status":"open","sticky":false,"template":"","format":"standard","meta":{"footnotes":""},"categories":[1],"tags":[],"class_list":["post-1206","post","type-post","status-publish","format-standard","hentry","category-egyeb"],"_links":{"self":[{"href":"https:\/\/marcali.plebania.hu\/index.php?rest_route=\/wp\/v2\/posts\/1206","targetHints":{"allow":["GET"]}}],"collection":[{"href":"https:\/\/marcali.plebania.hu\/index.php?rest_route=\/wp\/v2\/posts"}],"about":[{"href":"https:\/\/marcali.plebania.hu\/index.php?rest_route=\/wp\/v2\/types\/post"}],"author":[{"embeddable":true,"href":"https:\/\/marcali.plebania.hu\/index.php?rest_route=\/wp\/v2\/users\/2"}],"replies":[{"embeddable":true,"href":"https:\/\/marcali.plebania.hu\/index.php?rest_route=%2Fwp%2Fv2%2Fcomments&post=1206"}],"version-history":[{"count":1,"href":"https:\/\/marcali.plebania.hu\/index.php?rest_route=\/wp\/v2\/posts\/1206\/revisions"}],"predecessor-version":[{"id":1212,"href":"https:\/\/marcali.plebania.hu\/index.php?rest_route=\/wp\/v2\/posts\/1206\/revisions\/1212"}],"wp:attachment":[{"href":"https:\/\/marcali.plebania.hu\/index.php?rest_route=%2Fwp%2Fv2%2Fmedia&parent=1206"}],"wp:term":[{"taxonomy":"category","embeddable":true,"href":"https:\/\/marcali.plebania.hu\/index.php?rest_route=%2Fwp%2Fv2%2Fcategories&post=1206"},{"taxonomy":"post_tag","embeddable":true,"href":"https:\/\/marcali.plebania.hu\/index.php?rest_route=%2Fwp%2Fv2%2Ftags&post=1206"}],"curies":[{"name":"wp","href":"https:\/\/api.w.org\/{rel}","templated":true}]}}