{"id":1213,"date":"2019-11-08T09:03:20","date_gmt":"2019-11-08T09:03:20","guid":{"rendered":"https:\/\/marcali.plebania.hu\/?p=1213"},"modified":"2019-11-08T09:03:20","modified_gmt":"2019-11-08T09:03:20","slug":"hirdetesek-2019-11-10","status":"publish","type":"post","link":"https:\/\/marcali.plebania.hu\/?p=1213","title":{"rendered":"Hirdet\u00e9sek, 2019. 11. 10."},"content":{"rendered":"\n<ol class=\"wp-block-list\"><li>Ma\nvan az \u00e9vk\u00f6zi 32. vas\u00e1rnap.<\/li><li>H\u00e9tf\u0151n\n5 \u00f3r\u00e1ra az X-h\u00e1z nagyterm\u00e9be \u00f6sszeh\u00edvom az Egyh\u00e1zk\u00f6zs\u00e9g K\u00e9pvisel\u0151 Test\u00fclet\u00e9t.<\/li><li>Szerd\u00e1n\n16 \u00f3rakor tartjuk a fatimai \u00e1jtatoss\u00e1got, 17 \u00f3rakor szentmise.<\/li><li>J\u00f6v\u0151\nvas\u00e1rnap az orsz\u00e1g valamennyi katolikus templom\u00e1ban Karit\u00e1sz-gy\u0171jt\u00e9s van a szeg\u00e9nyek\njav\u00e1ra. Mi is erre a c\u00e9lra k\u00e9rj\u00fck a h\u00edvek perselyadom\u00e1ny\u00e1t.<\/li><li>November\n23-\u00e1n, szombaton 16 \u00f3rakor mi is csatlakozunk az orsz\u00e1gos szents\u00e9gim\u00e1d\u00e1shoz.\nAki r\u00e9szt tud venni, az iratkozzon f\u00f6l, vagy a szentmis\u00e9k ut\u00e1n, vagy a pl\u00e9b\u00e1ni\u00e1n.<\/li><li>Napt\u00e1rak,\nkalend\u00e1riumok a sekresty\u00e9ben \u00e9s a pl\u00e9b\u00e1ni\u00e1n kaphat\u00f3k.<\/li><\/ol>\n","protected":false},"excerpt":{"rendered":"<p>Ma van az \u00e9vk\u00f6zi 32. vas\u00e1rnap. H\u00e9tf\u0151n 5 \u00f3r\u00e1ra az X-h\u00e1z nagyterm\u00e9be \u00f6sszeh\u00edvom az Egyh\u00e1zk\u00f6zs\u00e9g K\u00e9pvisel\u0151 Test\u00fclet\u00e9t. Szerd\u00e1n 16 \u00f3rakor tartjuk a fatimai \u00e1jtatoss\u00e1got, 17 \u00f3rakor szentmise. J\u00f6v\u0151 vas\u00e1rnap az orsz\u00e1g valamennyi katolikus templom\u00e1ban Karit\u00e1sz-gy\u0171jt\u00e9s van a szeg\u00e9nyek jav\u00e1ra. Mi is erre a c\u00e9lra k\u00e9rj\u00fck a h\u00edvek perselyadom\u00e1ny\u00e1t. November 23-\u00e1n, szombaton 16 \u00f3rakor mi is csatlakozunk az orsz\u00e1gos szents\u00e9gim\u00e1d\u00e1shoz. Aki r\u00e9szt tud venni, az iratkozzon f\u00f6l, vagy a szentmis\u00e9k ut\u00e1n, vagy a pl\u00e9b\u00e1ni\u00e1n. Napt\u00e1rak, kalend\u00e1riumok a sekresty\u00e9ben \u00e9s a pl\u00e9b\u00e1ni\u00e1n&#8230;<\/p>\n<p class=\"read-more\"><a class=\"btn btn-default\" href=\"https:\/\/marcali.plebania.hu\/?p=1213\"> Read More<span class=\"screen-reader-text\">  Read More<\/span><\/a><\/p>\n","protected":false},"author":2,"featured_media":0,"comment_status":"closed","ping_status":"open","sticky":false,"template":"","format":"standard","meta":{"footnotes":""},"categories":[1],"tags":[],"class_list":["post-1213","post","type-post","status-publish","format-standard","hentry","category-egyeb"],"_links":{"self":[{"href":"https:\/\/marcali.plebania.hu\/index.php?rest_route=\/wp\/v2\/posts\/1213","targetHints":{"allow":["GET"]}}],"collection":[{"href":"https:\/\/marcali.plebania.hu\/index.php?rest_route=\/wp\/v2\/posts"}],"about":[{"href":"https:\/\/marcali.plebania.hu\/index.php?rest_route=\/wp\/v2\/types\/post"}],"author":[{"embeddable":true,"href":"https:\/\/marcali.plebania.hu\/index.php?rest_route=\/wp\/v2\/users\/2"}],"replies":[{"embeddable":true,"href":"https:\/\/marcali.plebania.hu\/index.php?rest_route=%2Fwp%2Fv2%2Fcomments&post=1213"}],"version-history":[{"count":1,"href":"https:\/\/marcali.plebania.hu\/index.php?rest_route=\/wp\/v2\/posts\/1213\/revisions"}],"predecessor-version":[{"id":1214,"href":"https:\/\/marcali.plebania.hu\/index.php?rest_route=\/wp\/v2\/posts\/1213\/revisions\/1214"}],"wp:attachment":[{"href":"https:\/\/marcali.plebania.hu\/index.php?rest_route=%2Fwp%2Fv2%2Fmedia&parent=1213"}],"wp:term":[{"taxonomy":"category","embeddable":true,"href":"https:\/\/marcali.plebania.hu\/index.php?rest_route=%2Fwp%2Fv2%2Fcategories&post=1213"},{"taxonomy":"post_tag","embeddable":true,"href":"https:\/\/marcali.plebania.hu\/index.php?rest_route=%2Fwp%2Fv2%2Ftags&post=1213"}],"curies":[{"name":"wp","href":"https:\/\/api.w.org\/{rel}","templated":true}]}}