{"id":1216,"date":"2019-11-15T08:15:05","date_gmt":"2019-11-15T08:15:05","guid":{"rendered":"https:\/\/marcali.plebania.hu\/?p=1216"},"modified":"2019-11-15T09:36:24","modified_gmt":"2019-11-15T09:36:24","slug":"hirdetesek-2019-11-17","status":"publish","type":"post","link":"https:\/\/marcali.plebania.hu\/?p=1216","title":{"rendered":"Hirdet\u00e9sek, 2019. 11. 17."},"content":{"rendered":"\n<ol class=\"wp-block-list\"><li>Ma van az \u00e9vk\u00f6zi 33. vas\u00e1rnap. Ma az orsz\u00e1g \u00f6sszes katolikus templom\u00e1ban gy\u0171jt\u00e9s van a Karit\u00e1sz jav\u00e1ra.<\/li><li>H\u00e9tf\u0151n 16.30-kor az X-h\u00e1z nagyterm\u00e9ben sz\u00fcl\u0151i \u00e9rtekezletet tartunk az els\u0151\u00e1ldoz\u00e1sra k\u00e9sz\u00fcl\u0151 gyermekek sz\u00fcleinek. 17.15-kor ugyanitt sz\u00fcl\u0151i \u00e9rtekezlet a b\u00e9rm\u00e1l\u00e1sra k\u00e9sz\u00fcl\u0151 gyermekek sz\u00fcleinek.<\/li><li>Szombaton 16 \u00f3rakor kezd\u0151dik az orsz\u00e1gos m\u00e9ret\u0171 szents\u00e9gim\u00e1d\u00e1s, melybe a Marcali Pl\u00e9b\u00e1nia is bekapcsol\u00f3dik 75 f\u0151vel.<\/li><li>November 30-\u00e1n hittanos gyermekeink sz\u00fcleit h\u00edvjuk 15 \u00f3r\u00e1ra az X-h\u00e1zba, ahol Koll\u00e1r Rita \u00e9s R\u00f3bert, volt marcali kereszt\u00e9ny csal\u00e1d el\u0151ad\u00e1st tart: \u00c9rt\u00e9k-e m\u00e9g a csal\u00e1d c\u00edmmel. Az el\u0151ad\u00e1s alatt a gyermekek r\u00e9sz\u00e9re \u00e1dventi koszor\u00fa-k\u00e9sz\u00edt\u00e9s lesz, melyre az alapanyagot a pl\u00e9b\u00e1nia biztos\u00edtja. Az elk\u00e9sz\u00fclt koszor\u00fakat ugyanaznap a 17 \u00f3r\u00e1s szentmis\u00e9n meg\u00e1ldom. K\u00e9rn\u00e9m, hogy a h\u00edvek is hozz\u00e1k a templomba \u00e1dventi koszor\u00faikat \u00e9s azokat is meg\u00e1ldjuk. <\/li><li>Meg\u00e9rkezett a Sz\u00edvem els\u0151 gondolata c\u00edm\u0171 k\u00f6nyv, napt\u00e1rak kalend\u00e1riumok is kaphat\u00f3k a sekresty\u00e9ben \u00e9s a pl\u00e9b\u00e1ni\u00e1n.<\/li><\/ol>\n","protected":false},"excerpt":{"rendered":"<p>Ma van az \u00e9vk\u00f6zi 33. vas\u00e1rnap. Ma az orsz\u00e1g \u00f6sszes katolikus templom\u00e1ban gy\u0171jt\u00e9s van a Karit\u00e1sz jav\u00e1ra. H\u00e9tf\u0151n 16.30-kor az X-h\u00e1z nagyterm\u00e9ben sz\u00fcl\u0151i \u00e9rtekezletet tartunk az els\u0151\u00e1ldoz\u00e1sra k\u00e9sz\u00fcl\u0151 gyermekek sz\u00fcleinek. 17.15-kor ugyanitt sz\u00fcl\u0151i \u00e9rtekezlet a b\u00e9rm\u00e1l\u00e1sra k\u00e9sz\u00fcl\u0151 gyermekek sz\u00fcleinek. Szombaton 16 \u00f3rakor kezd\u0151dik az orsz\u00e1gos m\u00e9ret\u0171 szents\u00e9gim\u00e1d\u00e1s, melybe a Marcali Pl\u00e9b\u00e1nia is bekapcsol\u00f3dik 75 f\u0151vel. November 30-\u00e1n hittanos gyermekeink sz\u00fcleit h\u00edvjuk 15 \u00f3r\u00e1ra az X-h\u00e1zba, ahol Koll\u00e1r Rita \u00e9s R\u00f3bert, volt marcali kereszt\u00e9ny csal\u00e1d el\u0151ad\u00e1st tart: \u00c9rt\u00e9k-e m\u00e9g a csal\u00e1d&#8230;<\/p>\n<p class=\"read-more\"><a class=\"btn btn-default\" href=\"https:\/\/marcali.plebania.hu\/?p=1216\"> Read More<span class=\"screen-reader-text\">  Read More<\/span><\/a><\/p>\n","protected":false},"author":2,"featured_media":0,"comment_status":"closed","ping_status":"open","sticky":false,"template":"","format":"standard","meta":{"footnotes":""},"categories":[1],"tags":[],"class_list":["post-1216","post","type-post","status-publish","format-standard","hentry","category-egyeb"],"_links":{"self":[{"href":"https:\/\/marcali.plebania.hu\/index.php?rest_route=\/wp\/v2\/posts\/1216","targetHints":{"allow":["GET"]}}],"collection":[{"href":"https:\/\/marcali.plebania.hu\/index.php?rest_route=\/wp\/v2\/posts"}],"about":[{"href":"https:\/\/marcali.plebania.hu\/index.php?rest_route=\/wp\/v2\/types\/post"}],"author":[{"embeddable":true,"href":"https:\/\/marcali.plebania.hu\/index.php?rest_route=\/wp\/v2\/users\/2"}],"replies":[{"embeddable":true,"href":"https:\/\/marcali.plebania.hu\/index.php?rest_route=%2Fwp%2Fv2%2Fcomments&post=1216"}],"version-history":[{"count":2,"href":"https:\/\/marcali.plebania.hu\/index.php?rest_route=\/wp\/v2\/posts\/1216\/revisions"}],"predecessor-version":[{"id":1218,"href":"https:\/\/marcali.plebania.hu\/index.php?rest_route=\/wp\/v2\/posts\/1216\/revisions\/1218"}],"wp:attachment":[{"href":"https:\/\/marcali.plebania.hu\/index.php?rest_route=%2Fwp%2Fv2%2Fmedia&parent=1216"}],"wp:term":[{"taxonomy":"category","embeddable":true,"href":"https:\/\/marcali.plebania.hu\/index.php?rest_route=%2Fwp%2Fv2%2Fcategories&post=1216"},{"taxonomy":"post_tag","embeddable":true,"href":"https:\/\/marcali.plebania.hu\/index.php?rest_route=%2Fwp%2Fv2%2Ftags&post=1216"}],"curies":[{"name":"wp","href":"https:\/\/api.w.org\/{rel}","templated":true}]}}