{"id":1220,"date":"2019-11-22T08:22:42","date_gmt":"2019-11-22T08:22:42","guid":{"rendered":"https:\/\/marcali.plebania.hu\/?p=1220"},"modified":"2019-11-22T08:22:42","modified_gmt":"2019-11-22T08:22:42","slug":"hirdetesek-2019-11-24","status":"publish","type":"post","link":"https:\/\/marcali.plebania.hu\/?p=1220","title":{"rendered":"Hirdet\u00e9sek, 2019. 11. 24."},"content":{"rendered":"\n<ol class=\"wp-block-list\"><li>Ma\nKrisztus Kir\u00e1ly vas\u00e1rnapja van, az egyh\u00e1zi \u00e9v utols\u00f3 vas\u00e1rnapja.<\/li><li>Szombaton\n9 \u00f3rakor kezdj\u00fck \u00e1ll\u00edtani a templom el\u0151tti t\u00e9ren az \u00e1dventi koszor\u00fankat, aki tud,\nelj\u00f6het seg\u00edteni.<\/li><li>Szombaton\n15 \u00f3rakor csal\u00e1doknak \u00e1dventi program kezd\u0151dik az X-h\u00e1zban. A sz\u00fcl\u0151knek el\u0151ad\u00e1s\n\u00e9s besz\u00e9lget\u00e9s lesz az X-h\u00e1z nagyterm\u00e9ben: \u00c9rt\u00e9k-e m\u00e9g a csal\u00e1d c\u00edmmel. Az\nel\u0151ad\u00e1st Koll\u00e1r R\u00f3bert \u00e9s Rita vezeti. Ezzel egy id\u0151ben a gyermekeknek az X-h\u00e1z\nm\u00e1sik helyis\u00e9g\u00e9ben \u00e1dventi koszor\u00fak\u00e9sz\u00edt\u00e9st tan\u00edtunk, melyhez az alapanyagot a\npl\u00e9b\u00e1nia biztos\u00edtja. K\u00e9rj\u00fck, hogy a pl\u00e9b\u00e1nia e-mail c\u00edm\u00e9n jelentkezzenek a\ncsal\u00e1dok. Az elk\u00e9sz\u00fclt \u00e1dventi koszor\u00fakat a szombat esti 17 \u00f3r\u00e1s szentmis\u00e9n\nmeg\u00e1ldom. K\u00e9rem a h\u00edveket is, hogy aki tudja, \u0151 is hozza el idei \u00e1dventi\nkoszor\u00faj\u00e1t erre az \u00e1ld\u00e1sra.<\/li><li>Szombaton\n17 \u00f3rakor kezd\u0151dik a v\u00e1rossal k\u00f6z\u00f6sen az els\u0151 \u00e1dventi gyertyagy\u00fajt\u00e1s, melyen\nk\u00f6zrem\u0171k\u00f6dik a T\u00fcnd\u00e9rliget \u00d3voda Sziv\u00e1rv\u00e1ny Csoportja. Az els\u0151 gyerty\u00e1t a polg\u00e1rmester\n\u00far fogja meggy\u00fajtani. A szentmise ezut\u00e1n kezd\u0151dik.<\/li><li>El\u0151re\nhirdetem, hogy az \u00e1dventi Lelki Nap \u00e9s kar\u00e1csonyi gy\u00f3n\u00e1s december 14-\u00e9n,\nszombaton lesz, melyet Bogn\u00e1r Tam\u00e1s l\u00e1bodi pl\u00e9b\u00e1nos \u00far vezet.<\/li><li>Napt\u00e1rak,\nkalend\u00e1rium, Sz\u00edvem els\u0151 gondolata c\u00edm\u0171 k\u00f6nyv kaphat\u00f3 a sekresty\u00e9ben \u00e9s a\npl\u00e9b\u00e1ni\u00e1n.<\/li><\/ol>\n","protected":false},"excerpt":{"rendered":"<p>Ma Krisztus Kir\u00e1ly vas\u00e1rnapja van, az egyh\u00e1zi \u00e9v utols\u00f3 vas\u00e1rnapja. Szombaton 9 \u00f3rakor kezdj\u00fck \u00e1ll\u00edtani a templom el\u0151tti t\u00e9ren az \u00e1dventi koszor\u00fankat, aki tud, elj\u00f6het seg\u00edteni. Szombaton 15 \u00f3rakor csal\u00e1doknak \u00e1dventi program kezd\u0151dik az X-h\u00e1zban. A sz\u00fcl\u0151knek el\u0151ad\u00e1s \u00e9s besz\u00e9lget\u00e9s lesz az X-h\u00e1z nagyterm\u00e9ben: \u00c9rt\u00e9k-e m\u00e9g a csal\u00e1d c\u00edmmel. Az el\u0151ad\u00e1st Koll\u00e1r R\u00f3bert \u00e9s Rita vezeti. Ezzel egy id\u0151ben a gyermekeknek az X-h\u00e1z m\u00e1sik helyis\u00e9g\u00e9ben \u00e1dventi koszor\u00fak\u00e9sz\u00edt\u00e9st tan\u00edtunk, melyhez az alapanyagot a pl\u00e9b\u00e1nia biztos\u00edtja. K\u00e9rj\u00fck, hogy a pl\u00e9b\u00e1nia e-mail c\u00edm\u00e9n&#8230;<\/p>\n<p class=\"read-more\"><a class=\"btn btn-default\" href=\"https:\/\/marcali.plebania.hu\/?p=1220\"> Read More<span class=\"screen-reader-text\">  Read More<\/span><\/a><\/p>\n","protected":false},"author":2,"featured_media":0,"comment_status":"closed","ping_status":"open","sticky":false,"template":"","format":"standard","meta":{"footnotes":""},"categories":[1],"tags":[],"class_list":["post-1220","post","type-post","status-publish","format-standard","hentry","category-egyeb"],"_links":{"self":[{"href":"https:\/\/marcali.plebania.hu\/index.php?rest_route=\/wp\/v2\/posts\/1220","targetHints":{"allow":["GET"]}}],"collection":[{"href":"https:\/\/marcali.plebania.hu\/index.php?rest_route=\/wp\/v2\/posts"}],"about":[{"href":"https:\/\/marcali.plebania.hu\/index.php?rest_route=\/wp\/v2\/types\/post"}],"author":[{"embeddable":true,"href":"https:\/\/marcali.plebania.hu\/index.php?rest_route=\/wp\/v2\/users\/2"}],"replies":[{"embeddable":true,"href":"https:\/\/marcali.plebania.hu\/index.php?rest_route=%2Fwp%2Fv2%2Fcomments&post=1220"}],"version-history":[{"count":1,"href":"https:\/\/marcali.plebania.hu\/index.php?rest_route=\/wp\/v2\/posts\/1220\/revisions"}],"predecessor-version":[{"id":1221,"href":"https:\/\/marcali.plebania.hu\/index.php?rest_route=\/wp\/v2\/posts\/1220\/revisions\/1221"}],"wp:attachment":[{"href":"https:\/\/marcali.plebania.hu\/index.php?rest_route=%2Fwp%2Fv2%2Fmedia&parent=1220"}],"wp:term":[{"taxonomy":"category","embeddable":true,"href":"https:\/\/marcali.plebania.hu\/index.php?rest_route=%2Fwp%2Fv2%2Fcategories&post=1220"},{"taxonomy":"post_tag","embeddable":true,"href":"https:\/\/marcali.plebania.hu\/index.php?rest_route=%2Fwp%2Fv2%2Ftags&post=1220"}],"curies":[{"name":"wp","href":"https:\/\/api.w.org\/{rel}","templated":true}]}}