{"id":1225,"date":"2019-11-26T08:37:13","date_gmt":"2019-11-26T08:37:13","guid":{"rendered":"https:\/\/marcali.plebania.hu\/?p=1225"},"modified":"2019-11-26T08:37:13","modified_gmt":"2019-11-26T08:37:13","slug":"kiraly-jeno-templomatyat-es-dr-gyulai-botond-akolitust-koszontottek","status":"publish","type":"post","link":"https:\/\/marcali.plebania.hu\/?p=1225","title":{"rendered":"Kir\u00e1ly Jen\u0151 templomaty\u00e1t \u00e9s dr. Gyulai Botond akolitust k\u00f6sz\u00f6nt\u00f6tt\u00e9k"},"content":{"rendered":"\n<p>2019. november 24-\u00e9n, vas\u00e1rnap a 9 \u00f3r\u00e1s szentmis\u00e9n a pl\u00e9b\u00e1niatemplomban Kir\u00e1ly Jen\u0151 templomaty\u00e1t k\u00f6sz\u00f6nt\u00f6tt\u00e9k n\u00e9vnapja, \u00e9s k\u00f6zelg\u0151 70. sz\u00fclet\u00e9snapja alkalm\u00e1b\u00f3l.<\/p>\n\n\n\n<figure class=\"wp-block-gallery columns-3 is-cropped wp-block-gallery-1 is-layout-flex wp-block-gallery-is-layout-flex\"><ul class=\"blocks-gallery-grid\"><li class=\"blocks-gallery-item\"><figure><img loading=\"lazy\" decoding=\"async\" width=\"1024\" height=\"683\" src=\"https:\/\/marcali.plebania.hu\/wp-content\/uploads\/2019\/11\/01-1-1024x683.jpg\" alt=\"\" data-id=\"1226\" data-link=\"https:\/\/marcali.plebania.hu\/?attachment_id=1226\" class=\"wp-image-1226\" srcset=\"https:\/\/marcali.plebania.hu\/wp-content\/uploads\/2019\/11\/01-1-1024x683.jpg 1024w, https:\/\/marcali.plebania.hu\/wp-content\/uploads\/2019\/11\/01-1-300x200.jpg 300w, https:\/\/marcali.plebania.hu\/wp-content\/uploads\/2019\/11\/01-1-768x512.jpg 768w, https:\/\/marcali.plebania.hu\/wp-content\/uploads\/2019\/11\/01-1-1536x1024.jpg 1536w, https:\/\/marcali.plebania.hu\/wp-content\/uploads\/2019\/11\/01-1-2048x1365.jpg 2048w, https:\/\/marcali.plebania.hu\/wp-content\/uploads\/2019\/11\/01-1-405x270.jpg 405w\" sizes=\"auto, (max-width: 1024px) 100vw, 1024px\" \/><\/figure><\/li><li class=\"blocks-gallery-item\"><figure><img loading=\"lazy\" decoding=\"async\" width=\"1024\" height=\"683\" src=\"https:\/\/marcali.plebania.hu\/wp-content\/uploads\/2019\/11\/02-1-1024x683.jpg\" alt=\"\" data-id=\"1227\" data-link=\"https:\/\/marcali.plebania.hu\/?attachment_id=1227\" class=\"wp-image-1227\" srcset=\"https:\/\/marcali.plebania.hu\/wp-content\/uploads\/2019\/11\/02-1-1024x683.jpg 1024w, https:\/\/marcali.plebania.hu\/wp-content\/uploads\/2019\/11\/02-1-300x200.jpg 300w, https:\/\/marcali.plebania.hu\/wp-content\/uploads\/2019\/11\/02-1-768x512.jpg 768w, https:\/\/marcali.plebania.hu\/wp-content\/uploads\/2019\/11\/02-1-1536x1024.jpg 1536w, https:\/\/marcali.plebania.hu\/wp-content\/uploads\/2019\/11\/02-1-2048x1365.jpg 2048w, https:\/\/marcali.plebania.hu\/wp-content\/uploads\/2019\/11\/02-1-405x270.jpg 405w\" sizes=\"auto, (max-width: 1024px) 100vw, 1024px\" \/><\/figure><\/li><li class=\"blocks-gallery-item\"><figure><img loading=\"lazy\" decoding=\"async\" width=\"1024\" height=\"683\" src=\"https:\/\/marcali.plebania.hu\/wp-content\/uploads\/2019\/11\/05-1-1024x683.jpg\" alt=\"\" data-id=\"1228\" data-link=\"https:\/\/marcali.plebania.hu\/?attachment_id=1228\" class=\"wp-image-1228\" srcset=\"https:\/\/marcali.plebania.hu\/wp-content\/uploads\/2019\/11\/05-1-1024x683.jpg 1024w, https:\/\/marcali.plebania.hu\/wp-content\/uploads\/2019\/11\/05-1-300x200.jpg 300w, https:\/\/marcali.plebania.hu\/wp-content\/uploads\/2019\/11\/05-1-768x512.jpg 768w, https:\/\/marcali.plebania.hu\/wp-content\/uploads\/2019\/11\/05-1-1536x1024.jpg 1536w, https:\/\/marcali.plebania.hu\/wp-content\/uploads\/2019\/11\/05-1-2048x1365.jpg 2048w, https:\/\/marcali.plebania.hu\/wp-content\/uploads\/2019\/11\/05-1-405x270.jpg 405w\" sizes=\"auto, (max-width: 1024px) 100vw, 1024px\" \/><\/figure><\/li><li class=\"blocks-gallery-item\"><figure><img loading=\"lazy\" decoding=\"async\" width=\"1024\" height=\"683\" src=\"https:\/\/marcali.plebania.hu\/wp-content\/uploads\/2019\/11\/07-1024x683.jpg\" alt=\"\" data-id=\"1229\" data-full-url=\"https:\/\/marcali.plebania.hu\/wp-content\/uploads\/2019\/11\/07-scaled.jpg\" data-link=\"https:\/\/marcali.plebania.hu\/?attachment_id=1229\" class=\"wp-image-1229\" srcset=\"https:\/\/marcali.plebania.hu\/wp-content\/uploads\/2019\/11\/07-1024x683.jpg 1024w, https:\/\/marcali.plebania.hu\/wp-content\/uploads\/2019\/11\/07-300x200.jpg 300w, https:\/\/marcali.plebania.hu\/wp-content\/uploads\/2019\/11\/07-768x512.jpg 768w, https:\/\/marcali.plebania.hu\/wp-content\/uploads\/2019\/11\/07-1536x1024.jpg 1536w, https:\/\/marcali.plebania.hu\/wp-content\/uploads\/2019\/11\/07-2048x1365.jpg 2048w, https:\/\/marcali.plebania.hu\/wp-content\/uploads\/2019\/11\/07-405x270.jpg 405w\" sizes=\"auto, (max-width: 1024px) 100vw, 1024px\" \/><\/figure><\/li><\/ul><\/figure>\n\n\n\n<p>Az egyh\u00e1zk\u00f6zs\u00e9g r\u00e9sz\u00e9r\u0151l Kiss Iv\u00e1n c. pr\u00e9post, esperes-pl\u00e9b\u00e1nos \u00e9s Gelencs\u00e9r R\u00f3bert vil\u00e1gi eln\u00f6k, a fiatalok k\u00e9pviselet\u00e9ben pedig T\u00f3th Eszter \u00c1gnes gratul\u00e1ltak a meghat\u00f3dott templomaty\u00e1nak, aki t\u00f6bb \u00e9vtizede tev\u00e9keny tagja a Marcali R\u00f3mai Katolikus Egyh\u00e1zk\u00f6zs\u00e9g K\u00e9pvisel\u0151 Test\u00fclet\u00e9nek.<\/p>\n\n\n\n<figure class=\"wp-block-gallery columns-1 is-cropped wp-block-gallery-2 is-layout-flex wp-block-gallery-is-layout-flex\"><ul class=\"blocks-gallery-grid\"><li class=\"blocks-gallery-item\"><figure><img loading=\"lazy\" decoding=\"async\" width=\"1024\" height=\"683\" src=\"https:\/\/marcali.plebania.hu\/wp-content\/uploads\/2019\/11\/10-1024x683.jpg\" alt=\"\" data-id=\"1230\" data-full-url=\"https:\/\/marcali.plebania.hu\/wp-content\/uploads\/2019\/11\/10-scaled.jpg\" data-link=\"https:\/\/marcali.plebania.hu\/?attachment_id=1230\" class=\"wp-image-1230\" srcset=\"https:\/\/marcali.plebania.hu\/wp-content\/uploads\/2019\/11\/10-1024x683.jpg 1024w, https:\/\/marcali.plebania.hu\/wp-content\/uploads\/2019\/11\/10-300x200.jpg 300w, https:\/\/marcali.plebania.hu\/wp-content\/uploads\/2019\/11\/10-768x512.jpg 768w, https:\/\/marcali.plebania.hu\/wp-content\/uploads\/2019\/11\/10-1536x1024.jpg 1536w, https:\/\/marcali.plebania.hu\/wp-content\/uploads\/2019\/11\/10-2048x1365.jpg 2048w, https:\/\/marcali.plebania.hu\/wp-content\/uploads\/2019\/11\/10-405x270.jpg 405w\" sizes=\"auto, (max-width: 1024px) 100vw, 1024px\" \/><\/figure><\/li><\/ul><\/figure>\n\n\n\n<p>A szentmis\u00e9n ugyancsak k\u00f6sz\u00f6nt\u00f6tt\u00e9k dr. Gyulai Botondot, akit Varga L\u00e1szl\u00f3 kaposv\u00e1ri megy\u00e9sp\u00fcsp\u00f6k el\u0151z\u0151 nap (november 23-\u00e1n) Kaposv\u00e1ron akolituss\u00e1 avatott egy \u00e9ves felk\u00e9sz\u00fcl\u00e9si id\u0151 ut\u00e1n. Botond ezen t\u00fal Iv\u00e1n aty\u00e1mnak seg\u00edt a lelkip\u00e1sztori munk\u00e1ban: igeliturgi\u00e1t tarthat a marcali templomokban \u00e9s \u00e1ldoztathat a szentmis\u00e9ken.<\/p>\n\n\n\n<figure class=\"wp-block-gallery columns-3 is-cropped wp-block-gallery-3 is-layout-flex wp-block-gallery-is-layout-flex\"><ul class=\"blocks-gallery-grid\"><li class=\"blocks-gallery-item\"><figure><img loading=\"lazy\" decoding=\"async\" width=\"1024\" height=\"683\" src=\"https:\/\/marcali.plebania.hu\/wp-content\/uploads\/2019\/11\/15-1024x683.jpg\" alt=\"\" data-id=\"1231\" data-link=\"https:\/\/marcali.plebania.hu\/?attachment_id=1231\" class=\"wp-image-1231\" srcset=\"https:\/\/marcali.plebania.hu\/wp-content\/uploads\/2019\/11\/15-1024x683.jpg 1024w, https:\/\/marcali.plebania.hu\/wp-content\/uploads\/2019\/11\/15-300x200.jpg 300w, https:\/\/marcali.plebania.hu\/wp-content\/uploads\/2019\/11\/15-768x512.jpg 768w, https:\/\/marcali.plebania.hu\/wp-content\/uploads\/2019\/11\/15-1536x1024.jpg 1536w, https:\/\/marcali.plebania.hu\/wp-content\/uploads\/2019\/11\/15-2048x1365.jpg 2048w, https:\/\/marcali.plebania.hu\/wp-content\/uploads\/2019\/11\/15-405x270.jpg 405w\" sizes=\"auto, (max-width: 1024px) 100vw, 1024px\" \/><\/figure><\/li><li class=\"blocks-gallery-item\"><figure><img loading=\"lazy\" decoding=\"async\" width=\"1024\" height=\"683\" src=\"https:\/\/marcali.plebania.hu\/wp-content\/uploads\/2019\/11\/16-1024x683.jpg\" alt=\"\" data-id=\"1232\" data-link=\"https:\/\/marcali.plebania.hu\/?attachment_id=1232\" class=\"wp-image-1232\" srcset=\"https:\/\/marcali.plebania.hu\/wp-content\/uploads\/2019\/11\/16-1024x683.jpg 1024w, https:\/\/marcali.plebania.hu\/wp-content\/uploads\/2019\/11\/16-300x200.jpg 300w, https:\/\/marcali.plebania.hu\/wp-content\/uploads\/2019\/11\/16-768x512.jpg 768w, https:\/\/marcali.plebania.hu\/wp-content\/uploads\/2019\/11\/16-1536x1024.jpg 1536w, https:\/\/marcali.plebania.hu\/wp-content\/uploads\/2019\/11\/16-2048x1365.jpg 2048w, https:\/\/marcali.plebania.hu\/wp-content\/uploads\/2019\/11\/16-405x270.jpg 405w\" sizes=\"auto, (max-width: 1024px) 100vw, 1024px\" \/><\/figure><\/li><li class=\"blocks-gallery-item\"><figure><img loading=\"lazy\" decoding=\"async\" width=\"1024\" height=\"683\" src=\"https:\/\/marcali.plebania.hu\/wp-content\/uploads\/2019\/11\/17-1024x683.jpg\" alt=\"\" data-id=\"1233\" data-link=\"https:\/\/marcali.plebania.hu\/?attachment_id=1233\" class=\"wp-image-1233\" srcset=\"https:\/\/marcali.plebania.hu\/wp-content\/uploads\/2019\/11\/17-1024x683.jpg 1024w, https:\/\/marcali.plebania.hu\/wp-content\/uploads\/2019\/11\/17-300x200.jpg 300w, https:\/\/marcali.plebania.hu\/wp-content\/uploads\/2019\/11\/17-768x512.jpg 768w, https:\/\/marcali.plebania.hu\/wp-content\/uploads\/2019\/11\/17-1536x1024.jpg 1536w, https:\/\/marcali.plebania.hu\/wp-content\/uploads\/2019\/11\/17-2048x1365.jpg 2048w, https:\/\/marcali.plebania.hu\/wp-content\/uploads\/2019\/11\/17-405x270.jpg 405w\" sizes=\"auto, (max-width: 1024px) 100vw, 1024px\" \/><\/figure><\/li><li class=\"blocks-gallery-item\"><figure><img loading=\"lazy\" decoding=\"async\" width=\"1024\" height=\"683\" src=\"https:\/\/marcali.plebania.hu\/wp-content\/uploads\/2019\/11\/18-1024x683.jpg\" alt=\"\" data-id=\"1234\" data-full-url=\"https:\/\/marcali.plebania.hu\/wp-content\/uploads\/2019\/11\/18-scaled.jpg\" data-link=\"https:\/\/marcali.plebania.hu\/?attachment_id=1234\" class=\"wp-image-1234\" srcset=\"https:\/\/marcali.plebania.hu\/wp-content\/uploads\/2019\/11\/18-1024x683.jpg 1024w, https:\/\/marcali.plebania.hu\/wp-content\/uploads\/2019\/11\/18-300x200.jpg 300w, https:\/\/marcali.plebania.hu\/wp-content\/uploads\/2019\/11\/18-768x512.jpg 768w, https:\/\/marcali.plebania.hu\/wp-content\/uploads\/2019\/11\/18-1536x1024.jpg 1536w, https:\/\/marcali.plebania.hu\/wp-content\/uploads\/2019\/11\/18-2048x1365.jpg 2048w, https:\/\/marcali.plebania.hu\/wp-content\/uploads\/2019\/11\/18-405x270.jpg 405w\" sizes=\"auto, (max-width: 1024px) 100vw, 1024px\" \/><\/figure><\/li><\/ul><\/figure>\n","protected":false},"excerpt":{"rendered":"<p>2019. november 24-\u00e9n, vas\u00e1rnap a 9 \u00f3r\u00e1s szentmis\u00e9n a pl\u00e9b\u00e1niatemplomban Kir\u00e1ly Jen\u0151 templomaty\u00e1t k\u00f6sz\u00f6nt\u00f6tt\u00e9k n\u00e9vnapja, \u00e9s k\u00f6zelg\u0151 70. sz\u00fclet\u00e9snapja alkalm\u00e1b\u00f3l. Az egyh\u00e1zk\u00f6zs\u00e9g r\u00e9sz\u00e9r\u0151l Kiss Iv\u00e1n c. pr\u00e9post, esperes-pl\u00e9b\u00e1nos \u00e9s Gelencs\u00e9r R\u00f3bert vil\u00e1gi eln\u00f6k, a fiatalok k\u00e9pviselet\u00e9ben pedig T\u00f3th Eszter \u00c1gnes gratul\u00e1ltak a meghat\u00f3dott templomaty\u00e1nak, aki t\u00f6bb \u00e9vtizede tev\u00e9keny tagja a Marcali R\u00f3mai Katolikus Egyh\u00e1zk\u00f6zs\u00e9g K\u00e9pvisel\u0151 Test\u00fclet\u00e9nek. A szentmis\u00e9n ugyancsak k\u00f6sz\u00f6nt\u00f6tt\u00e9k dr. Gyulai Botondot, akit Varga L\u00e1szl\u00f3 kaposv\u00e1ri megy\u00e9sp\u00fcsp\u00f6k el\u0151z\u0151 nap (november 23-\u00e1n) Kaposv\u00e1ron akolituss\u00e1 avatott egy \u00e9ves felk\u00e9sz\u00fcl\u00e9si id\u0151 ut\u00e1n&#8230;.<\/p>\n<p class=\"read-more\"><a class=\"btn btn-default\" href=\"https:\/\/marcali.plebania.hu\/?p=1225\"> Read More<span class=\"screen-reader-text\">  Read More<\/span><\/a><\/p>\n","protected":false},"author":2,"featured_media":0,"comment_status":"closed","ping_status":"open","sticky":false,"template":"","format":"standard","meta":{"footnotes":""},"categories":[1],"tags":[],"class_list":["post-1225","post","type-post","status-publish","format-standard","hentry","category-egyeb"],"_links":{"self":[{"href":"https:\/\/marcali.plebania.hu\/index.php?rest_route=\/wp\/v2\/posts\/1225","targetHints":{"allow":["GET"]}}],"collection":[{"href":"https:\/\/marcali.plebania.hu\/index.php?rest_route=\/wp\/v2\/posts"}],"about":[{"href":"https:\/\/marcali.plebania.hu\/index.php?rest_route=\/wp\/v2\/types\/post"}],"author":[{"embeddable":true,"href":"https:\/\/marcali.plebania.hu\/index.php?rest_route=\/wp\/v2\/users\/2"}],"replies":[{"embeddable":true,"href":"https:\/\/marcali.plebania.hu\/index.php?rest_route=%2Fwp%2Fv2%2Fcomments&post=1225"}],"version-history":[{"count":1,"href":"https:\/\/marcali.plebania.hu\/index.php?rest_route=\/wp\/v2\/posts\/1225\/revisions"}],"predecessor-version":[{"id":1235,"href":"https:\/\/marcali.plebania.hu\/index.php?rest_route=\/wp\/v2\/posts\/1225\/revisions\/1235"}],"wp:attachment":[{"href":"https:\/\/marcali.plebania.hu\/index.php?rest_route=%2Fwp%2Fv2%2Fmedia&parent=1225"}],"wp:term":[{"taxonomy":"category","embeddable":true,"href":"https:\/\/marcali.plebania.hu\/index.php?rest_route=%2Fwp%2Fv2%2Fcategories&post=1225"},{"taxonomy":"post_tag","embeddable":true,"href":"https:\/\/marcali.plebania.hu\/index.php?rest_route=%2Fwp%2Fv2%2Ftags&post=1225"}],"curies":[{"name":"wp","href":"https:\/\/api.w.org\/{rel}","templated":true}]}}