{"id":1238,"date":"2019-11-29T08:59:07","date_gmt":"2019-11-29T08:59:07","guid":{"rendered":"https:\/\/marcali.plebania.hu\/?p=1238"},"modified":"2019-11-29T08:59:07","modified_gmt":"2019-11-29T08:59:07","slug":"hirdetesek-2019-12-01","status":"publish","type":"post","link":"https:\/\/marcali.plebania.hu\/?p=1238","title":{"rendered":"Hirdet\u00e9sek, 2019. 12. 01."},"content":{"rendered":"\n<ol class=\"wp-block-list\"><li>Ma\nvan \u00c1dvent 1. vas\u00e1rnapja.<\/li><li>A\nh\u00e9ten els\u0151 p\u00e9ntek, d\u00e9lel\u0151tt a h\u00e1zi betegek \u00e9s az id\u0151sek otthonai lak\u00f3inak \u00e1ldoztat\u00e1sa,\nd\u00e9lut\u00e1n 16.30-t\u00f3l szents\u00e9gim\u00e1d\u00e1s, gy\u00f3ntat\u00e1s, 17 \u00f3rakor szentmise.<\/li><li>A\nh\u00e9ten, szombaton 17 \u00f3rakor \u00e1dventi gyertyagy\u00fajt\u00e1s, melyen k\u00f6zrem\u0171k\u00f6dnek a\nBerzsenyi Gimn\u00e1zium n\u00f6vend\u00e9kei, ut\u00e1na szentmise.<\/li><li>December\n8-\u00e1n, j\u00f6v\u0151 vas\u00e1rnap templomunk szents\u00e9gim\u00e1d\u00e1si napja. Mivel vas\u00e1rnapra esik,\nr\u00f6vid\u00edtve tartjuk meg. 10 \u00f3rakor szents\u00e9gkit\u00e9tel 12 \u00f3r\u00e1ig. K\u00e9rn\u00e9m, aki tud,\nvegyen r\u00e9szt rajta.<\/li><li>December\n14-\u00e9n, szombaton tarjuk egyh\u00e1zk\u00f6zs\u00e9g\u00fcnk \u00e1dventi lelki napj\u00e1t. 13 \u00f3rakor az als\u00f3\ntagozatos hittanosoknak el\u0151ad\u00e1s az X-h\u00e1zban, 14 \u00f3rakor a fels\u0151s\u00f6knek el\u0151ad\u00e1s,\n15 \u00f3rakor a gyermekek gy\u00f3ntat\u00e1sa, 16 \u00f3rakor a feln\u0151ttek gy\u00f3ntat\u00e1sa \u00e9s a F\u00e9ny\nGyermekei Zenekar zen\u00e9s \u00e1h\u00edtata, 17 \u00f3rakor lelkigyakorlatos szentmise. A lelki\nnapot Bogn\u00e1r Tam\u00e1s l\u00e1bodi pl\u00e9b\u00e1nos vezeti.<\/li><li>K\u00f6sz\u00f6netet\nmondunk az \u00e1dventi koszor\u00fa k\u00e9sz\u00edt\u00e9s\u00e9n r\u00e9sztvev\u0151knek, \u00e9s a feny\u0151f\u00e1k\nfelaj\u00e1nl\u00f3inak.<\/li><li>Napt\u00e1rak,\nkalend\u00e1rium kaphat\u00f3 a sekresty\u00e9ben \u00e9s a pl\u00e9b\u00e1ni\u00e1n.<\/li><\/ol>\n","protected":false},"excerpt":{"rendered":"<p>Ma van \u00c1dvent 1. vas\u00e1rnapja. A h\u00e9ten els\u0151 p\u00e9ntek, d\u00e9lel\u0151tt a h\u00e1zi betegek \u00e9s az id\u0151sek otthonai lak\u00f3inak \u00e1ldoztat\u00e1sa, d\u00e9lut\u00e1n 16.30-t\u00f3l szents\u00e9gim\u00e1d\u00e1s, gy\u00f3ntat\u00e1s, 17 \u00f3rakor szentmise. A h\u00e9ten, szombaton 17 \u00f3rakor \u00e1dventi gyertyagy\u00fajt\u00e1s, melyen k\u00f6zrem\u0171k\u00f6dnek a Berzsenyi Gimn\u00e1zium n\u00f6vend\u00e9kei, ut\u00e1na szentmise. December 8-\u00e1n, j\u00f6v\u0151 vas\u00e1rnap templomunk szents\u00e9gim\u00e1d\u00e1si napja. Mivel vas\u00e1rnapra esik, r\u00f6vid\u00edtve tartjuk meg. 10 \u00f3rakor szents\u00e9gkit\u00e9tel 12 \u00f3r\u00e1ig. K\u00e9rn\u00e9m, aki tud, vegyen r\u00e9szt rajta. December 14-\u00e9n, szombaton tarjuk egyh\u00e1zk\u00f6zs\u00e9g\u00fcnk \u00e1dventi lelki napj\u00e1t. 13 \u00f3rakor az als\u00f3 tagozatos hittanosoknak el\u0151ad\u00e1s&#8230;<\/p>\n<p class=\"read-more\"><a class=\"btn btn-default\" href=\"https:\/\/marcali.plebania.hu\/?p=1238\"> Read More<span class=\"screen-reader-text\">  Read More<\/span><\/a><\/p>\n","protected":false},"author":2,"featured_media":0,"comment_status":"closed","ping_status":"open","sticky":false,"template":"","format":"standard","meta":{"footnotes":""},"categories":[1],"tags":[],"class_list":["post-1238","post","type-post","status-publish","format-standard","hentry","category-egyeb"],"_links":{"self":[{"href":"https:\/\/marcali.plebania.hu\/index.php?rest_route=\/wp\/v2\/posts\/1238","targetHints":{"allow":["GET"]}}],"collection":[{"href":"https:\/\/marcali.plebania.hu\/index.php?rest_route=\/wp\/v2\/posts"}],"about":[{"href":"https:\/\/marcali.plebania.hu\/index.php?rest_route=\/wp\/v2\/types\/post"}],"author":[{"embeddable":true,"href":"https:\/\/marcali.plebania.hu\/index.php?rest_route=\/wp\/v2\/users\/2"}],"replies":[{"embeddable":true,"href":"https:\/\/marcali.plebania.hu\/index.php?rest_route=%2Fwp%2Fv2%2Fcomments&post=1238"}],"version-history":[{"count":1,"href":"https:\/\/marcali.plebania.hu\/index.php?rest_route=\/wp\/v2\/posts\/1238\/revisions"}],"predecessor-version":[{"id":1239,"href":"https:\/\/marcali.plebania.hu\/index.php?rest_route=\/wp\/v2\/posts\/1238\/revisions\/1239"}],"wp:attachment":[{"href":"https:\/\/marcali.plebania.hu\/index.php?rest_route=%2Fwp%2Fv2%2Fmedia&parent=1238"}],"wp:term":[{"taxonomy":"category","embeddable":true,"href":"https:\/\/marcali.plebania.hu\/index.php?rest_route=%2Fwp%2Fv2%2Fcategories&post=1238"},{"taxonomy":"post_tag","embeddable":true,"href":"https:\/\/marcali.plebania.hu\/index.php?rest_route=%2Fwp%2Fv2%2Ftags&post=1238"}],"curies":[{"name":"wp","href":"https:\/\/api.w.org\/{rel}","templated":true}]}}