{"id":1254,"date":"2019-12-02T15:35:48","date_gmt":"2019-12-02T15:35:48","guid":{"rendered":"https:\/\/marcali.plebania.hu\/?p=1254"},"modified":"2019-12-02T15:35:48","modified_gmt":"2019-12-02T15:35:48","slug":"adventi-rahangolodas-az-x-hazban","status":"publish","type":"post","link":"https:\/\/marcali.plebania.hu\/?p=1254","title":{"rendered":"\u00c1dventi r\u00e1hangol\u00f3d\u00e1s az X-h\u00e1zban"},"content":{"rendered":"\n<p>2019. november 30-\u00e1n, szombaton 15 \u00f3r\u00e1t\u00f3l az X-h\u00e1zban is megkezd\u0151dtek az \u00e1dventre val\u00f3 el\u0151k\u00e9sz\u00fcletek. A hittanos gyermekeket \u00e9s a sz\u00fcleiket is k\u00fcl\u00f6n-k\u00fcl\u00f6n programokkal v\u00e1rt\u00e1k.<\/p>\n\n\n\n<figure class=\"wp-block-gallery columns-3 is-cropped wp-block-gallery-1 is-layout-flex wp-block-gallery-is-layout-flex\"><ul class=\"blocks-gallery-grid\"><li class=\"blocks-gallery-item\"><figure><img loading=\"lazy\" decoding=\"async\" width=\"1024\" height=\"683\" src=\"https:\/\/marcali.plebania.hu\/wp-content\/uploads\/2019\/12\/A01-1024x683.jpg\" alt=\"\" data-id=\"1255\" data-link=\"https:\/\/marcali.plebania.hu\/?attachment_id=1255\" class=\"wp-image-1255\" srcset=\"https:\/\/marcali.plebania.hu\/wp-content\/uploads\/2019\/12\/A01-1024x683.jpg 1024w, https:\/\/marcali.plebania.hu\/wp-content\/uploads\/2019\/12\/A01-300x200.jpg 300w, https:\/\/marcali.plebania.hu\/wp-content\/uploads\/2019\/12\/A01-768x512.jpg 768w, https:\/\/marcali.plebania.hu\/wp-content\/uploads\/2019\/12\/A01-1536x1024.jpg 1536w, https:\/\/marcali.plebania.hu\/wp-content\/uploads\/2019\/12\/A01-2048x1365.jpg 2048w, https:\/\/marcali.plebania.hu\/wp-content\/uploads\/2019\/12\/A01-405x270.jpg 405w\" sizes=\"auto, (max-width: 1024px) 100vw, 1024px\" \/><\/figure><\/li><li class=\"blocks-gallery-item\"><figure><img loading=\"lazy\" decoding=\"async\" width=\"1024\" height=\"683\" src=\"https:\/\/marcali.plebania.hu\/wp-content\/uploads\/2019\/12\/A03-1024x683.jpg\" alt=\"\" data-id=\"1256\" data-link=\"https:\/\/marcali.plebania.hu\/?attachment_id=1256\" class=\"wp-image-1256\" srcset=\"https:\/\/marcali.plebania.hu\/wp-content\/uploads\/2019\/12\/A03-1024x683.jpg 1024w, https:\/\/marcali.plebania.hu\/wp-content\/uploads\/2019\/12\/A03-300x200.jpg 300w, https:\/\/marcali.plebania.hu\/wp-content\/uploads\/2019\/12\/A03-768x512.jpg 768w, https:\/\/marcali.plebania.hu\/wp-content\/uploads\/2019\/12\/A03-1536x1024.jpg 1536w, https:\/\/marcali.plebania.hu\/wp-content\/uploads\/2019\/12\/A03-2048x1365.jpg 2048w, https:\/\/marcali.plebania.hu\/wp-content\/uploads\/2019\/12\/A03-405x270.jpg 405w\" sizes=\"auto, (max-width: 1024px) 100vw, 1024px\" \/><\/figure><\/li><li class=\"blocks-gallery-item\"><figure><img loading=\"lazy\" decoding=\"async\" width=\"1024\" height=\"683\" src=\"https:\/\/marcali.plebania.hu\/wp-content\/uploads\/2019\/12\/A02-1024x683.jpg\" alt=\"\" data-id=\"1258\" data-link=\"https:\/\/marcali.plebania.hu\/?attachment_id=1258\" class=\"wp-image-1258\" srcset=\"https:\/\/marcali.plebania.hu\/wp-content\/uploads\/2019\/12\/A02-1024x683.jpg 1024w, https:\/\/marcali.plebania.hu\/wp-content\/uploads\/2019\/12\/A02-300x200.jpg 300w, https:\/\/marcali.plebania.hu\/wp-content\/uploads\/2019\/12\/A02-768x512.jpg 768w, https:\/\/marcali.plebania.hu\/wp-content\/uploads\/2019\/12\/A02-1536x1024.jpg 1536w, https:\/\/marcali.plebania.hu\/wp-content\/uploads\/2019\/12\/A02-2048x1365.jpg 2048w, https:\/\/marcali.plebania.hu\/wp-content\/uploads\/2019\/12\/A02-405x270.jpg 405w\" sizes=\"auto, (max-width: 1024px) 100vw, 1024px\" \/><\/figure><\/li><li class=\"blocks-gallery-item\"><figure><img loading=\"lazy\" decoding=\"async\" width=\"1024\" height=\"683\" src=\"https:\/\/marcali.plebania.hu\/wp-content\/uploads\/2019\/12\/A23-1024x683.jpg\" alt=\"\" data-id=\"1263\" data-full-url=\"https:\/\/marcali.plebania.hu\/wp-content\/uploads\/2019\/12\/A23-scaled.jpg\" data-link=\"https:\/\/marcali.plebania.hu\/?attachment_id=1263\" class=\"wp-image-1263\" srcset=\"https:\/\/marcali.plebania.hu\/wp-content\/uploads\/2019\/12\/A23-1024x683.jpg 1024w, https:\/\/marcali.plebania.hu\/wp-content\/uploads\/2019\/12\/A23-300x200.jpg 300w, https:\/\/marcali.plebania.hu\/wp-content\/uploads\/2019\/12\/A23-768x512.jpg 768w, https:\/\/marcali.plebania.hu\/wp-content\/uploads\/2019\/12\/A23-1536x1024.jpg 1536w, https:\/\/marcali.plebania.hu\/wp-content\/uploads\/2019\/12\/A23-2048x1365.jpg 2048w, https:\/\/marcali.plebania.hu\/wp-content\/uploads\/2019\/12\/A23-405x270.jpg 405w\" sizes=\"auto, (max-width: 1024px) 100vw, 1024px\" \/><\/figure><\/li><\/ul><\/figure>\n\n\n\n<p>A megjelenteket Kiss Iv\u00e1n c. pr\u00e9post, esperes-pl\u00e9b\u00e1nos k\u00f6sz\u00f6nt\u00f6tte, majd egy egyh\u00e1zi \u00e9nek k\u00eds\u00e9ret\u00e9ben meggy\u00fajtott\u00e1k az \u00e1dventi koszor\u00fa els\u0151 gyerty\u00e1j\u00e1t. Ezut\u00e1n a gyermekek a hitoktat\u00f3kkal \u00e9s v\u00e1llalkoz\u00f3 kedv\u0171 sz\u00fcl\u0151kkel egy\u00fctt asztali \u00e1dventi koszor\u00fakat k\u00e9sz\u00edthettek. Az \u00f6ssze\u00e1ll\u00edt\u00e1shoz sz\u00fcks\u00e9ges alapanyagokat (szalmakoszor\u00fa, feny\u0151\u00e1gak, gyerty\u00e1k, d\u00edsz\u00edt\u0151 anyagok stb.) a Marcali R\u00f3mai Katolikus Egyh\u00e1zk\u00f6zs\u00e9g biztos\u00edtotta. A lelkes r\u00e9sztvev\u0151k v\u00e9g\u00fcl t\u00f6bb mint 30 db remekm\u0171veket \u00e1ll\u00edtottak \u00f6ssze szorgos \u00e9s kitart\u00f3 munk\u00e1val, melyhez szakszer\u0171 seg\u00edts\u00e9get T\u00f3th P\u00e9ter \u00e9s Gelencs\u00e9r R\u00f3bert vil\u00e1gi eln\u00f6k adtak. A gyermekek megtanult\u00e1k, hogy az egyh\u00e1zi liturgikus szab\u00e1lyok szerint h\u00e1rom lila \u00e9s egy r\u00f3zsasz\u00edn\u0171 gyertya alkotja a szab\u00e1lyos \u00e1dventi koszor\u00fat.<\/p>\n\n\n\n<figure class=\"wp-block-gallery columns-3 is-cropped wp-block-gallery-2 is-layout-flex wp-block-gallery-is-layout-flex\"><ul class=\"blocks-gallery-grid\"><li class=\"blocks-gallery-item\"><figure><img loading=\"lazy\" decoding=\"async\" width=\"1024\" height=\"683\" src=\"https:\/\/marcali.plebania.hu\/wp-content\/uploads\/2019\/12\/A10-1024x683.jpg\" alt=\"\" data-id=\"1259\" data-link=\"https:\/\/marcali.plebania.hu\/?attachment_id=1259\" class=\"wp-image-1259\" srcset=\"https:\/\/marcali.plebania.hu\/wp-content\/uploads\/2019\/12\/A10-1024x683.jpg 1024w, https:\/\/marcali.plebania.hu\/wp-content\/uploads\/2019\/12\/A10-300x200.jpg 300w, https:\/\/marcali.plebania.hu\/wp-content\/uploads\/2019\/12\/A10-768x512.jpg 768w, https:\/\/marcali.plebania.hu\/wp-content\/uploads\/2019\/12\/A10-1536x1024.jpg 1536w, https:\/\/marcali.plebania.hu\/wp-content\/uploads\/2019\/12\/A10-2048x1365.jpg 2048w, https:\/\/marcali.plebania.hu\/wp-content\/uploads\/2019\/12\/A10-405x270.jpg 405w\" sizes=\"auto, (max-width: 1024px) 100vw, 1024px\" \/><\/figure><\/li><li class=\"blocks-gallery-item\"><figure><img loading=\"lazy\" decoding=\"async\" width=\"1024\" height=\"683\" src=\"https:\/\/marcali.plebania.hu\/wp-content\/uploads\/2019\/12\/A14-1024x683.jpg\" alt=\"\" data-id=\"1261\" data-link=\"https:\/\/marcali.plebania.hu\/?attachment_id=1261\" class=\"wp-image-1261\" srcset=\"https:\/\/marcali.plebania.hu\/wp-content\/uploads\/2019\/12\/A14-1024x683.jpg 1024w, https:\/\/marcali.plebania.hu\/wp-content\/uploads\/2019\/12\/A14-300x200.jpg 300w, https:\/\/marcali.plebania.hu\/wp-content\/uploads\/2019\/12\/A14-768x512.jpg 768w, https:\/\/marcali.plebania.hu\/wp-content\/uploads\/2019\/12\/A14-1536x1024.jpg 1536w, https:\/\/marcali.plebania.hu\/wp-content\/uploads\/2019\/12\/A14-2048x1365.jpg 2048w, https:\/\/marcali.plebania.hu\/wp-content\/uploads\/2019\/12\/A14-405x270.jpg 405w\" sizes=\"auto, (max-width: 1024px) 100vw, 1024px\" \/><\/figure><\/li><li class=\"blocks-gallery-item\"><figure><img loading=\"lazy\" decoding=\"async\" width=\"1024\" height=\"683\" src=\"https:\/\/marcali.plebania.hu\/wp-content\/uploads\/2019\/12\/A07-1024x683.jpg\" alt=\"\" data-id=\"1262\" data-link=\"https:\/\/marcali.plebania.hu\/?attachment_id=1262\" class=\"wp-image-1262\" srcset=\"https:\/\/marcali.plebania.hu\/wp-content\/uploads\/2019\/12\/A07-1024x683.jpg 1024w, https:\/\/marcali.plebania.hu\/wp-content\/uploads\/2019\/12\/A07-300x200.jpg 300w, https:\/\/marcali.plebania.hu\/wp-content\/uploads\/2019\/12\/A07-768x512.jpg 768w, https:\/\/marcali.plebania.hu\/wp-content\/uploads\/2019\/12\/A07-1536x1024.jpg 1536w, https:\/\/marcali.plebania.hu\/wp-content\/uploads\/2019\/12\/A07-2048x1365.jpg 2048w, https:\/\/marcali.plebania.hu\/wp-content\/uploads\/2019\/12\/A07-405x270.jpg 405w\" sizes=\"auto, (max-width: 1024px) 100vw, 1024px\" \/><\/figure><\/li><li class=\"blocks-gallery-item\"><figure><img loading=\"lazy\" decoding=\"async\" width=\"1024\" height=\"683\" src=\"https:\/\/marcali.plebania.hu\/wp-content\/uploads\/2019\/12\/A26-1024x683.jpg\" alt=\"\" data-id=\"1264\" data-full-url=\"https:\/\/marcali.plebania.hu\/wp-content\/uploads\/2019\/12\/A26-scaled.jpg\" data-link=\"https:\/\/marcali.plebania.hu\/?attachment_id=1264\" class=\"wp-image-1264\" srcset=\"https:\/\/marcali.plebania.hu\/wp-content\/uploads\/2019\/12\/A26-1024x683.jpg 1024w, https:\/\/marcali.plebania.hu\/wp-content\/uploads\/2019\/12\/A26-300x200.jpg 300w, https:\/\/marcali.plebania.hu\/wp-content\/uploads\/2019\/12\/A26-768x512.jpg 768w, https:\/\/marcali.plebania.hu\/wp-content\/uploads\/2019\/12\/A26-1536x1024.jpg 1536w, https:\/\/marcali.plebania.hu\/wp-content\/uploads\/2019\/12\/A26-2048x1365.jpg 2048w, https:\/\/marcali.plebania.hu\/wp-content\/uploads\/2019\/12\/A26-405x270.jpg 405w\" sizes=\"auto, (max-width: 1024px) 100vw, 1024px\" \/><\/figure><\/li><\/ul><\/figure>\n\n\n\n<p>Mindez id\u0151 alatt a Karit\u00e1sz term\u00e9ben, a feln\u0151ttek r\u00e9sz\u00e9re Koll\u00e1r R\u00f3bert \u00e9s feles\u00e9ge, Rita egy \u00e9rdekes el\u0151ad\u00e1st tartottak \u201e\u00c9rt\u00e9k-e m\u00e9g a csal\u00e1d\u201d c\u00edmmel. Az el\u0151ad\u00f3kat j\u00f3l ismerhett\u00e9k a jelenl\u00e9v\u0151k, hiszen Robi az egykori X (Marcali Ifj\u00fas\u00e1gi Katolikus Sz\u00f6vets\u00e9g) alap\u00edt\u00f3 tagja volt, m\u00edg Rita is t\u00f6bb \u00e9vig tan\u00edtott v\u00e1rosunkban. A h\u00e1zasp\u00e1r az eddigi tapasztalatait osztotta meg a hit, a csal\u00e1d, a gyermeknevel\u00e9s, \u00e9s a k\u00f6z\u00f6ss\u00e9gteremt\u00e9s t\u00e9mak\u00f6r\u00e9ben, s egyben egyfajta \u00fatmutat\u00f3t, t\u00e1mpontot, mint\u00e1t adott a csal\u00e1dos k\u00f6z\u00f6ss\u00e9gek megteremt\u00e9s\u00e9re \u00e9s j\u00f3t\u00e9kony hat\u00e1saira. Az \u00fajszer\u0171 kezdem\u00e9nyez\u00e9st interakt\u00edv besz\u00e9lget\u00e9s z\u00e1rta, ahol mindenki b\u00e1tran hozz\u00e1sz\u00f3lhatott \u00e9s megoszthatta tapasztalatait, amelyb\u0151l lehet a tov\u00e1bbiakban \u00e9p\u00edtkezni.<\/p>\n\n\n\n<figure class=\"wp-block-gallery columns-3 is-cropped wp-block-gallery-3 is-layout-flex wp-block-gallery-is-layout-flex\"><ul class=\"blocks-gallery-grid\"><li class=\"blocks-gallery-item\"><figure><img loading=\"lazy\" decoding=\"async\" width=\"1024\" height=\"683\" src=\"https:\/\/marcali.plebania.hu\/wp-content\/uploads\/2019\/12\/A16-1024x683.jpg\" alt=\"\" data-id=\"1265\" data-link=\"https:\/\/marcali.plebania.hu\/?attachment_id=1265\" class=\"wp-image-1265\" srcset=\"https:\/\/marcali.plebania.hu\/wp-content\/uploads\/2019\/12\/A16-1024x683.jpg 1024w, https:\/\/marcali.plebania.hu\/wp-content\/uploads\/2019\/12\/A16-300x200.jpg 300w, https:\/\/marcali.plebania.hu\/wp-content\/uploads\/2019\/12\/A16-768x512.jpg 768w, https:\/\/marcali.plebania.hu\/wp-content\/uploads\/2019\/12\/A16-1536x1024.jpg 1536w, https:\/\/marcali.plebania.hu\/wp-content\/uploads\/2019\/12\/A16-2048x1365.jpg 2048w, https:\/\/marcali.plebania.hu\/wp-content\/uploads\/2019\/12\/A16-405x270.jpg 405w\" sizes=\"auto, (max-width: 1024px) 100vw, 1024px\" \/><\/figure><\/li><li class=\"blocks-gallery-item\"><figure><img loading=\"lazy\" decoding=\"async\" width=\"1024\" height=\"683\" src=\"https:\/\/marcali.plebania.hu\/wp-content\/uploads\/2019\/12\/A19-1024x683.jpg\" alt=\"\" data-id=\"1266\" data-link=\"https:\/\/marcali.plebania.hu\/?attachment_id=1266\" class=\"wp-image-1266\" srcset=\"https:\/\/marcali.plebania.hu\/wp-content\/uploads\/2019\/12\/A19-1024x683.jpg 1024w, https:\/\/marcali.plebania.hu\/wp-content\/uploads\/2019\/12\/A19-300x200.jpg 300w, https:\/\/marcali.plebania.hu\/wp-content\/uploads\/2019\/12\/A19-768x512.jpg 768w, https:\/\/marcali.plebania.hu\/wp-content\/uploads\/2019\/12\/A19-1536x1024.jpg 1536w, https:\/\/marcali.plebania.hu\/wp-content\/uploads\/2019\/12\/A19-2048x1365.jpg 2048w, https:\/\/marcali.plebania.hu\/wp-content\/uploads\/2019\/12\/A19-405x270.jpg 405w\" sizes=\"auto, (max-width: 1024px) 100vw, 1024px\" \/><\/figure><\/li><li class=\"blocks-gallery-item\"><figure><img loading=\"lazy\" decoding=\"async\" width=\"1024\" height=\"683\" src=\"https:\/\/marcali.plebania.hu\/wp-content\/uploads\/2019\/12\/A18-1024x683.jpg\" alt=\"\" data-id=\"1267\" data-link=\"https:\/\/marcali.plebania.hu\/?attachment_id=1267\" class=\"wp-image-1267\" srcset=\"https:\/\/marcali.plebania.hu\/wp-content\/uploads\/2019\/12\/A18-1024x683.jpg 1024w, https:\/\/marcali.plebania.hu\/wp-content\/uploads\/2019\/12\/A18-300x200.jpg 300w, https:\/\/marcali.plebania.hu\/wp-content\/uploads\/2019\/12\/A18-768x512.jpg 768w, https:\/\/marcali.plebania.hu\/wp-content\/uploads\/2019\/12\/A18-1536x1024.jpg 1536w, https:\/\/marcali.plebania.hu\/wp-content\/uploads\/2019\/12\/A18-2048x1365.jpg 2048w, https:\/\/marcali.plebania.hu\/wp-content\/uploads\/2019\/12\/A18-405x270.jpg 405w\" sizes=\"auto, (max-width: 1024px) 100vw, 1024px\" \/><\/figure><\/li><li class=\"blocks-gallery-item\"><figure><img loading=\"lazy\" decoding=\"async\" width=\"1024\" height=\"683\" src=\"https:\/\/marcali.plebania.hu\/wp-content\/uploads\/2019\/12\/A17-1024x683.jpg\" alt=\"\" data-id=\"1268\" data-full-url=\"https:\/\/marcali.plebania.hu\/wp-content\/uploads\/2019\/12\/A17-scaled.jpg\" data-link=\"https:\/\/marcali.plebania.hu\/?attachment_id=1268\" class=\"wp-image-1268\" srcset=\"https:\/\/marcali.plebania.hu\/wp-content\/uploads\/2019\/12\/A17-1024x683.jpg 1024w, https:\/\/marcali.plebania.hu\/wp-content\/uploads\/2019\/12\/A17-300x200.jpg 300w, https:\/\/marcali.plebania.hu\/wp-content\/uploads\/2019\/12\/A17-768x512.jpg 768w, https:\/\/marcali.plebania.hu\/wp-content\/uploads\/2019\/12\/A17-1536x1024.jpg 1536w, https:\/\/marcali.plebania.hu\/wp-content\/uploads\/2019\/12\/A17-2048x1365.jpg 2048w, https:\/\/marcali.plebania.hu\/wp-content\/uploads\/2019\/12\/A17-405x270.jpg 405w\" sizes=\"auto, (max-width: 1024px) 100vw, 1024px\" \/><\/figure><\/li><\/ul><\/figure>\n","protected":false},"excerpt":{"rendered":"<p>2019. november 30-\u00e1n, szombaton 15 \u00f3r\u00e1t\u00f3l az X-h\u00e1zban is megkezd\u0151dtek az \u00e1dventre val\u00f3 el\u0151k\u00e9sz\u00fcletek. A hittanos gyermekeket \u00e9s a sz\u00fcleiket is k\u00fcl\u00f6n-k\u00fcl\u00f6n programokkal v\u00e1rt\u00e1k. A megjelenteket Kiss Iv\u00e1n c. pr\u00e9post, esperes-pl\u00e9b\u00e1nos k\u00f6sz\u00f6nt\u00f6tte, majd egy egyh\u00e1zi \u00e9nek k\u00eds\u00e9ret\u00e9ben meggy\u00fajtott\u00e1k az \u00e1dventi koszor\u00fa els\u0151 gyerty\u00e1j\u00e1t. Ezut\u00e1n a gyermekek a hitoktat\u00f3kkal \u00e9s v\u00e1llalkoz\u00f3 kedv\u0171 sz\u00fcl\u0151kkel egy\u00fctt asztali \u00e1dventi koszor\u00fakat k\u00e9sz\u00edthettek. Az \u00f6ssze\u00e1ll\u00edt\u00e1shoz sz\u00fcks\u00e9ges alapanyagokat (szalmakoszor\u00fa, feny\u0151\u00e1gak, gyerty\u00e1k, d\u00edsz\u00edt\u0151 anyagok stb.) a Marcali R\u00f3mai Katolikus Egyh\u00e1zk\u00f6zs\u00e9g biztos\u00edtotta. A lelkes r\u00e9sztvev\u0151k v\u00e9g\u00fcl t\u00f6bb mint 30&#8230;<\/p>\n<p class=\"read-more\"><a class=\"btn btn-default\" href=\"https:\/\/marcali.plebania.hu\/?p=1254\"> Read More<span class=\"screen-reader-text\">  Read More<\/span><\/a><\/p>\n","protected":false},"author":2,"featured_media":0,"comment_status":"closed","ping_status":"open","sticky":false,"template":"","format":"standard","meta":{"footnotes":""},"categories":[1],"tags":[],"class_list":["post-1254","post","type-post","status-publish","format-standard","hentry","category-egyeb"],"_links":{"self":[{"href":"https:\/\/marcali.plebania.hu\/index.php?rest_route=\/wp\/v2\/posts\/1254","targetHints":{"allow":["GET"]}}],"collection":[{"href":"https:\/\/marcali.plebania.hu\/index.php?rest_route=\/wp\/v2\/posts"}],"about":[{"href":"https:\/\/marcali.plebania.hu\/index.php?rest_route=\/wp\/v2\/types\/post"}],"author":[{"embeddable":true,"href":"https:\/\/marcali.plebania.hu\/index.php?rest_route=\/wp\/v2\/users\/2"}],"replies":[{"embeddable":true,"href":"https:\/\/marcali.plebania.hu\/index.php?rest_route=%2Fwp%2Fv2%2Fcomments&post=1254"}],"version-history":[{"count":1,"href":"https:\/\/marcali.plebania.hu\/index.php?rest_route=\/wp\/v2\/posts\/1254\/revisions"}],"predecessor-version":[{"id":1269,"href":"https:\/\/marcali.plebania.hu\/index.php?rest_route=\/wp\/v2\/posts\/1254\/revisions\/1269"}],"wp:attachment":[{"href":"https:\/\/marcali.plebania.hu\/index.php?rest_route=%2Fwp%2Fv2%2Fmedia&parent=1254"}],"wp:term":[{"taxonomy":"category","embeddable":true,"href":"https:\/\/marcali.plebania.hu\/index.php?rest_route=%2Fwp%2Fv2%2Fcategories&post=1254"},{"taxonomy":"post_tag","embeddable":true,"href":"https:\/\/marcali.plebania.hu\/index.php?rest_route=%2Fwp%2Fv2%2Ftags&post=1254"}],"curies":[{"name":"wp","href":"https:\/\/api.w.org\/{rel}","templated":true}]}}