{"id":1280,"date":"2019-12-02T16:01:09","date_gmt":"2019-12-02T16:01:09","guid":{"rendered":"https:\/\/marcali.plebania.hu\/?p=1280"},"modified":"2019-12-23T10:06:20","modified_gmt":"2019-12-23T10:06:20","slug":"65-eves-hazassagi-jubileum-a-marcali-plebaniatemplomban","status":"publish","type":"post","link":"https:\/\/marcali.plebania.hu\/?p=1280","title":{"rendered":"65 \u00e9ves h\u00e1zass\u00e1gi jubileum a marcali pl\u00e9b\u00e1niatemplomban"},"content":{"rendered":"\n<p>Ritka esem\u00e9nyre ker\u00fclt sor a marcali Gy\u00fcm\u00f6lcsolt\u00f3 Boldogasszony pl\u00e9b\u00e1niatemplomban. 65 \u00e9ve, 1954 november\u00e9ben esk\u00fcdtek \u00f6r\u00f6k h\u0171s\u00e9get egym\u00e1snak ugyanitt Szekeres Istv\u00e1n \u00e9s Fazekas Margit Ter\u00e9z. December elsej\u00e9n 65 \u00e9ves h\u00e1zass\u00e1gi \u00edg\u00e9ret\u00fcket ism\u00e9telt\u00e9k meg Isten szent sz\u00edne el\u0151tt.<\/p>\n\n\n\n<figure class=\"wp-block-gallery columns-3 is-cropped wp-block-gallery-1 is-layout-flex wp-block-gallery-is-layout-flex\"><ul class=\"blocks-gallery-grid\"><li class=\"blocks-gallery-item\"><figure><img loading=\"lazy\" decoding=\"async\" width=\"1024\" height=\"678\" src=\"https:\/\/marcali.plebania.hu\/wp-content\/uploads\/2019\/12\/szekeres-012.jpg\" alt=\"\" data-id=\"1281\" data-link=\"https:\/\/marcali.plebania.hu\/?attachment_id=1281\" class=\"wp-image-1281\" srcset=\"https:\/\/marcali.plebania.hu\/wp-content\/uploads\/2019\/12\/szekeres-012.jpg 1024w, https:\/\/marcali.plebania.hu\/wp-content\/uploads\/2019\/12\/szekeres-012-300x199.jpg 300w, https:\/\/marcali.plebania.hu\/wp-content\/uploads\/2019\/12\/szekeres-012-768x509.jpg 768w, https:\/\/marcali.plebania.hu\/wp-content\/uploads\/2019\/12\/szekeres-012-408x270.jpg 408w\" sizes=\"auto, (max-width: 1024px) 100vw, 1024px\" \/><\/figure><\/li><li class=\"blocks-gallery-item\"><figure><img loading=\"lazy\" decoding=\"async\" width=\"1024\" height=\"678\" src=\"https:\/\/marcali.plebania.hu\/wp-content\/uploads\/2019\/12\/szekeres-013.jpg\" alt=\"\" data-id=\"1282\" data-link=\"https:\/\/marcali.plebania.hu\/?attachment_id=1282\" class=\"wp-image-1282\" srcset=\"https:\/\/marcali.plebania.hu\/wp-content\/uploads\/2019\/12\/szekeres-013.jpg 1024w, https:\/\/marcali.plebania.hu\/wp-content\/uploads\/2019\/12\/szekeres-013-300x199.jpg 300w, https:\/\/marcali.plebania.hu\/wp-content\/uploads\/2019\/12\/szekeres-013-768x509.jpg 768w, https:\/\/marcali.plebania.hu\/wp-content\/uploads\/2019\/12\/szekeres-013-408x270.jpg 408w\" sizes=\"auto, (max-width: 1024px) 100vw, 1024px\" \/><\/figure><\/li><li class=\"blocks-gallery-item\"><figure><img loading=\"lazy\" decoding=\"async\" width=\"1024\" height=\"678\" src=\"https:\/\/marcali.plebania.hu\/wp-content\/uploads\/2019\/12\/szekeres-015.jpg\" alt=\"\" data-id=\"1283\" data-link=\"https:\/\/marcali.plebania.hu\/?attachment_id=1283\" class=\"wp-image-1283\" srcset=\"https:\/\/marcali.plebania.hu\/wp-content\/uploads\/2019\/12\/szekeres-015.jpg 1024w, https:\/\/marcali.plebania.hu\/wp-content\/uploads\/2019\/12\/szekeres-015-300x199.jpg 300w, https:\/\/marcali.plebania.hu\/wp-content\/uploads\/2019\/12\/szekeres-015-768x509.jpg 768w, https:\/\/marcali.plebania.hu\/wp-content\/uploads\/2019\/12\/szekeres-015-408x270.jpg 408w\" sizes=\"auto, (max-width: 1024px) 100vw, 1024px\" \/><\/figure><\/li><li class=\"blocks-gallery-item\"><figure><img loading=\"lazy\" decoding=\"async\" width=\"1024\" height=\"678\" src=\"https:\/\/marcali.plebania.hu\/wp-content\/uploads\/2019\/12\/szekeres-002.jpg\" alt=\"\" data-id=\"1284\" data-full-url=\"https:\/\/marcali.plebania.hu\/wp-content\/uploads\/2019\/12\/szekeres-002.jpg\" data-link=\"https:\/\/marcali.plebania.hu\/?attachment_id=1284\" class=\"wp-image-1284\" srcset=\"https:\/\/marcali.plebania.hu\/wp-content\/uploads\/2019\/12\/szekeres-002.jpg 1024w, https:\/\/marcali.plebania.hu\/wp-content\/uploads\/2019\/12\/szekeres-002-300x199.jpg 300w, https:\/\/marcali.plebania.hu\/wp-content\/uploads\/2019\/12\/szekeres-002-768x509.jpg 768w, https:\/\/marcali.plebania.hu\/wp-content\/uploads\/2019\/12\/szekeres-002-408x270.jpg 408w\" sizes=\"auto, (max-width: 1024px) 100vw, 1024px\" \/><\/figure><\/li><\/ul><\/figure>\n\n\n\n<p>Amikor h\u00e1zass\u00e1got k\u00f6t\u00f6ttek Istv\u00e1n b\u00e1csi 29 \u00e9ves, Margit n\u00e9ni 18 \u00e9ves volt. A jubil\u00e1ns h\u00e1zasp\u00e1rnak k\u00e9t le\u00e1nya \u00e9s h\u00e1rom unok\u00e1ja van. Mindketten a Marcali Katolikus Egyh\u00e1zk\u00f6zs\u00e9g buzg\u00f3 tagjai, Szekeres Istv\u00e1n \u00e9vtizedekig tagja volt az Egyh\u00e1zk\u00f6zs\u00e9g K\u00e9pvisel\u0151 Test\u00fclet\u00e9nek, Margit n\u00e9ni pedig napi szentmis\u00e9re j\u00e1r\u00f3.<\/p>\n\n\n\n<figure class=\"wp-block-gallery columns-3 is-cropped wp-block-gallery-2 is-layout-flex wp-block-gallery-is-layout-flex\"><ul class=\"blocks-gallery-grid\"><li class=\"blocks-gallery-item\"><figure><img loading=\"lazy\" decoding=\"async\" width=\"1024\" height=\"678\" src=\"https:\/\/marcali.plebania.hu\/wp-content\/uploads\/2019\/12\/szekeres-016.jpg\" alt=\"\" data-id=\"1285\" data-link=\"https:\/\/marcali.plebania.hu\/?attachment_id=1285\" class=\"wp-image-1285\" srcset=\"https:\/\/marcali.plebania.hu\/wp-content\/uploads\/2019\/12\/szekeres-016.jpg 1024w, https:\/\/marcali.plebania.hu\/wp-content\/uploads\/2019\/12\/szekeres-016-300x199.jpg 300w, https:\/\/marcali.plebania.hu\/wp-content\/uploads\/2019\/12\/szekeres-016-768x509.jpg 768w, https:\/\/marcali.plebania.hu\/wp-content\/uploads\/2019\/12\/szekeres-016-408x270.jpg 408w\" sizes=\"auto, (max-width: 1024px) 100vw, 1024px\" \/><\/figure><\/li><li class=\"blocks-gallery-item\"><figure><img loading=\"lazy\" decoding=\"async\" width=\"1024\" height=\"678\" src=\"https:\/\/marcali.plebania.hu\/wp-content\/uploads\/2019\/12\/szekeres-029.jpg\" alt=\"\" data-id=\"1286\" data-link=\"https:\/\/marcali.plebania.hu\/?attachment_id=1286\" class=\"wp-image-1286\" srcset=\"https:\/\/marcali.plebania.hu\/wp-content\/uploads\/2019\/12\/szekeres-029.jpg 1024w, https:\/\/marcali.plebania.hu\/wp-content\/uploads\/2019\/12\/szekeres-029-300x199.jpg 300w, https:\/\/marcali.plebania.hu\/wp-content\/uploads\/2019\/12\/szekeres-029-768x509.jpg 768w, https:\/\/marcali.plebania.hu\/wp-content\/uploads\/2019\/12\/szekeres-029-408x270.jpg 408w\" sizes=\"auto, (max-width: 1024px) 100vw, 1024px\" \/><\/figure><\/li><li class=\"blocks-gallery-item\"><figure><img loading=\"lazy\" decoding=\"async\" width=\"1024\" height=\"678\" src=\"https:\/\/marcali.plebania.hu\/wp-content\/uploads\/2019\/12\/szekeres-019.jpg\" alt=\"\" data-id=\"1287\" data-full-url=\"https:\/\/marcali.plebania.hu\/wp-content\/uploads\/2019\/12\/szekeres-019.jpg\" data-link=\"https:\/\/marcali.plebania.hu\/?attachment_id=1287\" class=\"wp-image-1287\" srcset=\"https:\/\/marcali.plebania.hu\/wp-content\/uploads\/2019\/12\/szekeres-019.jpg 1024w, https:\/\/marcali.plebania.hu\/wp-content\/uploads\/2019\/12\/szekeres-019-300x199.jpg 300w, https:\/\/marcali.plebania.hu\/wp-content\/uploads\/2019\/12\/szekeres-019-768x509.jpg 768w, https:\/\/marcali.plebania.hu\/wp-content\/uploads\/2019\/12\/szekeres-019-408x270.jpg 408w\" sizes=\"auto, (max-width: 1024px) 100vw, 1024px\" \/><\/figure><\/li><li class=\"blocks-gallery-item\"><figure><img loading=\"lazy\" decoding=\"async\" width=\"1024\" height=\"678\" src=\"https:\/\/marcali.plebania.hu\/wp-content\/uploads\/2019\/12\/szekeres-021.jpg\" alt=\"\" data-id=\"1288\" data-full-url=\"https:\/\/marcali.plebania.hu\/wp-content\/uploads\/2019\/12\/szekeres-021.jpg\" data-link=\"https:\/\/marcali.plebania.hu\/?attachment_id=1288\" class=\"wp-image-1288\" srcset=\"https:\/\/marcali.plebania.hu\/wp-content\/uploads\/2019\/12\/szekeres-021.jpg 1024w, https:\/\/marcali.plebania.hu\/wp-content\/uploads\/2019\/12\/szekeres-021-300x199.jpg 300w, https:\/\/marcali.plebania.hu\/wp-content\/uploads\/2019\/12\/szekeres-021-768x509.jpg 768w, https:\/\/marcali.plebania.hu\/wp-content\/uploads\/2019\/12\/szekeres-021-408x270.jpg 408w\" sizes=\"auto, (max-width: 1024px) 100vw, 1024px\" \/><\/figure><\/li><\/ul><\/figure>\n\n\n\n<p>A h\u00edvek az \u00c1roni \u00e1ld\u00e1s \u00e9nek\u00e9vel im\u00e1dkoztak \u00e9rt\u00fck.<\/p>\n","protected":false},"excerpt":{"rendered":"<p>Ritka esem\u00e9nyre ker\u00fclt sor a marcali Gy\u00fcm\u00f6lcsolt\u00f3 Boldogasszony pl\u00e9b\u00e1niatemplomban. 65 \u00e9ve, 1954 november\u00e9ben esk\u00fcdtek \u00f6r\u00f6k h\u0171s\u00e9get egym\u00e1snak ugyanitt Szekeres Istv\u00e1n \u00e9s Fazekas Margit Ter\u00e9z. December elsej\u00e9n 65 \u00e9ves h\u00e1zass\u00e1gi \u00edg\u00e9ret\u00fcket ism\u00e9telt\u00e9k meg Isten szent sz\u00edne el\u0151tt. Amikor h\u00e1zass\u00e1got k\u00f6t\u00f6ttek Istv\u00e1n b\u00e1csi 29 \u00e9ves, Margit n\u00e9ni 18 \u00e9ves volt. A jubil\u00e1ns h\u00e1zasp\u00e1rnak k\u00e9t le\u00e1nya \u00e9s h\u00e1rom unok\u00e1ja van. Mindketten a Marcali Katolikus Egyh\u00e1zk\u00f6zs\u00e9g buzg\u00f3 tagjai, Szekeres Istv\u00e1n \u00e9vtizedekig tagja volt az Egyh\u00e1zk\u00f6zs\u00e9g K\u00e9pvisel\u0151 Test\u00fclet\u00e9nek, Margit n\u00e9ni pedig napi szentmis\u00e9re j\u00e1r\u00f3. A&#8230;<\/p>\n<p class=\"read-more\"><a class=\"btn btn-default\" href=\"https:\/\/marcali.plebania.hu\/?p=1280\"> Read More<span class=\"screen-reader-text\">  Read More<\/span><\/a><\/p>\n","protected":false},"author":2,"featured_media":0,"comment_status":"closed","ping_status":"open","sticky":false,"template":"","format":"standard","meta":{"footnotes":""},"categories":[1],"tags":[],"class_list":["post-1280","post","type-post","status-publish","format-standard","hentry","category-egyeb"],"_links":{"self":[{"href":"https:\/\/marcali.plebania.hu\/index.php?rest_route=\/wp\/v2\/posts\/1280","targetHints":{"allow":["GET"]}}],"collection":[{"href":"https:\/\/marcali.plebania.hu\/index.php?rest_route=\/wp\/v2\/posts"}],"about":[{"href":"https:\/\/marcali.plebania.hu\/index.php?rest_route=\/wp\/v2\/types\/post"}],"author":[{"embeddable":true,"href":"https:\/\/marcali.plebania.hu\/index.php?rest_route=\/wp\/v2\/users\/2"}],"replies":[{"embeddable":true,"href":"https:\/\/marcali.plebania.hu\/index.php?rest_route=%2Fwp%2Fv2%2Fcomments&post=1280"}],"version-history":[{"count":2,"href":"https:\/\/marcali.plebania.hu\/index.php?rest_route=\/wp\/v2\/posts\/1280\/revisions"}],"predecessor-version":[{"id":1383,"href":"https:\/\/marcali.plebania.hu\/index.php?rest_route=\/wp\/v2\/posts\/1280\/revisions\/1383"}],"wp:attachment":[{"href":"https:\/\/marcali.plebania.hu\/index.php?rest_route=%2Fwp%2Fv2%2Fmedia&parent=1280"}],"wp:term":[{"taxonomy":"category","embeddable":true,"href":"https:\/\/marcali.plebania.hu\/index.php?rest_route=%2Fwp%2Fv2%2Fcategories&post=1280"},{"taxonomy":"post_tag","embeddable":true,"href":"https:\/\/marcali.plebania.hu\/index.php?rest_route=%2Fwp%2Fv2%2Ftags&post=1280"}],"curies":[{"name":"wp","href":"https:\/\/api.w.org\/{rel}","templated":true}]}}