{"id":1291,"date":"2019-12-06T10:26:16","date_gmt":"2019-12-06T10:26:16","guid":{"rendered":"https:\/\/marcali.plebania.hu\/?p=1291"},"modified":"2019-12-06T10:26:16","modified_gmt":"2019-12-06T10:26:16","slug":"hirdetesek-2019-12-08","status":"publish","type":"post","link":"https:\/\/marcali.plebania.hu\/?p=1291","title":{"rendered":"Hirdet\u00e9sek, 2019. 12. 08."},"content":{"rendered":"\n<ol class=\"wp-block-list\"><li>Ma\nvan \u00e1dvent 2. vas\u00e1rnapja.<\/li><li>A\nj\u00f6v\u0151 h\u00e9ten, p\u00e9nteken 16 \u00f3rakor fatimai ima\u00f3ra, 17 \u00f3rakor szentmise.<\/li><li>Szombaton\ntarjuk egyh\u00e1zk\u00f6zs\u00e9g\u00fcnk \u00e1dventi lelki napj\u00e1t: 13 \u00f3rakor az als\u00f3 tagozatos\nhittanosoknak el\u0151ad\u00e1s az X-h\u00e1zban, 14 \u00f3rakor a fels\u0151s\u00f6knek el\u0151ad\u00e1s, 15 \u00f3rakor a\ngyermekek gy\u00f3ntat\u00e1sa, 15.45-kor a F\u00e9ny Gyermekei Zenekar zen\u00e9s \u00e1h\u00edtata, 16\n\u00f3rakor a feln\u0151ttek gy\u00f3ntat\u00e1sa, 17 \u00f3rakor lelkigyakorlatos szentmise. A lelki\nnapot Bogn\u00e1r Tam\u00e1s l\u00e1bodi pl\u00e9b\u00e1nos vezeti. 18 \u00f3rakor \u00e1dventi gyertyagy\u00fajt\u00e1s, ahol\nk\u00f6zrem\u0171k\u00f6dnek a Miksz\u00e1th Iskola tanul\u00f3i.<\/li><li>Szombaton\na Lelki Nap idej\u00e9ben a pl\u00e9b\u00e1niatemplom sekresty\u00e9j\u00e9ben kegyt\u00e1rgy\u00e1rus\u00edt\u00e1s folyik,\nahol imak\u00f6nyvek, r\u00f3zsaf\u00fcz\u00e9rek, kar\u00e1csonyi vall\u00e1sos aj\u00e1nd\u00e9kok v\u00e1s\u00e1rolhat\u00f3k.<\/li><li>Megk\u00f6sz\u00f6nj\u00fck\na kar\u00e1csonyfa felaj\u00e1nl\u00e1sokat.<\/li><li>Kar\u00e1csonyi\nvir\u00e1gp\u00e9nzt a sekresty\u00e9ben lehet leadni.<\/li><li>Napt\u00e1rak,\nkalend\u00e1rium kaphat\u00f3 a sekresty\u00e9ben \u00e9s a pl\u00e9b\u00e1ni\u00e1n.<\/li><\/ol>\n","protected":false},"excerpt":{"rendered":"<p>Ma van \u00e1dvent 2. vas\u00e1rnapja. A j\u00f6v\u0151 h\u00e9ten, p\u00e9nteken 16 \u00f3rakor fatimai ima\u00f3ra, 17 \u00f3rakor szentmise. Szombaton tarjuk egyh\u00e1zk\u00f6zs\u00e9g\u00fcnk \u00e1dventi lelki napj\u00e1t: 13 \u00f3rakor az als\u00f3 tagozatos hittanosoknak el\u0151ad\u00e1s az X-h\u00e1zban, 14 \u00f3rakor a fels\u0151s\u00f6knek el\u0151ad\u00e1s, 15 \u00f3rakor a gyermekek gy\u00f3ntat\u00e1sa, 15.45-kor a F\u00e9ny Gyermekei Zenekar zen\u00e9s \u00e1h\u00edtata, 16 \u00f3rakor a feln\u0151ttek gy\u00f3ntat\u00e1sa, 17 \u00f3rakor lelkigyakorlatos szentmise. A lelki napot Bogn\u00e1r Tam\u00e1s l\u00e1bodi pl\u00e9b\u00e1nos vezeti. 18 \u00f3rakor \u00e1dventi gyertyagy\u00fajt\u00e1s, ahol k\u00f6zrem\u0171k\u00f6dnek a Miksz\u00e1th Iskola tanul\u00f3i. Szombaton a Lelki Nap idej\u00e9ben&#8230;<\/p>\n<p class=\"read-more\"><a class=\"btn btn-default\" href=\"https:\/\/marcali.plebania.hu\/?p=1291\"> Read More<span class=\"screen-reader-text\">  Read More<\/span><\/a><\/p>\n","protected":false},"author":2,"featured_media":0,"comment_status":"closed","ping_status":"open","sticky":false,"template":"","format":"standard","meta":{"footnotes":""},"categories":[1],"tags":[],"class_list":["post-1291","post","type-post","status-publish","format-standard","hentry","category-egyeb"],"_links":{"self":[{"href":"https:\/\/marcali.plebania.hu\/index.php?rest_route=\/wp\/v2\/posts\/1291","targetHints":{"allow":["GET"]}}],"collection":[{"href":"https:\/\/marcali.plebania.hu\/index.php?rest_route=\/wp\/v2\/posts"}],"about":[{"href":"https:\/\/marcali.plebania.hu\/index.php?rest_route=\/wp\/v2\/types\/post"}],"author":[{"embeddable":true,"href":"https:\/\/marcali.plebania.hu\/index.php?rest_route=\/wp\/v2\/users\/2"}],"replies":[{"embeddable":true,"href":"https:\/\/marcali.plebania.hu\/index.php?rest_route=%2Fwp%2Fv2%2Fcomments&post=1291"}],"version-history":[{"count":1,"href":"https:\/\/marcali.plebania.hu\/index.php?rest_route=\/wp\/v2\/posts\/1291\/revisions"}],"predecessor-version":[{"id":1292,"href":"https:\/\/marcali.plebania.hu\/index.php?rest_route=\/wp\/v2\/posts\/1291\/revisions\/1292"}],"wp:attachment":[{"href":"https:\/\/marcali.plebania.hu\/index.php?rest_route=%2Fwp%2Fv2%2Fmedia&parent=1291"}],"wp:term":[{"taxonomy":"category","embeddable":true,"href":"https:\/\/marcali.plebania.hu\/index.php?rest_route=%2Fwp%2Fv2%2Fcategories&post=1291"},{"taxonomy":"post_tag","embeddable":true,"href":"https:\/\/marcali.plebania.hu\/index.php?rest_route=%2Fwp%2Fv2%2Ftags&post=1291"}],"curies":[{"name":"wp","href":"https:\/\/api.w.org\/{rel}","templated":true}]}}