{"id":1307,"date":"2019-12-13T08:38:00","date_gmt":"2019-12-13T08:38:00","guid":{"rendered":"https:\/\/marcali.plebania.hu\/?p=1307"},"modified":"2019-12-13T08:38:00","modified_gmt":"2019-12-13T08:38:00","slug":"hirdetesek-2019-12-15","status":"publish","type":"post","link":"https:\/\/marcali.plebania.hu\/?p=1307","title":{"rendered":"Hirdet\u00e9sek, 2019. 12. 15."},"content":{"rendered":"\n<ol class=\"wp-block-list\"><li>Ma\n\u00e1dvent 3. vas\u00e1rnapja van.<\/li><li>A\nj\u00f6v\u0151 h\u00e9ten Karit\u00e1sz Csoportunk felkeresi a k\u00e9t id\u0151sek otthon\u00e1t \u00e9s kar\u00e1csonyi\naj\u00e1nd\u00e9kkal kedveskedik az ott lak\u00f3knak.<\/li><li>A\nk\u00f3rh\u00e1zkar\u00e1csony cs\u00fct\u00f6rt\u00f6k\u00f6n d\u00e9lut\u00e1n 15 \u00f3rakor kezd\u0151dik a k\u00f3rh\u00e1z Kr\u00f3nikus\noszt\u00e1ly\u00e1n. K\u00f3rh\u00e1zl\u00e1togat\u00f3 csoportunk felkeresi a t\u00f6bbi oszt\u00e1lyt is \u00e9s im\u00e1val, \u00e9nekkel\nkedveskedik a betegeknek.<\/li><li>P\u00e9nteken\n16.30 \u00f3rakor szents\u00e9gim\u00e1d\u00e1st tartunk.<\/li><li>Szombaton\n17 \u00f3rakor kezd\u0151dik a pl\u00e9b\u00e1niatemplom el\u0151tti t\u00e9ren a negyedik \u00e1dventi gyertya\nmeggy\u00fajt\u00e1s\u00e1nak \u00fcnneps\u00e9ge, melyen k\u00f6zrem\u0171k\u00f6dnek hittanos gyermekeink. 17.15-kor\nszentmise.<\/li><li>Szombaton\n18 \u00f3rakor \u00fajabb \u00e1dventi hangversenyre ker\u00fcl sor Budai R\u00f3bert szaxofonos \u00e9s Palot\u00e1s\n\u00c1gnes \u00e9nekm\u0171v\u00e9sz k\u00f6zrem\u0171k\u00f6d\u00e9s\u00e9vel, akik kar\u00e1csonyi dalokat adnak el\u0151.<\/li><li>Megk\u00f6sz\u00f6nj\u00fck az eddigi kar\u00e1csonyfa\nfelaj\u00e1nl\u00e1sokat, \u00e9s m\u00e9g tov\u00e1bbi felaj\u00e1nl\u00e1st v\u00e1runk.<\/li><li>Kar\u00e1csonyi vir\u00e1gp\u00e9nzt a sekresty\u00e9ben\nlehet leadni.<\/li><li>Napt\u00e1rak, kalend\u00e1rium kaphat\u00f3 a\nsekresty\u00e9ben \u00e9s a pl\u00e9b\u00e1ni\u00e1n.<\/li><\/ol>\n","protected":false},"excerpt":{"rendered":"<p>Ma \u00e1dvent 3. vas\u00e1rnapja van. A j\u00f6v\u0151 h\u00e9ten Karit\u00e1sz Csoportunk felkeresi a k\u00e9t id\u0151sek otthon\u00e1t \u00e9s kar\u00e1csonyi aj\u00e1nd\u00e9kkal kedveskedik az ott lak\u00f3knak. A k\u00f3rh\u00e1zkar\u00e1csony cs\u00fct\u00f6rt\u00f6k\u00f6n d\u00e9lut\u00e1n 15 \u00f3rakor kezd\u0151dik a k\u00f3rh\u00e1z Kr\u00f3nikus oszt\u00e1ly\u00e1n. K\u00f3rh\u00e1zl\u00e1togat\u00f3 csoportunk felkeresi a t\u00f6bbi oszt\u00e1lyt is \u00e9s im\u00e1val, \u00e9nekkel kedveskedik a betegeknek. P\u00e9nteken 16.30 \u00f3rakor szents\u00e9gim\u00e1d\u00e1st tartunk. Szombaton 17 \u00f3rakor kezd\u0151dik a pl\u00e9b\u00e1niatemplom el\u0151tti t\u00e9ren a negyedik \u00e1dventi gyertya meggy\u00fajt\u00e1s\u00e1nak \u00fcnneps\u00e9ge, melyen k\u00f6zrem\u0171k\u00f6dnek hittanos gyermekeink. 17.15-kor szentmise. Szombaton 18 \u00f3rakor \u00fajabb \u00e1dventi hangversenyre ker\u00fcl sor Budai&#8230;<\/p>\n<p class=\"read-more\"><a class=\"btn btn-default\" href=\"https:\/\/marcali.plebania.hu\/?p=1307\"> Read More<span class=\"screen-reader-text\">  Read More<\/span><\/a><\/p>\n","protected":false},"author":2,"featured_media":0,"comment_status":"closed","ping_status":"open","sticky":false,"template":"","format":"standard","meta":{"footnotes":""},"categories":[1],"tags":[],"class_list":["post-1307","post","type-post","status-publish","format-standard","hentry","category-egyeb"],"_links":{"self":[{"href":"https:\/\/marcali.plebania.hu\/index.php?rest_route=\/wp\/v2\/posts\/1307","targetHints":{"allow":["GET"]}}],"collection":[{"href":"https:\/\/marcali.plebania.hu\/index.php?rest_route=\/wp\/v2\/posts"}],"about":[{"href":"https:\/\/marcali.plebania.hu\/index.php?rest_route=\/wp\/v2\/types\/post"}],"author":[{"embeddable":true,"href":"https:\/\/marcali.plebania.hu\/index.php?rest_route=\/wp\/v2\/users\/2"}],"replies":[{"embeddable":true,"href":"https:\/\/marcali.plebania.hu\/index.php?rest_route=%2Fwp%2Fv2%2Fcomments&post=1307"}],"version-history":[{"count":1,"href":"https:\/\/marcali.plebania.hu\/index.php?rest_route=\/wp\/v2\/posts\/1307\/revisions"}],"predecessor-version":[{"id":1308,"href":"https:\/\/marcali.plebania.hu\/index.php?rest_route=\/wp\/v2\/posts\/1307\/revisions\/1308"}],"wp:attachment":[{"href":"https:\/\/marcali.plebania.hu\/index.php?rest_route=%2Fwp%2Fv2%2Fmedia&parent=1307"}],"wp:term":[{"taxonomy":"category","embeddable":true,"href":"https:\/\/marcali.plebania.hu\/index.php?rest_route=%2Fwp%2Fv2%2Fcategories&post=1307"},{"taxonomy":"post_tag","embeddable":true,"href":"https:\/\/marcali.plebania.hu\/index.php?rest_route=%2Fwp%2Fv2%2Ftags&post=1307"}],"curies":[{"name":"wp","href":"https:\/\/api.w.org\/{rel}","templated":true}]}}