{"id":1320,"date":"2019-12-17T15:31:55","date_gmt":"2019-12-17T15:31:55","guid":{"rendered":"https:\/\/marcali.plebania.hu\/?p=1320"},"modified":"2019-12-17T15:31:55","modified_gmt":"2019-12-17T15:31:55","slug":"lelki-nap-es-zenes-ahitat-a-plebaniatemplomban","status":"publish","type":"post","link":"https:\/\/marcali.plebania.hu\/?p=1320","title":{"rendered":"Lelki Nap \u00e9s zen\u00e9s \u00e1h\u00edtat a pl\u00e9b\u00e1niatemplomban"},"content":{"rendered":"\n<p>2019. december 14-\u00e9n, szombaton d\u00e9lut\u00e1n \u2013 a kar\u00e1csonyra val\u00f3 el\u0151k\u00e9sz\u00fclet r\u00e9szek\u00e9nt \u2013 tartott\u00e1k a Marcali R\u00f3mai Katolikus Egyh\u00e1zk\u00f6zs\u00e9g \u00e1dventi Lelki Napj\u00e1t az X-h\u00e1zban \u00e9s a Gy\u00fcm\u00f6lcsolt\u00f3 Boldogasszony pl\u00e9b\u00e1niatemplomban.<\/p>\n\n\n\n<figure class=\"wp-block-gallery columns-3 is-cropped wp-block-gallery-1 is-layout-flex wp-block-gallery-is-layout-flex\"><ul class=\"blocks-gallery-grid\"><li class=\"blocks-gallery-item\"><figure><img loading=\"lazy\" decoding=\"async\" width=\"1024\" height=\"683\" src=\"https:\/\/marcali.plebania.hu\/wp-content\/uploads\/2019\/12\/L02-1024x683.jpg\" alt=\"\" data-id=\"1321\" data-link=\"https:\/\/marcali.plebania.hu\/?attachment_id=1321\" class=\"wp-image-1321\" srcset=\"https:\/\/marcali.plebania.hu\/wp-content\/uploads\/2019\/12\/L02-1024x683.jpg 1024w, https:\/\/marcali.plebania.hu\/wp-content\/uploads\/2019\/12\/L02-300x200.jpg 300w, https:\/\/marcali.plebania.hu\/wp-content\/uploads\/2019\/12\/L02-768x512.jpg 768w, https:\/\/marcali.plebania.hu\/wp-content\/uploads\/2019\/12\/L02-1536x1024.jpg 1536w, https:\/\/marcali.plebania.hu\/wp-content\/uploads\/2019\/12\/L02-2048x1365.jpg 2048w, https:\/\/marcali.plebania.hu\/wp-content\/uploads\/2019\/12\/L02-405x270.jpg 405w\" sizes=\"auto, (max-width: 1024px) 100vw, 1024px\" \/><\/figure><\/li><li class=\"blocks-gallery-item\"><figure><img loading=\"lazy\" decoding=\"async\" width=\"1024\" height=\"683\" src=\"https:\/\/marcali.plebania.hu\/wp-content\/uploads\/2019\/12\/L05-1024x683.jpg\" alt=\"\" data-id=\"1322\" data-link=\"https:\/\/marcali.plebania.hu\/?attachment_id=1322\" class=\"wp-image-1322\" srcset=\"https:\/\/marcali.plebania.hu\/wp-content\/uploads\/2019\/12\/L05-1024x683.jpg 1024w, https:\/\/marcali.plebania.hu\/wp-content\/uploads\/2019\/12\/L05-300x200.jpg 300w, https:\/\/marcali.plebania.hu\/wp-content\/uploads\/2019\/12\/L05-768x512.jpg 768w, https:\/\/marcali.plebania.hu\/wp-content\/uploads\/2019\/12\/L05-1536x1024.jpg 1536w, https:\/\/marcali.plebania.hu\/wp-content\/uploads\/2019\/12\/L05-2048x1365.jpg 2048w, https:\/\/marcali.plebania.hu\/wp-content\/uploads\/2019\/12\/L05-405x270.jpg 405w\" sizes=\"auto, (max-width: 1024px) 100vw, 1024px\" \/><\/figure><\/li><li class=\"blocks-gallery-item\"><figure><img loading=\"lazy\" decoding=\"async\" width=\"1024\" height=\"683\" src=\"https:\/\/marcali.plebania.hu\/wp-content\/uploads\/2019\/12\/L09-1024x683.jpg\" alt=\"\" data-id=\"1323\" data-link=\"https:\/\/marcali.plebania.hu\/?attachment_id=1323\" class=\"wp-image-1323\" srcset=\"https:\/\/marcali.plebania.hu\/wp-content\/uploads\/2019\/12\/L09-1024x683.jpg 1024w, https:\/\/marcali.plebania.hu\/wp-content\/uploads\/2019\/12\/L09-300x200.jpg 300w, https:\/\/marcali.plebania.hu\/wp-content\/uploads\/2019\/12\/L09-768x512.jpg 768w, https:\/\/marcali.plebania.hu\/wp-content\/uploads\/2019\/12\/L09-1536x1024.jpg 1536w, https:\/\/marcali.plebania.hu\/wp-content\/uploads\/2019\/12\/L09-2048x1365.jpg 2048w, https:\/\/marcali.plebania.hu\/wp-content\/uploads\/2019\/12\/L09-405x270.jpg 405w\" sizes=\"auto, (max-width: 1024px) 100vw, 1024px\" \/><\/figure><\/li><li class=\"blocks-gallery-item\"><figure><img loading=\"lazy\" decoding=\"async\" width=\"1024\" height=\"683\" src=\"https:\/\/marcali.plebania.hu\/wp-content\/uploads\/2019\/12\/L14-1024x683.jpg\" alt=\"\" data-id=\"1324\" data-full-url=\"https:\/\/marcali.plebania.hu\/wp-content\/uploads\/2019\/12\/L14-scaled.jpg\" data-link=\"https:\/\/marcali.plebania.hu\/?attachment_id=1324\" class=\"wp-image-1324\" srcset=\"https:\/\/marcali.plebania.hu\/wp-content\/uploads\/2019\/12\/L14-1024x683.jpg 1024w, https:\/\/marcali.plebania.hu\/wp-content\/uploads\/2019\/12\/L14-300x200.jpg 300w, https:\/\/marcali.plebania.hu\/wp-content\/uploads\/2019\/12\/L14-768x512.jpg 768w, https:\/\/marcali.plebania.hu\/wp-content\/uploads\/2019\/12\/L14-1536x1024.jpg 1536w, https:\/\/marcali.plebania.hu\/wp-content\/uploads\/2019\/12\/L14-2048x1365.jpg 2048w, https:\/\/marcali.plebania.hu\/wp-content\/uploads\/2019\/12\/L14-405x270.jpg 405w\" sizes=\"auto, (max-width: 1024px) 100vw, 1024px\" \/><\/figure><\/li><\/ul><\/figure>\n\n\n\n<p>A program 13 \u00f3rakor el\u0151sz\u00f6r az X-h\u00e1zban kezd\u0151d\u00f6tt az als\u00f3 tagozatos hittanosok, majd 14 \u00f3r\u00e1t\u00f3l a fels\u0151s\u00f6k r\u00e9szv\u00e9tel\u00e9vel. Ezt k\u00f6vet\u0151en a gyermekek, majd a feln\u0151ttek is elv\u00e9gezhett\u00e9k a kar\u00e1csonyi szentgy\u00f3n\u00e1sukat a pl\u00e9b\u00e1niatemplomban vend\u00e9g aty\u00e1k k\u00f6zrem\u0171k\u00f6d\u00e9s\u00e9vel. Mik\u00f6zben 16 \u00f3r\u00e1t\u00f3l a marcali F\u00e9ny Gyermekei Zenekar git\u00e1ros \u00e9nekekkel tartott zen\u00e9s \u00e1h\u00edtatot \u201eIstenv\u00e1gy\u201d c\u00edmmel, ami alatt az \u00fcnnepre val\u00f3 r\u00e1hangol\u00f3d\u00e1s r\u00e9szek\u00e9nt k\u00fcl\u00f6nf\u00e9le elm\u00e9lked\u00e9sek is elhangzottak.<\/p>\n\n\n\n<figure class=\"wp-block-gallery columns-3 is-cropped wp-block-gallery-2 is-layout-flex wp-block-gallery-is-layout-flex\"><ul class=\"blocks-gallery-grid\"><li class=\"blocks-gallery-item\"><figure><img loading=\"lazy\" decoding=\"async\" width=\"1024\" height=\"683\" src=\"https:\/\/marcali.plebania.hu\/wp-content\/uploads\/2019\/12\/L18-1024x683.jpg\" alt=\"\" data-id=\"1325\" data-link=\"https:\/\/marcali.plebania.hu\/?attachment_id=1325\" class=\"wp-image-1325\" srcset=\"https:\/\/marcali.plebania.hu\/wp-content\/uploads\/2019\/12\/L18-1024x683.jpg 1024w, https:\/\/marcali.plebania.hu\/wp-content\/uploads\/2019\/12\/L18-300x200.jpg 300w, https:\/\/marcali.plebania.hu\/wp-content\/uploads\/2019\/12\/L18-768x512.jpg 768w, https:\/\/marcali.plebania.hu\/wp-content\/uploads\/2019\/12\/L18-1536x1024.jpg 1536w, https:\/\/marcali.plebania.hu\/wp-content\/uploads\/2019\/12\/L18-2048x1365.jpg 2048w, https:\/\/marcali.plebania.hu\/wp-content\/uploads\/2019\/12\/L18-405x270.jpg 405w\" sizes=\"auto, (max-width: 1024px) 100vw, 1024px\" \/><\/figure><\/li><li class=\"blocks-gallery-item\"><figure><img loading=\"lazy\" decoding=\"async\" width=\"1024\" height=\"683\" src=\"https:\/\/marcali.plebania.hu\/wp-content\/uploads\/2019\/12\/L24-1024x683.jpg\" alt=\"\" data-id=\"1326\" data-link=\"https:\/\/marcali.plebania.hu\/?attachment_id=1326\" class=\"wp-image-1326\" srcset=\"https:\/\/marcali.plebania.hu\/wp-content\/uploads\/2019\/12\/L24-1024x683.jpg 1024w, https:\/\/marcali.plebania.hu\/wp-content\/uploads\/2019\/12\/L24-300x200.jpg 300w, https:\/\/marcali.plebania.hu\/wp-content\/uploads\/2019\/12\/L24-768x512.jpg 768w, https:\/\/marcali.plebania.hu\/wp-content\/uploads\/2019\/12\/L24-1536x1024.jpg 1536w, https:\/\/marcali.plebania.hu\/wp-content\/uploads\/2019\/12\/L24-2048x1365.jpg 2048w, https:\/\/marcali.plebania.hu\/wp-content\/uploads\/2019\/12\/L24-405x270.jpg 405w\" sizes=\"auto, (max-width: 1024px) 100vw, 1024px\" \/><\/figure><\/li><li class=\"blocks-gallery-item\"><figure><img loading=\"lazy\" decoding=\"async\" width=\"1024\" height=\"683\" src=\"https:\/\/marcali.plebania.hu\/wp-content\/uploads\/2019\/12\/L33-1024x683.jpg\" alt=\"\" data-id=\"1327\" data-link=\"https:\/\/marcali.plebania.hu\/?attachment_id=1327\" class=\"wp-image-1327\" srcset=\"https:\/\/marcali.plebania.hu\/wp-content\/uploads\/2019\/12\/L33-1024x683.jpg 1024w, https:\/\/marcali.plebania.hu\/wp-content\/uploads\/2019\/12\/L33-300x200.jpg 300w, https:\/\/marcali.plebania.hu\/wp-content\/uploads\/2019\/12\/L33-768x512.jpg 768w, https:\/\/marcali.plebania.hu\/wp-content\/uploads\/2019\/12\/L33-1536x1024.jpg 1536w, https:\/\/marcali.plebania.hu\/wp-content\/uploads\/2019\/12\/L33-2048x1365.jpg 2048w, https:\/\/marcali.plebania.hu\/wp-content\/uploads\/2019\/12\/L33-405x270.jpg 405w\" sizes=\"auto, (max-width: 1024px) 100vw, 1024px\" \/><\/figure><\/li><li class=\"blocks-gallery-item\"><figure><img loading=\"lazy\" decoding=\"async\" width=\"1024\" height=\"683\" src=\"https:\/\/marcali.plebania.hu\/wp-content\/uploads\/2019\/12\/L35-1024x683.jpg\" alt=\"\" data-id=\"1328\" data-full-url=\"https:\/\/marcali.plebania.hu\/wp-content\/uploads\/2019\/12\/L35-scaled.jpg\" data-link=\"https:\/\/marcali.plebania.hu\/?attachment_id=1328\" class=\"wp-image-1328\" srcset=\"https:\/\/marcali.plebania.hu\/wp-content\/uploads\/2019\/12\/L35-1024x683.jpg 1024w, https:\/\/marcali.plebania.hu\/wp-content\/uploads\/2019\/12\/L35-300x200.jpg 300w, https:\/\/marcali.plebania.hu\/wp-content\/uploads\/2019\/12\/L35-768x512.jpg 768w, https:\/\/marcali.plebania.hu\/wp-content\/uploads\/2019\/12\/L35-1536x1024.jpg 1536w, https:\/\/marcali.plebania.hu\/wp-content\/uploads\/2019\/12\/L35-2048x1365.jpg 2048w, https:\/\/marcali.plebania.hu\/wp-content\/uploads\/2019\/12\/L35-405x270.jpg 405w\" sizes=\"auto, (max-width: 1024px) 100vw, 1024px\" \/><\/figure><\/li><\/ul><\/figure>\n\n\n\n<p>Ezut\u00e1n 17 \u00f3rakor lelkigyakorlatos szentmise k\u00f6vetkezett, melyet Bogn\u00e1r Tam\u00e1s l\u00e1bodi pl\u00e9b\u00e1nos celebr\u00e1lt \u00e9s mondott szentbesz\u00e9det. Pr\u00e9dik\u00e1ci\u00f3j\u00e1ban felh\u00edvta a figyelmet, hogy J\u00e9zus sz\u00fclet\u00e9s\u00e9nek meg\u00fcnnepl\u00e9se n\u00e9lk\u00fcl sz\u00e9p lehet, de m\u00e9gis \u00fcres a kar\u00e1csony. A szentmise v\u00e9g\u00e9n Kiss Iv\u00e1n c. pr\u00e9post, esperes-pl\u00e9b\u00e1nos megk\u00f6sz\u00f6nte a vend\u00e9g atya, a hitoktat\u00f3k \u00e9s a zenekar k\u00f6zrem\u0171k\u00f6d\u00e9s\u00e9t, akik seg\u00edtettek a tartalmas nap lebonyol\u00edt\u00e1s\u00e1ban.<\/p>\n\n\n\n<figure class=\"wp-block-gallery columns-3 is-cropped wp-block-gallery-3 is-layout-flex wp-block-gallery-is-layout-flex\"><ul class=\"blocks-gallery-grid\"><li class=\"blocks-gallery-item\"><figure><img loading=\"lazy\" decoding=\"async\" width=\"1024\" height=\"683\" src=\"https:\/\/marcali.plebania.hu\/wp-content\/uploads\/2019\/12\/L51-1024x683.jpg\" alt=\"\" data-id=\"1329\" data-link=\"https:\/\/marcali.plebania.hu\/?attachment_id=1329\" class=\"wp-image-1329\" srcset=\"https:\/\/marcali.plebania.hu\/wp-content\/uploads\/2019\/12\/L51-1024x683.jpg 1024w, https:\/\/marcali.plebania.hu\/wp-content\/uploads\/2019\/12\/L51-300x200.jpg 300w, https:\/\/marcali.plebania.hu\/wp-content\/uploads\/2019\/12\/L51-768x512.jpg 768w, https:\/\/marcali.plebania.hu\/wp-content\/uploads\/2019\/12\/L51-1536x1024.jpg 1536w, https:\/\/marcali.plebania.hu\/wp-content\/uploads\/2019\/12\/L51-2048x1365.jpg 2048w, https:\/\/marcali.plebania.hu\/wp-content\/uploads\/2019\/12\/L51-405x270.jpg 405w\" sizes=\"auto, (max-width: 1024px) 100vw, 1024px\" \/><\/figure><\/li><li class=\"blocks-gallery-item\"><figure><img loading=\"lazy\" decoding=\"async\" width=\"1024\" height=\"683\" src=\"https:\/\/marcali.plebania.hu\/wp-content\/uploads\/2019\/12\/L52-1024x683.jpg\" alt=\"\" data-id=\"1330\" data-link=\"https:\/\/marcali.plebania.hu\/?attachment_id=1330\" class=\"wp-image-1330\" srcset=\"https:\/\/marcali.plebania.hu\/wp-content\/uploads\/2019\/12\/L52-1024x683.jpg 1024w, https:\/\/marcali.plebania.hu\/wp-content\/uploads\/2019\/12\/L52-300x200.jpg 300w, https:\/\/marcali.plebania.hu\/wp-content\/uploads\/2019\/12\/L52-768x512.jpg 768w, https:\/\/marcali.plebania.hu\/wp-content\/uploads\/2019\/12\/L52-1536x1024.jpg 1536w, https:\/\/marcali.plebania.hu\/wp-content\/uploads\/2019\/12\/L52-2048x1365.jpg 2048w, https:\/\/marcali.plebania.hu\/wp-content\/uploads\/2019\/12\/L52-405x270.jpg 405w\" sizes=\"auto, (max-width: 1024px) 100vw, 1024px\" \/><\/figure><\/li><li class=\"blocks-gallery-item\"><figure><img loading=\"lazy\" decoding=\"async\" width=\"1024\" height=\"683\" src=\"https:\/\/marcali.plebania.hu\/wp-content\/uploads\/2019\/12\/L54-1024x683.jpg\" alt=\"\" data-id=\"1331\" data-link=\"https:\/\/marcali.plebania.hu\/?attachment_id=1331\" class=\"wp-image-1331\" srcset=\"https:\/\/marcali.plebania.hu\/wp-content\/uploads\/2019\/12\/L54-1024x683.jpg 1024w, https:\/\/marcali.plebania.hu\/wp-content\/uploads\/2019\/12\/L54-300x200.jpg 300w, https:\/\/marcali.plebania.hu\/wp-content\/uploads\/2019\/12\/L54-768x512.jpg 768w, https:\/\/marcali.plebania.hu\/wp-content\/uploads\/2019\/12\/L54-1536x1024.jpg 1536w, https:\/\/marcali.plebania.hu\/wp-content\/uploads\/2019\/12\/L54-2048x1365.jpg 2048w, https:\/\/marcali.plebania.hu\/wp-content\/uploads\/2019\/12\/L54-405x270.jpg 405w\" sizes=\"auto, (max-width: 1024px) 100vw, 1024px\" \/><\/figure><\/li><li class=\"blocks-gallery-item\"><figure><img loading=\"lazy\" decoding=\"async\" width=\"1024\" height=\"683\" src=\"https:\/\/marcali.plebania.hu\/wp-content\/uploads\/2019\/12\/L59-1024x683.jpg\" alt=\"\" data-id=\"1332\" data-full-url=\"https:\/\/marcali.plebania.hu\/wp-content\/uploads\/2019\/12\/L59-scaled.jpg\" data-link=\"https:\/\/marcali.plebania.hu\/?attachment_id=1332\" class=\"wp-image-1332\" srcset=\"https:\/\/marcali.plebania.hu\/wp-content\/uploads\/2019\/12\/L59-1024x683.jpg 1024w, https:\/\/marcali.plebania.hu\/wp-content\/uploads\/2019\/12\/L59-300x200.jpg 300w, https:\/\/marcali.plebania.hu\/wp-content\/uploads\/2019\/12\/L59-768x512.jpg 768w, https:\/\/marcali.plebania.hu\/wp-content\/uploads\/2019\/12\/L59-1536x1024.jpg 1536w, https:\/\/marcali.plebania.hu\/wp-content\/uploads\/2019\/12\/L59-2048x1365.jpg 2048w, https:\/\/marcali.plebania.hu\/wp-content\/uploads\/2019\/12\/L59-405x270.jpg 405w\" sizes=\"auto, (max-width: 1024px) 100vw, 1024px\" \/><\/figure><\/li><\/ul><\/figure>\n\n\n\n<p>Az\neste folyam\u00e1n egy zalaegerszegi kegyt\u00e1rgy\u00e1rusn\u00e1l k\u00fcl\u00f6nb\u00f6z\u0151 kar\u00e1csonyi\naj\u00e1nd\u00e9kokb\u00f3l is lehetett v\u00e1logatni \u00e9s v\u00e1s\u00e1rolni a b\u0151s\u00e9ges v\u00e1laszt\u00e9kb\u00f3l.<\/p>\n","protected":false},"excerpt":{"rendered":"<p>2019. december 14-\u00e9n, szombaton d\u00e9lut\u00e1n \u2013 a kar\u00e1csonyra val\u00f3 el\u0151k\u00e9sz\u00fclet r\u00e9szek\u00e9nt \u2013 tartott\u00e1k a Marcali R\u00f3mai Katolikus Egyh\u00e1zk\u00f6zs\u00e9g \u00e1dventi Lelki Napj\u00e1t az X-h\u00e1zban \u00e9s a Gy\u00fcm\u00f6lcsolt\u00f3 Boldogasszony pl\u00e9b\u00e1niatemplomban. A program 13 \u00f3rakor el\u0151sz\u00f6r az X-h\u00e1zban kezd\u0151d\u00f6tt az als\u00f3 tagozatos hittanosok, majd 14 \u00f3r\u00e1t\u00f3l a fels\u0151s\u00f6k r\u00e9szv\u00e9tel\u00e9vel. Ezt k\u00f6vet\u0151en a gyermekek, majd a feln\u0151ttek is elv\u00e9gezhett\u00e9k a kar\u00e1csonyi szentgy\u00f3n\u00e1sukat a pl\u00e9b\u00e1niatemplomban vend\u00e9g aty\u00e1k k\u00f6zrem\u0171k\u00f6d\u00e9s\u00e9vel. Mik\u00f6zben 16 \u00f3r\u00e1t\u00f3l a marcali F\u00e9ny Gyermekei Zenekar git\u00e1ros \u00e9nekekkel tartott zen\u00e9s \u00e1h\u00edtatot \u201eIstenv\u00e1gy\u201d c\u00edmmel, ami alatt&#8230;<\/p>\n<p class=\"read-more\"><a class=\"btn btn-default\" href=\"https:\/\/marcali.plebania.hu\/?p=1320\"> Read More<span class=\"screen-reader-text\">  Read More<\/span><\/a><\/p>\n","protected":false},"author":2,"featured_media":0,"comment_status":"closed","ping_status":"open","sticky":false,"template":"","format":"standard","meta":{"footnotes":""},"categories":[1],"tags":[],"class_list":["post-1320","post","type-post","status-publish","format-standard","hentry","category-egyeb"],"_links":{"self":[{"href":"https:\/\/marcali.plebania.hu\/index.php?rest_route=\/wp\/v2\/posts\/1320","targetHints":{"allow":["GET"]}}],"collection":[{"href":"https:\/\/marcali.plebania.hu\/index.php?rest_route=\/wp\/v2\/posts"}],"about":[{"href":"https:\/\/marcali.plebania.hu\/index.php?rest_route=\/wp\/v2\/types\/post"}],"author":[{"embeddable":true,"href":"https:\/\/marcali.plebania.hu\/index.php?rest_route=\/wp\/v2\/users\/2"}],"replies":[{"embeddable":true,"href":"https:\/\/marcali.plebania.hu\/index.php?rest_route=%2Fwp%2Fv2%2Fcomments&post=1320"}],"version-history":[{"count":1,"href":"https:\/\/marcali.plebania.hu\/index.php?rest_route=\/wp\/v2\/posts\/1320\/revisions"}],"predecessor-version":[{"id":1333,"href":"https:\/\/marcali.plebania.hu\/index.php?rest_route=\/wp\/v2\/posts\/1320\/revisions\/1333"}],"wp:attachment":[{"href":"https:\/\/marcali.plebania.hu\/index.php?rest_route=%2Fwp%2Fv2%2Fmedia&parent=1320"}],"wp:term":[{"taxonomy":"category","embeddable":true,"href":"https:\/\/marcali.plebania.hu\/index.php?rest_route=%2Fwp%2Fv2%2Fcategories&post=1320"},{"taxonomy":"post_tag","embeddable":true,"href":"https:\/\/marcali.plebania.hu\/index.php?rest_route=%2Fwp%2Fv2%2Ftags&post=1320"}],"curies":[{"name":"wp","href":"https:\/\/api.w.org\/{rel}","templated":true}]}}