{"id":1346,"date":"2019-12-17T15:50:32","date_gmt":"2019-12-17T15:50:32","guid":{"rendered":"https:\/\/marcali.plebania.hu\/?p=1346"},"modified":"2019-12-17T15:50:32","modified_gmt":"2019-12-17T15:50:32","slug":"calypso-karacsonyi-koncert","status":"publish","type":"post","link":"https:\/\/marcali.plebania.hu\/?p=1346","title":{"rendered":"Calypso kar\u00e1csonyi koncert"},"content":{"rendered":"\n<p>2019. december 14-\u00e9n, 18.15 \u00f3r\u00e1t\u00f3l a Marcali Gy\u00fcm\u00f6lcsolt\u00f3 Boldogasszony pl\u00e9b\u00e1niatemplomban tartotta meg Kar\u00e1csonyi koncertj\u00e9t a Calypso K\u00f3rus.<\/p>\n\n\n\n<figure class=\"wp-block-gallery columns-3 is-cropped wp-block-gallery-1 is-layout-flex wp-block-gallery-is-layout-flex\"><ul class=\"blocks-gallery-grid\"><li class=\"blocks-gallery-item\"><figure><img loading=\"lazy\" decoding=\"async\" width=\"1024\" height=\"683\" src=\"https:\/\/marcali.plebania.hu\/wp-content\/uploads\/2019\/12\/01-4-1024x683.jpg\" alt=\"\" data-id=\"1347\" data-link=\"https:\/\/marcali.plebania.hu\/?attachment_id=1347\" class=\"wp-image-1347\" srcset=\"https:\/\/marcali.plebania.hu\/wp-content\/uploads\/2019\/12\/01-4-1024x683.jpg 1024w, https:\/\/marcali.plebania.hu\/wp-content\/uploads\/2019\/12\/01-4-300x200.jpg 300w, https:\/\/marcali.plebania.hu\/wp-content\/uploads\/2019\/12\/01-4-768x512.jpg 768w, https:\/\/marcali.plebania.hu\/wp-content\/uploads\/2019\/12\/01-4-1536x1024.jpg 1536w, https:\/\/marcali.plebania.hu\/wp-content\/uploads\/2019\/12\/01-4-2048x1365.jpg 2048w, https:\/\/marcali.plebania.hu\/wp-content\/uploads\/2019\/12\/01-4-405x270.jpg 405w\" sizes=\"auto, (max-width: 1024px) 100vw, 1024px\" \/><\/figure><\/li><li class=\"blocks-gallery-item\"><figure><img loading=\"lazy\" decoding=\"async\" width=\"1024\" height=\"683\" src=\"https:\/\/marcali.plebania.hu\/wp-content\/uploads\/2019\/12\/02-3-1024x683.jpg\" alt=\"\" data-id=\"1348\" data-link=\"https:\/\/marcali.plebania.hu\/?attachment_id=1348\" class=\"wp-image-1348\" srcset=\"https:\/\/marcali.plebania.hu\/wp-content\/uploads\/2019\/12\/02-3-1024x683.jpg 1024w, https:\/\/marcali.plebania.hu\/wp-content\/uploads\/2019\/12\/02-3-300x200.jpg 300w, https:\/\/marcali.plebania.hu\/wp-content\/uploads\/2019\/12\/02-3-768x512.jpg 768w, https:\/\/marcali.plebania.hu\/wp-content\/uploads\/2019\/12\/02-3-1536x1024.jpg 1536w, https:\/\/marcali.plebania.hu\/wp-content\/uploads\/2019\/12\/02-3-2048x1365.jpg 2048w, https:\/\/marcali.plebania.hu\/wp-content\/uploads\/2019\/12\/02-3-405x270.jpg 405w\" sizes=\"auto, (max-width: 1024px) 100vw, 1024px\" \/><\/figure><\/li><li class=\"blocks-gallery-item\"><figure><img loading=\"lazy\" decoding=\"async\" width=\"1024\" height=\"683\" src=\"https:\/\/marcali.plebania.hu\/wp-content\/uploads\/2019\/12\/04-2-1024x683.jpg\" alt=\"\" data-id=\"1349\" data-link=\"https:\/\/marcali.plebania.hu\/?attachment_id=1349\" class=\"wp-image-1349\" srcset=\"https:\/\/marcali.plebania.hu\/wp-content\/uploads\/2019\/12\/04-2-1024x683.jpg 1024w, https:\/\/marcali.plebania.hu\/wp-content\/uploads\/2019\/12\/04-2-300x200.jpg 300w, https:\/\/marcali.plebania.hu\/wp-content\/uploads\/2019\/12\/04-2-768x512.jpg 768w, https:\/\/marcali.plebania.hu\/wp-content\/uploads\/2019\/12\/04-2-1536x1024.jpg 1536w, https:\/\/marcali.plebania.hu\/wp-content\/uploads\/2019\/12\/04-2-2048x1365.jpg 2048w, https:\/\/marcali.plebania.hu\/wp-content\/uploads\/2019\/12\/04-2-405x270.jpg 405w\" sizes=\"auto, (max-width: 1024px) 100vw, 1024px\" \/><\/figure><\/li><li class=\"blocks-gallery-item\"><figure><img loading=\"lazy\" decoding=\"async\" width=\"1024\" height=\"683\" src=\"https:\/\/marcali.plebania.hu\/wp-content\/uploads\/2019\/12\/07-4-1024x683.jpg\" alt=\"\" data-id=\"1350\" data-full-url=\"https:\/\/marcali.plebania.hu\/wp-content\/uploads\/2019\/12\/07-4-scaled.jpg\" data-link=\"https:\/\/marcali.plebania.hu\/?attachment_id=1350\" class=\"wp-image-1350\" srcset=\"https:\/\/marcali.plebania.hu\/wp-content\/uploads\/2019\/12\/07-4-1024x683.jpg 1024w, https:\/\/marcali.plebania.hu\/wp-content\/uploads\/2019\/12\/07-4-300x200.jpg 300w, https:\/\/marcali.plebania.hu\/wp-content\/uploads\/2019\/12\/07-4-768x512.jpg 768w, https:\/\/marcali.plebania.hu\/wp-content\/uploads\/2019\/12\/07-4-1536x1024.jpg 1536w, https:\/\/marcali.plebania.hu\/wp-content\/uploads\/2019\/12\/07-4-2048x1365.jpg 2048w, https:\/\/marcali.plebania.hu\/wp-content\/uploads\/2019\/12\/07-4-405x270.jpg 405w\" sizes=\"auto, (max-width: 1024px) 100vw, 1024px\" \/><\/figure><\/li><\/ul><\/figure>\n\n\n\n<p>A m\u0171sorban a  Miksz\u00e1th K\u00e1lm\u00e1n Utcai \u00c1ltal\u00e1nos Iskola Cantil\u00e9na K\u00f3rusa \u00e9s a Calympa  \u00c9nekegy\u00fcttes, valamint a Marcali Hidas Frigyes Zeneiskola tan\u00e1rai m\u0171k\u00f6dtek k\u00f6zre.  Vez\u00e9nyelt: Stamler Edit.<\/p>\n\n\n\n<figure class=\"wp-block-gallery columns-3 is-cropped wp-block-gallery-2 is-layout-flex wp-block-gallery-is-layout-flex\"><ul class=\"blocks-gallery-grid\"><li class=\"blocks-gallery-item\"><figure><img loading=\"lazy\" decoding=\"async\" width=\"1024\" height=\"683\" src=\"https:\/\/marcali.plebania.hu\/wp-content\/uploads\/2019\/12\/15-1024x683.jpg\" alt=\"\" data-id=\"1351\" data-link=\"https:\/\/marcali.plebania.hu\/?attachment_id=1351\" class=\"wp-image-1351\" srcset=\"https:\/\/marcali.plebania.hu\/wp-content\/uploads\/2019\/12\/15-1024x683.jpg 1024w, https:\/\/marcali.plebania.hu\/wp-content\/uploads\/2019\/12\/15-300x200.jpg 300w, https:\/\/marcali.plebania.hu\/wp-content\/uploads\/2019\/12\/15-768x512.jpg 768w, https:\/\/marcali.plebania.hu\/wp-content\/uploads\/2019\/12\/15-1536x1024.jpg 1536w, https:\/\/marcali.plebania.hu\/wp-content\/uploads\/2019\/12\/15-2048x1365.jpg 2048w, https:\/\/marcali.plebania.hu\/wp-content\/uploads\/2019\/12\/15-405x270.jpg 405w\" sizes=\"auto, (max-width: 1024px) 100vw, 1024px\" \/><\/figure><\/li><li class=\"blocks-gallery-item\"><figure><img loading=\"lazy\" decoding=\"async\" width=\"1024\" height=\"683\" src=\"https:\/\/marcali.plebania.hu\/wp-content\/uploads\/2019\/12\/16-2-1024x683.jpg\" alt=\"\" data-id=\"1352\" data-link=\"https:\/\/marcali.plebania.hu\/?attachment_id=1352\" class=\"wp-image-1352\" srcset=\"https:\/\/marcali.plebania.hu\/wp-content\/uploads\/2019\/12\/16-2-1024x683.jpg 1024w, https:\/\/marcali.plebania.hu\/wp-content\/uploads\/2019\/12\/16-2-300x200.jpg 300w, https:\/\/marcali.plebania.hu\/wp-content\/uploads\/2019\/12\/16-2-768x512.jpg 768w, https:\/\/marcali.plebania.hu\/wp-content\/uploads\/2019\/12\/16-2-1536x1024.jpg 1536w, https:\/\/marcali.plebania.hu\/wp-content\/uploads\/2019\/12\/16-2-2048x1365.jpg 2048w, https:\/\/marcali.plebania.hu\/wp-content\/uploads\/2019\/12\/16-2-405x270.jpg 405w\" sizes=\"auto, (max-width: 1024px) 100vw, 1024px\" \/><\/figure><\/li><li class=\"blocks-gallery-item\"><figure><img loading=\"lazy\" decoding=\"async\" width=\"1024\" height=\"683\" src=\"https:\/\/marcali.plebania.hu\/wp-content\/uploads\/2019\/12\/19-2-1024x683.jpg\" alt=\"\" data-id=\"1353\" data-link=\"https:\/\/marcali.plebania.hu\/?attachment_id=1353\" class=\"wp-image-1353\" srcset=\"https:\/\/marcali.plebania.hu\/wp-content\/uploads\/2019\/12\/19-2-1024x683.jpg 1024w, https:\/\/marcali.plebania.hu\/wp-content\/uploads\/2019\/12\/19-2-300x200.jpg 300w, https:\/\/marcali.plebania.hu\/wp-content\/uploads\/2019\/12\/19-2-768x512.jpg 768w, https:\/\/marcali.plebania.hu\/wp-content\/uploads\/2019\/12\/19-2-1536x1024.jpg 1536w, https:\/\/marcali.plebania.hu\/wp-content\/uploads\/2019\/12\/19-2-2048x1365.jpg 2048w, https:\/\/marcali.plebania.hu\/wp-content\/uploads\/2019\/12\/19-2-405x270.jpg 405w\" sizes=\"auto, (max-width: 1024px) 100vw, 1024px\" \/><\/figure><\/li><li class=\"blocks-gallery-item\"><figure><img loading=\"lazy\" decoding=\"async\" width=\"1024\" height=\"683\" src=\"https:\/\/marcali.plebania.hu\/wp-content\/uploads\/2019\/12\/22-1024x683.jpg\" alt=\"\" data-id=\"1354\" data-full-url=\"https:\/\/marcali.plebania.hu\/wp-content\/uploads\/2019\/12\/22-scaled.jpg\" data-link=\"https:\/\/marcali.plebania.hu\/?attachment_id=1354\" class=\"wp-image-1354\" srcset=\"https:\/\/marcali.plebania.hu\/wp-content\/uploads\/2019\/12\/22-1024x683.jpg 1024w, https:\/\/marcali.plebania.hu\/wp-content\/uploads\/2019\/12\/22-300x200.jpg 300w, https:\/\/marcali.plebania.hu\/wp-content\/uploads\/2019\/12\/22-768x512.jpg 768w, https:\/\/marcali.plebania.hu\/wp-content\/uploads\/2019\/12\/22-1536x1024.jpg 1536w, https:\/\/marcali.plebania.hu\/wp-content\/uploads\/2019\/12\/22-2048x1365.jpg 2048w, https:\/\/marcali.plebania.hu\/wp-content\/uploads\/2019\/12\/22-405x270.jpg 405w\" sizes=\"auto, (max-width: 1024px) 100vw, 1024px\" \/><\/figure><\/li><\/ul><\/figure>\n","protected":false},"excerpt":{"rendered":"<p>2019. december 14-\u00e9n, 18.15 \u00f3r\u00e1t\u00f3l a Marcali Gy\u00fcm\u00f6lcsolt\u00f3 Boldogasszony pl\u00e9b\u00e1niatemplomban tartotta meg Kar\u00e1csonyi koncertj\u00e9t a Calypso K\u00f3rus. A m\u0171sorban a Miksz\u00e1th K\u00e1lm\u00e1n Utcai \u00c1ltal\u00e1nos Iskola Cantil\u00e9na K\u00f3rusa \u00e9s a Calympa \u00c9nekegy\u00fcttes, valamint a Marcali Hidas Frigyes Zeneiskola tan\u00e1rai m\u0171k\u00f6dtek k\u00f6zre. Vez\u00e9nyelt: Stamler Edit.<\/p>\n","protected":false},"author":2,"featured_media":0,"comment_status":"closed","ping_status":"open","sticky":false,"template":"","format":"standard","meta":{"footnotes":""},"categories":[1],"tags":[],"class_list":["post-1346","post","type-post","status-publish","format-standard","hentry","category-egyeb"],"_links":{"self":[{"href":"https:\/\/marcali.plebania.hu\/index.php?rest_route=\/wp\/v2\/posts\/1346","targetHints":{"allow":["GET"]}}],"collection":[{"href":"https:\/\/marcali.plebania.hu\/index.php?rest_route=\/wp\/v2\/posts"}],"about":[{"href":"https:\/\/marcali.plebania.hu\/index.php?rest_route=\/wp\/v2\/types\/post"}],"author":[{"embeddable":true,"href":"https:\/\/marcali.plebania.hu\/index.php?rest_route=\/wp\/v2\/users\/2"}],"replies":[{"embeddable":true,"href":"https:\/\/marcali.plebania.hu\/index.php?rest_route=%2Fwp%2Fv2%2Fcomments&post=1346"}],"version-history":[{"count":1,"href":"https:\/\/marcali.plebania.hu\/index.php?rest_route=\/wp\/v2\/posts\/1346\/revisions"}],"predecessor-version":[{"id":1355,"href":"https:\/\/marcali.plebania.hu\/index.php?rest_route=\/wp\/v2\/posts\/1346\/revisions\/1355"}],"wp:attachment":[{"href":"https:\/\/marcali.plebania.hu\/index.php?rest_route=%2Fwp%2Fv2%2Fmedia&parent=1346"}],"wp:term":[{"taxonomy":"category","embeddable":true,"href":"https:\/\/marcali.plebania.hu\/index.php?rest_route=%2Fwp%2Fv2%2Fcategories&post=1346"},{"taxonomy":"post_tag","embeddable":true,"href":"https:\/\/marcali.plebania.hu\/index.php?rest_route=%2Fwp%2Fv2%2Ftags&post=1346"}],"curies":[{"name":"wp","href":"https:\/\/api.w.org\/{rel}","templated":true}]}}