{"id":136,"date":"2018-04-19T10:38:01","date_gmt":"2018-04-19T10:38:01","guid":{"rendered":"https:\/\/marcali.plebania.hu\/?p=136"},"modified":"2018-04-19T10:43:20","modified_gmt":"2018-04-19T10:43:20","slug":"hirdetesek","status":"publish","type":"post","link":"https:\/\/marcali.plebania.hu\/?p=136","title":{"rendered":"Hirdet\u00e9sek"},"content":{"rendered":"<p style=\"text-align: center;\"><strong>2018. 04. 15.<\/strong><\/p>\n<ul>\n<li style=\"list-style-type: none;\">\n<ul>\n<li>1. Ma van h\u00fasv\u00e9t 3. vas\u00e1rnapja.<\/li>\n<\/ul>\n<\/li>\n<\/ul>\n<ul>\n<li style=\"list-style-type: none;\">\n<ul>\n<li>2. A h\u00e9ten h\u00e9tk\u00f6znaponk\u00e9nt keddt\u0151l 18 \u00f3rakor szentmise. P\u00e9nteken el\u0151tte f\u00e9l \u00f3r\u00e1val az \u00d6r\u00f6m \u00fatj\u00e1t j\u00e1rjuk.<\/li>\n<\/ul>\n<\/li>\n<\/ul>\n<ul>\n<li style=\"list-style-type: none;\">\n<ul>\n<li>3. \u00c1prilis 25-\u00e9n (szerd\u00e1n) 16.30-kor az X-h\u00e1z nagyterm\u00e9ben els\u0151\u00e1ldoz\u00e1st el\u0151k\u00e9sz\u00edt\u0151 sz\u00fcl\u0151i \u00e9rtekezletet tartunk, 17 \u00f3rakor b\u00e9rm\u00e1l\u00e1st el\u0151k\u00e9sz\u00edt\u0151 sz\u00fcl\u0151i \u00e9rtekezlet lesz.<\/li>\n<\/ul>\n<\/li>\n<\/ul>\n<ul>\n<li style=\"list-style-type: none;\">\n<ul>\n<li>4. Az els\u0151\u00e1ldoz\u00e1son \u00e9s b\u00e9rm\u00e1l\u00e1son r\u00e9sztvev\u0151 hittanosok a k\u00f6vetkez\u0151 hittan\u00f3r\u00e1n a hitoktat\u00f3iknak adj\u00e1k le a szentmisenapl\u00f3jukat.<\/li>\n<\/ul>\n<\/li>\n<\/ul>\n<ul>\n<li style=\"list-style-type: none;\">\n<ul>\n<li>5. A b\u00e9rm\u00e1l\u00e1s m\u00e1jus 13-\u00e1n 11 \u00f3rakor, az els\u0151\u00e1ldoz\u00e1s j\u00fanius 3-\u00e1n, \u00darnapj\u00e1n lesz 9 \u00f3rakor a pl\u00e9b\u00e1niatemplomban.<\/li>\n<\/ul>\n<\/li>\n<li>6. A Ludbreg \u00e9s M\u00e1ria bisztricai zar\u00e1ndoklat m\u00e1jus 12-\u00e9n lesz. K\u00e9rj\u00fck, hogy a jelentkez\u0151k fizess\u00e9k be a 4.000- Ft-os \u00fatik\u00f6lts\u00e9get. Csoportos biztos\u00edt\u00e1s megk\u00f6t\u00e9s\u00e9re is lesz lehet\u0151s\u00e9g.<\/li>\n<\/ul>\n","protected":false},"excerpt":{"rendered":"<p>2018. 04. 15. 1. Ma van h\u00fasv\u00e9t 3. vas\u00e1rnapja. 2. A h\u00e9ten h\u00e9tk\u00f6znaponk\u00e9nt keddt\u0151l 18 \u00f3rakor szentmise. P\u00e9nteken el\u0151tte f\u00e9l \u00f3r\u00e1val az \u00d6r\u00f6m \u00fatj\u00e1t j\u00e1rjuk. 3. \u00c1prilis 25-\u00e9n (szerd\u00e1n) 16.30-kor az X-h\u00e1z nagyterm\u00e9ben els\u0151\u00e1ldoz\u00e1st el\u0151k\u00e9sz\u00edt\u0151 sz\u00fcl\u0151i \u00e9rtekezletet tartunk, 17 \u00f3rakor b\u00e9rm\u00e1l\u00e1st el\u0151k\u00e9sz\u00edt\u0151 sz\u00fcl\u0151i \u00e9rtekezlet lesz. 4. Az els\u0151\u00e1ldoz\u00e1son \u00e9s b\u00e9rm\u00e1l\u00e1son r\u00e9sztvev\u0151 hittanosok a k\u00f6vetkez\u0151 hittan\u00f3r\u00e1n a hitoktat\u00f3iknak adj\u00e1k le a szentmisenapl\u00f3jukat. 5. A b\u00e9rm\u00e1l\u00e1s m\u00e1jus 13-\u00e1n 11 \u00f3rakor, az els\u0151\u00e1ldoz\u00e1s j\u00fanius 3-\u00e1n, \u00darnapj\u00e1n lesz 9 \u00f3rakor a pl\u00e9b\u00e1niatemplomban. 6. A&#8230;<\/p>\n<p class=\"read-more\"><a class=\"btn btn-default\" href=\"https:\/\/marcali.plebania.hu\/?p=136\"> Read More<span class=\"screen-reader-text\">  Read More<\/span><\/a><\/p>\n","protected":false},"author":1,"featured_media":0,"comment_status":"closed","ping_status":"open","sticky":false,"template":"","format":"standard","meta":{"footnotes":""},"categories":[3],"tags":[],"class_list":["post-136","post","type-post","status-publish","format-standard","hentry","category-hirdetesek"],"_links":{"self":[{"href":"https:\/\/marcali.plebania.hu\/index.php?rest_route=\/wp\/v2\/posts\/136","targetHints":{"allow":["GET"]}}],"collection":[{"href":"https:\/\/marcali.plebania.hu\/index.php?rest_route=\/wp\/v2\/posts"}],"about":[{"href":"https:\/\/marcali.plebania.hu\/index.php?rest_route=\/wp\/v2\/types\/post"}],"author":[{"embeddable":true,"href":"https:\/\/marcali.plebania.hu\/index.php?rest_route=\/wp\/v2\/users\/1"}],"replies":[{"embeddable":true,"href":"https:\/\/marcali.plebania.hu\/index.php?rest_route=%2Fwp%2Fv2%2Fcomments&post=136"}],"version-history":[{"count":7,"href":"https:\/\/marcali.plebania.hu\/index.php?rest_route=\/wp\/v2\/posts\/136\/revisions"}],"predecessor-version":[{"id":145,"href":"https:\/\/marcali.plebania.hu\/index.php?rest_route=\/wp\/v2\/posts\/136\/revisions\/145"}],"wp:attachment":[{"href":"https:\/\/marcali.plebania.hu\/index.php?rest_route=%2Fwp%2Fv2%2Fmedia&parent=136"}],"wp:term":[{"taxonomy":"category","embeddable":true,"href":"https:\/\/marcali.plebania.hu\/index.php?rest_route=%2Fwp%2Fv2%2Fcategories&post=136"},{"taxonomy":"post_tag","embeddable":true,"href":"https:\/\/marcali.plebania.hu\/index.php?rest_route=%2Fwp%2Fv2%2Ftags&post=136"}],"curies":[{"name":"wp","href":"https:\/\/api.w.org\/{rel}","templated":true}]}}