{"id":1362,"date":"2019-12-20T09:47:07","date_gmt":"2019-12-20T09:47:07","guid":{"rendered":"https:\/\/marcali.plebania.hu\/?p=1362"},"modified":"2019-12-20T09:47:07","modified_gmt":"2019-12-20T09:47:07","slug":"korhazkaracsony-2019","status":"publish","type":"post","link":"https:\/\/marcali.plebania.hu\/?p=1362","title":{"rendered":"K\u00f3rh\u00e1zkar\u00e1csony 2019"},"content":{"rendered":"\n<p>2019. december 19-\u00e9n, cs\u00fct\u00f6rt\u00f6k\u00f6n 15 \u00f3rakor \u2013 a kor\u00e1bbi \u00e9vekhez hasonl\u00f3an \u2013 a Marcali R\u00f3mai Katolikus Pl\u00e9b\u00e1nia szervez\u00e9s\u00e9ben \u00f6nk\u00e9ntesek l\u00e1togattak el a k\u00f3rh\u00e1zba, hogy a betegeknek is elvigy\u00e9k kar\u00e1csony \u00fczenet\u00e9t.<\/p>\n\n\n\n<figure class=\"wp-block-gallery columns-3 is-cropped wp-block-gallery-1 is-layout-flex wp-block-gallery-is-layout-flex\"><ul class=\"blocks-gallery-grid\"><li class=\"blocks-gallery-item\"><figure><img loading=\"lazy\" decoding=\"async\" width=\"1024\" height=\"683\" src=\"https:\/\/marcali.plebania.hu\/wp-content\/uploads\/2019\/12\/01-5-1024x683.jpg\" alt=\"\" data-id=\"1363\" data-link=\"https:\/\/marcali.plebania.hu\/?attachment_id=1363\" class=\"wp-image-1363\" srcset=\"https:\/\/marcali.plebania.hu\/wp-content\/uploads\/2019\/12\/01-5-1024x683.jpg 1024w, https:\/\/marcali.plebania.hu\/wp-content\/uploads\/2019\/12\/01-5-300x200.jpg 300w, https:\/\/marcali.plebania.hu\/wp-content\/uploads\/2019\/12\/01-5-768x512.jpg 768w, https:\/\/marcali.plebania.hu\/wp-content\/uploads\/2019\/12\/01-5-1536x1024.jpg 1536w, https:\/\/marcali.plebania.hu\/wp-content\/uploads\/2019\/12\/01-5-2048x1365.jpg 2048w, https:\/\/marcali.plebania.hu\/wp-content\/uploads\/2019\/12\/01-5-405x270.jpg 405w\" sizes=\"auto, (max-width: 1024px) 100vw, 1024px\" \/><\/figure><\/li><li class=\"blocks-gallery-item\"><figure><img loading=\"lazy\" decoding=\"async\" width=\"1024\" height=\"683\" src=\"https:\/\/marcali.plebania.hu\/wp-content\/uploads\/2019\/12\/03-2-1024x683.jpg\" alt=\"\" data-id=\"1364\" data-link=\"https:\/\/marcali.plebania.hu\/?attachment_id=1364\" class=\"wp-image-1364\" srcset=\"https:\/\/marcali.plebania.hu\/wp-content\/uploads\/2019\/12\/03-2-1024x683.jpg 1024w, https:\/\/marcali.plebania.hu\/wp-content\/uploads\/2019\/12\/03-2-300x200.jpg 300w, https:\/\/marcali.plebania.hu\/wp-content\/uploads\/2019\/12\/03-2-768x512.jpg 768w, https:\/\/marcali.plebania.hu\/wp-content\/uploads\/2019\/12\/03-2-1536x1024.jpg 1536w, https:\/\/marcali.plebania.hu\/wp-content\/uploads\/2019\/12\/03-2-2048x1365.jpg 2048w, https:\/\/marcali.plebania.hu\/wp-content\/uploads\/2019\/12\/03-2-405x270.jpg 405w\" sizes=\"auto, (max-width: 1024px) 100vw, 1024px\" \/><\/figure><\/li><li class=\"blocks-gallery-item\"><figure><img loading=\"lazy\" decoding=\"async\" width=\"1024\" height=\"683\" src=\"https:\/\/marcali.plebania.hu\/wp-content\/uploads\/2019\/12\/04-3-1024x683.jpg\" alt=\"\" data-id=\"1365\" data-link=\"https:\/\/marcali.plebania.hu\/?attachment_id=1365\" class=\"wp-image-1365\" srcset=\"https:\/\/marcali.plebania.hu\/wp-content\/uploads\/2019\/12\/04-3-1024x683.jpg 1024w, https:\/\/marcali.plebania.hu\/wp-content\/uploads\/2019\/12\/04-3-300x200.jpg 300w, https:\/\/marcali.plebania.hu\/wp-content\/uploads\/2019\/12\/04-3-768x512.jpg 768w, https:\/\/marcali.plebania.hu\/wp-content\/uploads\/2019\/12\/04-3-1536x1024.jpg 1536w, https:\/\/marcali.plebania.hu\/wp-content\/uploads\/2019\/12\/04-3-2048x1365.jpg 2048w, https:\/\/marcali.plebania.hu\/wp-content\/uploads\/2019\/12\/04-3-405x270.jpg 405w\" sizes=\"auto, (max-width: 1024px) 100vw, 1024px\" \/><\/figure><\/li><li class=\"blocks-gallery-item\"><figure><img loading=\"lazy\" decoding=\"async\" width=\"1024\" height=\"683\" src=\"https:\/\/marcali.plebania.hu\/wp-content\/uploads\/2019\/12\/05-5-1024x683.jpg\" alt=\"\" data-id=\"1367\" data-full-url=\"https:\/\/marcali.plebania.hu\/wp-content\/uploads\/2019\/12\/05-5-scaled.jpg\" data-link=\"https:\/\/marcali.plebania.hu\/?attachment_id=1367\" class=\"wp-image-1367\" srcset=\"https:\/\/marcali.plebania.hu\/wp-content\/uploads\/2019\/12\/05-5-1024x683.jpg 1024w, https:\/\/marcali.plebania.hu\/wp-content\/uploads\/2019\/12\/05-5-300x200.jpg 300w, https:\/\/marcali.plebania.hu\/wp-content\/uploads\/2019\/12\/05-5-768x512.jpg 768w, https:\/\/marcali.plebania.hu\/wp-content\/uploads\/2019\/12\/05-5-1536x1024.jpg 1536w, https:\/\/marcali.plebania.hu\/wp-content\/uploads\/2019\/12\/05-5-2048x1365.jpg 2048w, https:\/\/marcali.plebania.hu\/wp-content\/uploads\/2019\/12\/05-5-405x270.jpg 405w\" sizes=\"auto, (max-width: 1024px) 100vw, 1024px\" \/><\/figure><\/li><\/ul><\/figure>\n\n\n\n<p>Az \u00e1pol\u00e1si \u00e9s kr\u00f3nikus oszt\u00e1lyon Kiss Iv\u00e1n c. pr\u00e9post, esperes-pl\u00e9b\u00e1nos r\u00f6vid liturgi\u00e1kat tartott a j\u00e1r\u00f3k\u00e9pes, id\u0151s betegeknek, akiknek felolvast\u00e1k a kar\u00e1csonyi \u00f6r\u00f6mh\u00edrt. Az \u00fcnneps\u00e9gen k\u00f6zismert egyh\u00e1zi \u00e9nekek csend\u00fcltek fel, melyekbe \u2013 h\u00e1latelt sz\u00edvvel \u00e9s n\u00e9ha-n\u00e9ha el\u00e9rz\u00e9keny\u00fclve \u2013 a betegek is bekapcsol\u00f3dtak. Ezen k\u00edv\u00fcl az alkalomhoz ill\u0151en versek is elhangzottak T\u00f3th Eszter \u00c1gnes gimnazista, \u00e9s Ladencsics Zolt\u00e1n tolm\u00e1csol\u00e1s\u00e1ban.<\/p>\n\n\n\n<figure class=\"wp-block-gallery columns-3 is-cropped wp-block-gallery-2 is-layout-flex wp-block-gallery-is-layout-flex\"><ul class=\"blocks-gallery-grid\"><li class=\"blocks-gallery-item\"><figure><img loading=\"lazy\" decoding=\"async\" width=\"1024\" height=\"683\" src=\"https:\/\/marcali.plebania.hu\/wp-content\/uploads\/2019\/12\/14-1-1024x683.jpg\" alt=\"\" data-id=\"1368\" data-link=\"https:\/\/marcali.plebania.hu\/?attachment_id=1368\" class=\"wp-image-1368\" srcset=\"https:\/\/marcali.plebania.hu\/wp-content\/uploads\/2019\/12\/14-1-1024x683.jpg 1024w, https:\/\/marcali.plebania.hu\/wp-content\/uploads\/2019\/12\/14-1-300x200.jpg 300w, https:\/\/marcali.plebania.hu\/wp-content\/uploads\/2019\/12\/14-1-768x512.jpg 768w, https:\/\/marcali.plebania.hu\/wp-content\/uploads\/2019\/12\/14-1-1536x1024.jpg 1536w, https:\/\/marcali.plebania.hu\/wp-content\/uploads\/2019\/12\/14-1-2048x1365.jpg 2048w, https:\/\/marcali.plebania.hu\/wp-content\/uploads\/2019\/12\/14-1-405x270.jpg 405w\" sizes=\"auto, (max-width: 1024px) 100vw, 1024px\" \/><\/figure><\/li><li class=\"blocks-gallery-item\"><figure><img loading=\"lazy\" decoding=\"async\" width=\"1024\" height=\"683\" src=\"https:\/\/marcali.plebania.hu\/wp-content\/uploads\/2019\/12\/15-1-1024x683.jpg\" alt=\"\" data-id=\"1369\" data-link=\"https:\/\/marcali.plebania.hu\/?attachment_id=1369\" class=\"wp-image-1369\" srcset=\"https:\/\/marcali.plebania.hu\/wp-content\/uploads\/2019\/12\/15-1-1024x683.jpg 1024w, https:\/\/marcali.plebania.hu\/wp-content\/uploads\/2019\/12\/15-1-300x200.jpg 300w, https:\/\/marcali.plebania.hu\/wp-content\/uploads\/2019\/12\/15-1-768x512.jpg 768w, https:\/\/marcali.plebania.hu\/wp-content\/uploads\/2019\/12\/15-1-1536x1024.jpg 1536w, https:\/\/marcali.plebania.hu\/wp-content\/uploads\/2019\/12\/15-1-2048x1365.jpg 2048w, https:\/\/marcali.plebania.hu\/wp-content\/uploads\/2019\/12\/15-1-405x270.jpg 405w\" sizes=\"auto, (max-width: 1024px) 100vw, 1024px\" \/><\/figure><\/li><li class=\"blocks-gallery-item\"><figure><img loading=\"lazy\" decoding=\"async\" width=\"1024\" height=\"683\" src=\"https:\/\/marcali.plebania.hu\/wp-content\/uploads\/2019\/12\/11-2-1024x683.jpg\" alt=\"\" data-id=\"1370\" data-full-url=\"https:\/\/marcali.plebania.hu\/wp-content\/uploads\/2019\/12\/11-2-scaled.jpg\" data-link=\"https:\/\/marcali.plebania.hu\/?attachment_id=1370\" class=\"wp-image-1370\" srcset=\"https:\/\/marcali.plebania.hu\/wp-content\/uploads\/2019\/12\/11-2-1024x683.jpg 1024w, https:\/\/marcali.plebania.hu\/wp-content\/uploads\/2019\/12\/11-2-300x200.jpg 300w, https:\/\/marcali.plebania.hu\/wp-content\/uploads\/2019\/12\/11-2-768x512.jpg 768w, https:\/\/marcali.plebania.hu\/wp-content\/uploads\/2019\/12\/11-2-1536x1024.jpg 1536w, https:\/\/marcali.plebania.hu\/wp-content\/uploads\/2019\/12\/11-2-2048x1365.jpg 2048w, https:\/\/marcali.plebania.hu\/wp-content\/uploads\/2019\/12\/11-2-405x270.jpg 405w\" sizes=\"auto, (max-width: 1024px) 100vw, 1024px\" \/><\/figure><\/li><li class=\"blocks-gallery-item\"><figure><img loading=\"lazy\" decoding=\"async\" width=\"1024\" height=\"683\" src=\"https:\/\/marcali.plebania.hu\/wp-content\/uploads\/2019\/12\/12-1-1024x683.jpg\" alt=\"\" data-id=\"1371\" data-full-url=\"https:\/\/marcali.plebania.hu\/wp-content\/uploads\/2019\/12\/12-1-scaled.jpg\" data-link=\"https:\/\/marcali.plebania.hu\/?attachment_id=1371\" class=\"wp-image-1371\" srcset=\"https:\/\/marcali.plebania.hu\/wp-content\/uploads\/2019\/12\/12-1-1024x683.jpg 1024w, https:\/\/marcali.plebania.hu\/wp-content\/uploads\/2019\/12\/12-1-300x200.jpg 300w, https:\/\/marcali.plebania.hu\/wp-content\/uploads\/2019\/12\/12-1-768x512.jpg 768w, https:\/\/marcali.plebania.hu\/wp-content\/uploads\/2019\/12\/12-1-1536x1024.jpg 1536w, https:\/\/marcali.plebania.hu\/wp-content\/uploads\/2019\/12\/12-1-2048x1365.jpg 2048w, https:\/\/marcali.plebania.hu\/wp-content\/uploads\/2019\/12\/12-1-405x270.jpg 405w\" sizes=\"auto, (max-width: 1024px) 100vw, 1024px\" \/><\/figure><\/li><\/ul><\/figure>\n\n\n\n<p>Iv\u00e1n atya ezut\u00e1n k\u00fcl\u00f6n megk\u00f6sz\u00f6nte a n\u0151v\u00e9rek \u00e9s az orvosok \u00e1ldozatos munk\u00e1j\u00e1t, amit a k\u00f3rh\u00e1zban az elesett emberek\u00e9rt tesznek. A betegek ezut\u00e1n szent\u00e1ldoz\u00e1shoz is j\u00e1rulhattak Iv\u00e1n atya \u00e9s J\u00e1ki Zolt\u00e1n j\u00f3volt\u00e1b\u00f3l, mik\u00f6zben a gyermekek szentk\u00e9pekkel, illetve naranccsal aj\u00e1nd\u00e9kozt\u00e1k meg \u0151ket, valamint a n\u0151v\u00e9reket \u00e9s \u00e1pol\u00f3kat, akik s\u00fctem\u00e9nnyel viszonozt\u00e1k a kedvess\u00e9get.<\/p>\n\n\n\n<figure class=\"wp-block-gallery columns-3 is-cropped wp-block-gallery-3 is-layout-flex wp-block-gallery-is-layout-flex\"><ul class=\"blocks-gallery-grid\"><li class=\"blocks-gallery-item\"><figure><img loading=\"lazy\" decoding=\"async\" width=\"1024\" height=\"683\" src=\"https:\/\/marcali.plebania.hu\/wp-content\/uploads\/2019\/12\/16-3-1024x683.jpg\" alt=\"\" data-id=\"1372\" data-link=\"https:\/\/marcali.plebania.hu\/?attachment_id=1372\" class=\"wp-image-1372\" srcset=\"https:\/\/marcali.plebania.hu\/wp-content\/uploads\/2019\/12\/16-3-1024x683.jpg 1024w, https:\/\/marcali.plebania.hu\/wp-content\/uploads\/2019\/12\/16-3-300x200.jpg 300w, https:\/\/marcali.plebania.hu\/wp-content\/uploads\/2019\/12\/16-3-768x512.jpg 768w, https:\/\/marcali.plebania.hu\/wp-content\/uploads\/2019\/12\/16-3-1536x1024.jpg 1536w, https:\/\/marcali.plebania.hu\/wp-content\/uploads\/2019\/12\/16-3-2048x1365.jpg 2048w, https:\/\/marcali.plebania.hu\/wp-content\/uploads\/2019\/12\/16-3-405x270.jpg 405w\" sizes=\"auto, (max-width: 1024px) 100vw, 1024px\" \/><\/figure><\/li><li class=\"blocks-gallery-item\"><figure><img loading=\"lazy\" decoding=\"async\" width=\"1024\" height=\"683\" src=\"https:\/\/marcali.plebania.hu\/wp-content\/uploads\/2019\/12\/17-2-1024x683.jpg\" alt=\"\" data-id=\"1373\" data-link=\"https:\/\/marcali.plebania.hu\/?attachment_id=1373\" class=\"wp-image-1373\" srcset=\"https:\/\/marcali.plebania.hu\/wp-content\/uploads\/2019\/12\/17-2-1024x683.jpg 1024w, https:\/\/marcali.plebania.hu\/wp-content\/uploads\/2019\/12\/17-2-300x200.jpg 300w, https:\/\/marcali.plebania.hu\/wp-content\/uploads\/2019\/12\/17-2-768x512.jpg 768w, https:\/\/marcali.plebania.hu\/wp-content\/uploads\/2019\/12\/17-2-1536x1024.jpg 1536w, https:\/\/marcali.plebania.hu\/wp-content\/uploads\/2019\/12\/17-2-2048x1365.jpg 2048w, https:\/\/marcali.plebania.hu\/wp-content\/uploads\/2019\/12\/17-2-405x270.jpg 405w\" sizes=\"auto, (max-width: 1024px) 100vw, 1024px\" \/><\/figure><\/li><li class=\"blocks-gallery-item\"><figure><img loading=\"lazy\" decoding=\"async\" width=\"1024\" height=\"683\" src=\"https:\/\/marcali.plebania.hu\/wp-content\/uploads\/2019\/12\/22-1-1024x683.jpg\" alt=\"\" data-id=\"1374\" data-link=\"https:\/\/marcali.plebania.hu\/?attachment_id=1374\" class=\"wp-image-1374\" srcset=\"https:\/\/marcali.plebania.hu\/wp-content\/uploads\/2019\/12\/22-1-1024x683.jpg 1024w, https:\/\/marcali.plebania.hu\/wp-content\/uploads\/2019\/12\/22-1-300x200.jpg 300w, https:\/\/marcali.plebania.hu\/wp-content\/uploads\/2019\/12\/22-1-768x512.jpg 768w, https:\/\/marcali.plebania.hu\/wp-content\/uploads\/2019\/12\/22-1-1536x1024.jpg 1536w, https:\/\/marcali.plebania.hu\/wp-content\/uploads\/2019\/12\/22-1-2048x1365.jpg 2048w, https:\/\/marcali.plebania.hu\/wp-content\/uploads\/2019\/12\/22-1-405x270.jpg 405w\" sizes=\"auto, (max-width: 1024px) 100vw, 1024px\" \/><\/figure><\/li><li class=\"blocks-gallery-item\"><figure><img loading=\"lazy\" decoding=\"async\" width=\"1024\" height=\"683\" src=\"https:\/\/marcali.plebania.hu\/wp-content\/uploads\/2019\/12\/21-1-1024x683.jpg\" alt=\"\" data-id=\"1375\" data-full-url=\"https:\/\/marcali.plebania.hu\/wp-content\/uploads\/2019\/12\/21-1-scaled.jpg\" data-link=\"https:\/\/marcali.plebania.hu\/?attachment_id=1375\" class=\"wp-image-1375\" srcset=\"https:\/\/marcali.plebania.hu\/wp-content\/uploads\/2019\/12\/21-1-1024x683.jpg 1024w, https:\/\/marcali.plebania.hu\/wp-content\/uploads\/2019\/12\/21-1-300x200.jpg 300w, https:\/\/marcali.plebania.hu\/wp-content\/uploads\/2019\/12\/21-1-768x512.jpg 768w, https:\/\/marcali.plebania.hu\/wp-content\/uploads\/2019\/12\/21-1-1536x1024.jpg 1536w, https:\/\/marcali.plebania.hu\/wp-content\/uploads\/2019\/12\/21-1-2048x1365.jpg 2048w, https:\/\/marcali.plebania.hu\/wp-content\/uploads\/2019\/12\/21-1-405x270.jpg 405w\" sizes=\"auto, (max-width: 1024px) 100vw, 1024px\" \/><\/figure><\/li><\/ul><\/figure>\n\n\n\n<p>A k\u00f3rh\u00e1zkar\u00e1csonyon a Marcali Karit\u00e1sz Csoport aktivist\u00e1i \u00e9s a Noszlopy iskola 7. oszt\u00e1lyos hittanos di\u00e1kjai vettek r\u00e9szt dr. Gyulain\u00e9 Domj\u00e1n Zsuzsanna hitoktat\u00f3n\u0151vel egy\u00fctt.<\/p>\n\n\n\n<figure class=\"wp-block-gallery columns-3 is-cropped wp-block-gallery-4 is-layout-flex wp-block-gallery-is-layout-flex\"><ul class=\"blocks-gallery-grid\"><li class=\"blocks-gallery-item\"><figure><img loading=\"lazy\" decoding=\"async\" width=\"1024\" height=\"683\" src=\"https:\/\/marcali.plebania.hu\/wp-content\/uploads\/2019\/12\/24-2-1024x683.jpg\" alt=\"\" data-id=\"1376\" data-full-url=\"https:\/\/marcali.plebania.hu\/wp-content\/uploads\/2019\/12\/24-2-scaled.jpg\" data-link=\"https:\/\/marcali.plebania.hu\/?attachment_id=1376\" class=\"wp-image-1376\" srcset=\"https:\/\/marcali.plebania.hu\/wp-content\/uploads\/2019\/12\/24-2-1024x683.jpg 1024w, https:\/\/marcali.plebania.hu\/wp-content\/uploads\/2019\/12\/24-2-300x200.jpg 300w, https:\/\/marcali.plebania.hu\/wp-content\/uploads\/2019\/12\/24-2-768x512.jpg 768w, https:\/\/marcali.plebania.hu\/wp-content\/uploads\/2019\/12\/24-2-1536x1024.jpg 1536w, https:\/\/marcali.plebania.hu\/wp-content\/uploads\/2019\/12\/24-2-2048x1365.jpg 2048w, https:\/\/marcali.plebania.hu\/wp-content\/uploads\/2019\/12\/24-2-405x270.jpg 405w\" sizes=\"auto, (max-width: 1024px) 100vw, 1024px\" \/><\/figure><\/li><li class=\"blocks-gallery-item\"><figure><img loading=\"lazy\" decoding=\"async\" width=\"1024\" height=\"683\" src=\"https:\/\/marcali.plebania.hu\/wp-content\/uploads\/2019\/12\/25-1024x683.jpg\" alt=\"\" data-id=\"1377\" data-full-url=\"https:\/\/marcali.plebania.hu\/wp-content\/uploads\/2019\/12\/25-scaled.jpg\" data-link=\"https:\/\/marcali.plebania.hu\/?attachment_id=1377\" class=\"wp-image-1377\" srcset=\"https:\/\/marcali.plebania.hu\/wp-content\/uploads\/2019\/12\/25-1024x683.jpg 1024w, https:\/\/marcali.plebania.hu\/wp-content\/uploads\/2019\/12\/25-300x200.jpg 300w, https:\/\/marcali.plebania.hu\/wp-content\/uploads\/2019\/12\/25-768x512.jpg 768w, https:\/\/marcali.plebania.hu\/wp-content\/uploads\/2019\/12\/25-1536x1024.jpg 1536w, https:\/\/marcali.plebania.hu\/wp-content\/uploads\/2019\/12\/25-2048x1365.jpg 2048w, https:\/\/marcali.plebania.hu\/wp-content\/uploads\/2019\/12\/25-405x270.jpg 405w\" sizes=\"auto, (max-width: 1024px) 100vw, 1024px\" \/><\/figure><\/li><li class=\"blocks-gallery-item\"><figure><img loading=\"lazy\" decoding=\"async\" width=\"1024\" height=\"683\" src=\"https:\/\/marcali.plebania.hu\/wp-content\/uploads\/2019\/12\/26-2-1024x683.jpg\" alt=\"\" data-id=\"1378\" data-full-url=\"https:\/\/marcali.plebania.hu\/wp-content\/uploads\/2019\/12\/26-2-scaled.jpg\" data-link=\"https:\/\/marcali.plebania.hu\/?attachment_id=1378\" class=\"wp-image-1378\" srcset=\"https:\/\/marcali.plebania.hu\/wp-content\/uploads\/2019\/12\/26-2-1024x683.jpg 1024w, https:\/\/marcali.plebania.hu\/wp-content\/uploads\/2019\/12\/26-2-300x200.jpg 300w, https:\/\/marcali.plebania.hu\/wp-content\/uploads\/2019\/12\/26-2-768x512.jpg 768w, https:\/\/marcali.plebania.hu\/wp-content\/uploads\/2019\/12\/26-2-1536x1024.jpg 1536w, https:\/\/marcali.plebania.hu\/wp-content\/uploads\/2019\/12\/26-2-2048x1365.jpg 2048w, https:\/\/marcali.plebania.hu\/wp-content\/uploads\/2019\/12\/26-2-405x270.jpg 405w\" sizes=\"auto, (max-width: 1024px) 100vw, 1024px\" \/><\/figure><\/li><li class=\"blocks-gallery-item\"><figure><img loading=\"lazy\" decoding=\"async\" width=\"1024\" height=\"683\" src=\"https:\/\/marcali.plebania.hu\/wp-content\/uploads\/2019\/12\/27-1024x683.jpg\" alt=\"\" data-id=\"1379\" data-full-url=\"https:\/\/marcali.plebania.hu\/wp-content\/uploads\/2019\/12\/27-scaled.jpg\" data-link=\"https:\/\/marcali.plebania.hu\/?attachment_id=1379\" class=\"wp-image-1379\" srcset=\"https:\/\/marcali.plebania.hu\/wp-content\/uploads\/2019\/12\/27-1024x683.jpg 1024w, https:\/\/marcali.plebania.hu\/wp-content\/uploads\/2019\/12\/27-300x200.jpg 300w, https:\/\/marcali.plebania.hu\/wp-content\/uploads\/2019\/12\/27-768x512.jpg 768w, https:\/\/marcali.plebania.hu\/wp-content\/uploads\/2019\/12\/27-1536x1024.jpg 1536w, https:\/\/marcali.plebania.hu\/wp-content\/uploads\/2019\/12\/27-2048x1365.jpg 2048w, https:\/\/marcali.plebania.hu\/wp-content\/uploads\/2019\/12\/27-405x270.jpg 405w\" sizes=\"auto, (max-width: 1024px) 100vw, 1024px\" \/><\/figure><\/li><\/ul><\/figure>\n\n\n\n<p>A\ncsoport ezut\u00e1n a belgy\u00f3gy\u00e1szatot, a seb\u00e9szetet \u00e9s a hospice oszt\u00e1lyokat is\nsorra felkereste \u00e9s az ott l\u00e9v\u0151ket is megaj\u00e1nd\u00e9kozta.<\/p>\n","protected":false},"excerpt":{"rendered":"<p>2019. december 19-\u00e9n, cs\u00fct\u00f6rt\u00f6k\u00f6n 15 \u00f3rakor \u2013 a kor\u00e1bbi \u00e9vekhez hasonl\u00f3an \u2013 a Marcali R\u00f3mai Katolikus Pl\u00e9b\u00e1nia szervez\u00e9s\u00e9ben \u00f6nk\u00e9ntesek l\u00e1togattak el a k\u00f3rh\u00e1zba, hogy a betegeknek is elvigy\u00e9k kar\u00e1csony \u00fczenet\u00e9t. Az \u00e1pol\u00e1si \u00e9s kr\u00f3nikus oszt\u00e1lyon Kiss Iv\u00e1n c. pr\u00e9post, esperes-pl\u00e9b\u00e1nos r\u00f6vid liturgi\u00e1kat tartott a j\u00e1r\u00f3k\u00e9pes, id\u0151s betegeknek, akiknek felolvast\u00e1k a kar\u00e1csonyi \u00f6r\u00f6mh\u00edrt. Az \u00fcnneps\u00e9gen k\u00f6zismert egyh\u00e1zi \u00e9nekek csend\u00fcltek fel, melyekbe \u2013 h\u00e1latelt sz\u00edvvel \u00e9s n\u00e9ha-n\u00e9ha el\u00e9rz\u00e9keny\u00fclve \u2013 a betegek is bekapcsol\u00f3dtak. Ezen k\u00edv\u00fcl az alkalomhoz ill\u0151en versek is elhangzottak T\u00f3th&#8230;<\/p>\n<p class=\"read-more\"><a class=\"btn btn-default\" href=\"https:\/\/marcali.plebania.hu\/?p=1362\"> Read More<span class=\"screen-reader-text\">  Read More<\/span><\/a><\/p>\n","protected":false},"author":2,"featured_media":0,"comment_status":"closed","ping_status":"open","sticky":false,"template":"","format":"standard","meta":{"footnotes":""},"categories":[1],"tags":[],"class_list":["post-1362","post","type-post","status-publish","format-standard","hentry","category-egyeb"],"_links":{"self":[{"href":"https:\/\/marcali.plebania.hu\/index.php?rest_route=\/wp\/v2\/posts\/1362","targetHints":{"allow":["GET"]}}],"collection":[{"href":"https:\/\/marcali.plebania.hu\/index.php?rest_route=\/wp\/v2\/posts"}],"about":[{"href":"https:\/\/marcali.plebania.hu\/index.php?rest_route=\/wp\/v2\/types\/post"}],"author":[{"embeddable":true,"href":"https:\/\/marcali.plebania.hu\/index.php?rest_route=\/wp\/v2\/users\/2"}],"replies":[{"embeddable":true,"href":"https:\/\/marcali.plebania.hu\/index.php?rest_route=%2Fwp%2Fv2%2Fcomments&post=1362"}],"version-history":[{"count":1,"href":"https:\/\/marcali.plebania.hu\/index.php?rest_route=\/wp\/v2\/posts\/1362\/revisions"}],"predecessor-version":[{"id":1380,"href":"https:\/\/marcali.plebania.hu\/index.php?rest_route=\/wp\/v2\/posts\/1362\/revisions\/1380"}],"wp:attachment":[{"href":"https:\/\/marcali.plebania.hu\/index.php?rest_route=%2Fwp%2Fv2%2Fmedia&parent=1362"}],"wp:term":[{"taxonomy":"category","embeddable":true,"href":"https:\/\/marcali.plebania.hu\/index.php?rest_route=%2Fwp%2Fv2%2Fcategories&post=1362"},{"taxonomy":"post_tag","embeddable":true,"href":"https:\/\/marcali.plebania.hu\/index.php?rest_route=%2Fwp%2Fv2%2Ftags&post=1362"}],"curies":[{"name":"wp","href":"https:\/\/api.w.org\/{rel}","templated":true}]}}