{"id":1381,"date":"2019-12-20T09:48:28","date_gmt":"2019-12-20T09:48:28","guid":{"rendered":"https:\/\/marcali.plebania.hu\/?p=1381"},"modified":"2019-12-20T09:48:28","modified_gmt":"2019-12-20T09:48:28","slug":"hirdetesek-2019-12-22","status":"publish","type":"post","link":"https:\/\/marcali.plebania.hu\/?p=1381","title":{"rendered":"Hirdet\u00e9sek 2019. 12. 22."},"content":{"rendered":"\n<ol class=\"wp-block-list\"><li>Ma \u00c1dvent 4. vas\u00e1rnapja.<\/li><li>H\u00e9tf\u0151n 9 \u00f3r\u00e1t\u00f3l \u00e1ll\u00edtjuk fel a szabadt\u00e9ri betlehemet a\npl\u00e9b\u00e1niatemplom mellett. Er\u0151s f\u00e9rfikezeket h\u00edvunk \u00e9s v\u00e1runk a betlehem\nelk\u00e9sz\u00edt\u00e9s\u00e9hez.<\/li><li>Kedden \u00e9jjel 22 \u00f3rakor kezd\u0151dik a B. Gizella templomban\na p\u00e1sztorj\u00e1t\u00e9k, ut\u00e1na \u00e9jjeli szentmise. A pl\u00e9b\u00e1niatemplomban 23.30-kor\np\u00e1sztorj\u00e1t\u00e9k, majd \u00e9jf\u00e9li szentmise.<\/li><li>Szerd\u00e1n, kar\u00e1csony napj\u00e1n vas\u00e1rnapi miserend.<\/li><li>Cs\u00fct\u00f6rt\u00f6k\u00f6n, kar\u00e1csony m\u00e1snapj\u00e1n a pl\u00e9b\u00e1niatemplomban\n9 \u00f3rakor szentmise, borszentel\u00e9ssel. K\u00e9rj\u00fck a sz\u0151l\u0151sgazd\u00e1kat, hogy az idei\nterm\u00e9s\u00fckb\u0151l hozzanak egy \u00fcveggel, melyet a szentmis\u00e9n meg\u00e1ldunk. A templom\nel\u0151tt forralt bort \u00e1ldunk meg \u00e9s k\u00edn\u00e1ljuk a kedves h\u00edveknek.<\/li><li>A j\u00f6v\u0151 h\u00e9ten, p\u00e9nteken este nem lesz szentmise.<\/li><li>Megk\u00f6sz\u00f6nj\u00fck mindazok k\u00f6zrem\u0171k\u00f6d\u00e9s\u00e9t, akik r\u00e9szt\nvettek a k\u00f3rh\u00e1z kar\u00e1csonyon (mintegy 20-an). Ezek k\u00f6z\u00fcl is k\u00fcl\u00f6n k\u00f6sz\u00f6net a\nNoszlopy iskola 7-es hittanosainak \u00e9s hitoktat\u00f3n\u0151j\u00fcknek.<\/li><li>Elk\u00e9sz\u00fclt a t\u00e9li k\u00e1polna. Terveink szerint janu\u00e1rt\u00f3l\nott tartjuk a h\u00e9tk\u00f6znapi szentmis\u00e9ket.<\/li><li>Az Eukarisztikus kongresszusra val\u00f3 jelentkez\u00e9s elindult.\nGelencs\u00e9r R\u00f3bert vil\u00e1gi eln\u00f6k\u00f6t jel\u00f6ltem ki csoportvezet\u0151nek, akin\u00e9l\njelentkezni lehet. Terveink szerint a kongresszusra szombati napon menn\u00e9nk,\namikor a Kossuth t\u00e9ri szentmis\u00e9r\u0151l f\u00e1kly\u00e1s k\u00f6rmenettel a H\u0151s\u00f6k ter\u00e9ig megy\u00fcnk.<\/li><li>Megjelent a\nMarcali Katolikus \u00dajs\u00e1g kar\u00e1csonyi sz\u00e1ma.<\/li><\/ol>\n","protected":false},"excerpt":{"rendered":"<p>Ma \u00c1dvent 4. vas\u00e1rnapja. H\u00e9tf\u0151n 9 \u00f3r\u00e1t\u00f3l \u00e1ll\u00edtjuk fel a szabadt\u00e9ri betlehemet a pl\u00e9b\u00e1niatemplom mellett. Er\u0151s f\u00e9rfikezeket h\u00edvunk \u00e9s v\u00e1runk a betlehem elk\u00e9sz\u00edt\u00e9s\u00e9hez. Kedden \u00e9jjel 22 \u00f3rakor kezd\u0151dik a B. Gizella templomban a p\u00e1sztorj\u00e1t\u00e9k, ut\u00e1na \u00e9jjeli szentmise. A pl\u00e9b\u00e1niatemplomban 23.30-kor p\u00e1sztorj\u00e1t\u00e9k, majd \u00e9jf\u00e9li szentmise. Szerd\u00e1n, kar\u00e1csony napj\u00e1n vas\u00e1rnapi miserend. Cs\u00fct\u00f6rt\u00f6k\u00f6n, kar\u00e1csony m\u00e1snapj\u00e1n a pl\u00e9b\u00e1niatemplomban 9 \u00f3rakor szentmise, borszentel\u00e9ssel. K\u00e9rj\u00fck a sz\u0151l\u0151sgazd\u00e1kat, hogy az idei term\u00e9s\u00fckb\u0151l hozzanak egy \u00fcveggel, melyet a szentmis\u00e9n meg\u00e1ldunk. A templom el\u0151tt forralt bort \u00e1ldunk meg \u00e9s&#8230;<\/p>\n<p class=\"read-more\"><a class=\"btn btn-default\" href=\"https:\/\/marcali.plebania.hu\/?p=1381\"> Read More<span class=\"screen-reader-text\">  Read More<\/span><\/a><\/p>\n","protected":false},"author":2,"featured_media":0,"comment_status":"closed","ping_status":"open","sticky":false,"template":"","format":"standard","meta":{"footnotes":""},"categories":[1],"tags":[],"class_list":["post-1381","post","type-post","status-publish","format-standard","hentry","category-egyeb"],"_links":{"self":[{"href":"https:\/\/marcali.plebania.hu\/index.php?rest_route=\/wp\/v2\/posts\/1381","targetHints":{"allow":["GET"]}}],"collection":[{"href":"https:\/\/marcali.plebania.hu\/index.php?rest_route=\/wp\/v2\/posts"}],"about":[{"href":"https:\/\/marcali.plebania.hu\/index.php?rest_route=\/wp\/v2\/types\/post"}],"author":[{"embeddable":true,"href":"https:\/\/marcali.plebania.hu\/index.php?rest_route=\/wp\/v2\/users\/2"}],"replies":[{"embeddable":true,"href":"https:\/\/marcali.plebania.hu\/index.php?rest_route=%2Fwp%2Fv2%2Fcomments&post=1381"}],"version-history":[{"count":1,"href":"https:\/\/marcali.plebania.hu\/index.php?rest_route=\/wp\/v2\/posts\/1381\/revisions"}],"predecessor-version":[{"id":1382,"href":"https:\/\/marcali.plebania.hu\/index.php?rest_route=\/wp\/v2\/posts\/1381\/revisions\/1382"}],"wp:attachment":[{"href":"https:\/\/marcali.plebania.hu\/index.php?rest_route=%2Fwp%2Fv2%2Fmedia&parent=1381"}],"wp:term":[{"taxonomy":"category","embeddable":true,"href":"https:\/\/marcali.plebania.hu\/index.php?rest_route=%2Fwp%2Fv2%2Fcategories&post=1381"},{"taxonomy":"post_tag","embeddable":true,"href":"https:\/\/marcali.plebania.hu\/index.php?rest_route=%2Fwp%2Fv2%2Ftags&post=1381"}],"curies":[{"name":"wp","href":"https:\/\/api.w.org\/{rel}","templated":true}]}}