{"id":1385,"date":"2019-12-27T17:11:53","date_gmt":"2019-12-27T17:11:53","guid":{"rendered":"https:\/\/marcali.plebania.hu\/?p=1385"},"modified":"2019-12-27T17:11:53","modified_gmt":"2019-12-27T17:11:53","slug":"karacsonyi-adomanyokat-osztott-a-karitasz-a-raszoruloknak","status":"publish","type":"post","link":"https:\/\/marcali.plebania.hu\/?p=1385","title":{"rendered":"Kar\u00e1csonyi adom\u00e1nyokat osztott a Karit\u00e1sz a r\u00e1szorul\u00f3knak"},"content":{"rendered":"\n<p>2019. december 20-\u00e1n, p\u00e9nteken d\u00e9lut\u00e1n a Marcali Karit\u00e1sz Csoport a pl\u00e9b\u00e1niatemplomba h\u00edvta a helybeli neh\u00e9zsors\u00fa csal\u00e1dokat, \u00e9s hajl\u00e9ktalanokat, akiket a k\u00f6zelg\u0151 \u00fcnnep alkalm\u00e1val tart\u00f3s \u00e9lelmiszercsomagokkal aj\u00e1nd\u00e9kozott meg.<\/p>\n\n\n\n<figure class=\"wp-block-gallery columns-3 is-cropped wp-block-gallery-1 is-layout-flex wp-block-gallery-is-layout-flex\"><ul class=\"blocks-gallery-grid\"><li class=\"blocks-gallery-item\"><figure><img loading=\"lazy\" decoding=\"async\" width=\"1024\" height=\"683\" src=\"https:\/\/marcali.plebania.hu\/wp-content\/uploads\/2019\/12\/02-4-1024x683.jpg\" alt=\"\" data-id=\"1386\" data-link=\"https:\/\/marcali.plebania.hu\/?attachment_id=1386\" class=\"wp-image-1386\" srcset=\"https:\/\/marcali.plebania.hu\/wp-content\/uploads\/2019\/12\/02-4-1024x683.jpg 1024w, https:\/\/marcali.plebania.hu\/wp-content\/uploads\/2019\/12\/02-4-300x200.jpg 300w, https:\/\/marcali.plebania.hu\/wp-content\/uploads\/2019\/12\/02-4-768x512.jpg 768w, https:\/\/marcali.plebania.hu\/wp-content\/uploads\/2019\/12\/02-4-1536x1024.jpg 1536w, https:\/\/marcali.plebania.hu\/wp-content\/uploads\/2019\/12\/02-4-2048x1365.jpg 2048w, https:\/\/marcali.plebania.hu\/wp-content\/uploads\/2019\/12\/02-4-405x270.jpg 405w\" sizes=\"auto, (max-width: 1024px) 100vw, 1024px\" \/><\/figure><\/li><li class=\"blocks-gallery-item\"><figure><img loading=\"lazy\" decoding=\"async\" width=\"1024\" height=\"683\" src=\"https:\/\/marcali.plebania.hu\/wp-content\/uploads\/2019\/12\/06-4-1024x683.jpg\" alt=\"\" data-id=\"1387\" data-link=\"https:\/\/marcali.plebania.hu\/?attachment_id=1387\" class=\"wp-image-1387\" srcset=\"https:\/\/marcali.plebania.hu\/wp-content\/uploads\/2019\/12\/06-4-1024x683.jpg 1024w, https:\/\/marcali.plebania.hu\/wp-content\/uploads\/2019\/12\/06-4-300x200.jpg 300w, https:\/\/marcali.plebania.hu\/wp-content\/uploads\/2019\/12\/06-4-768x512.jpg 768w, https:\/\/marcali.plebania.hu\/wp-content\/uploads\/2019\/12\/06-4-1536x1024.jpg 1536w, https:\/\/marcali.plebania.hu\/wp-content\/uploads\/2019\/12\/06-4-2048x1365.jpg 2048w, https:\/\/marcali.plebania.hu\/wp-content\/uploads\/2019\/12\/06-4-405x270.jpg 405w\" sizes=\"auto, (max-width: 1024px) 100vw, 1024px\" \/><\/figure><\/li><li class=\"blocks-gallery-item\"><figure><img loading=\"lazy\" decoding=\"async\" width=\"1024\" height=\"683\" src=\"https:\/\/marcali.plebania.hu\/wp-content\/uploads\/2019\/12\/07-5-1024x683.jpg\" alt=\"\" data-id=\"1388\" data-link=\"https:\/\/marcali.plebania.hu\/?attachment_id=1388\" class=\"wp-image-1388\" srcset=\"https:\/\/marcali.plebania.hu\/wp-content\/uploads\/2019\/12\/07-5-1024x683.jpg 1024w, https:\/\/marcali.plebania.hu\/wp-content\/uploads\/2019\/12\/07-5-300x200.jpg 300w, https:\/\/marcali.plebania.hu\/wp-content\/uploads\/2019\/12\/07-5-768x512.jpg 768w, https:\/\/marcali.plebania.hu\/wp-content\/uploads\/2019\/12\/07-5-1536x1024.jpg 1536w, https:\/\/marcali.plebania.hu\/wp-content\/uploads\/2019\/12\/07-5-2048x1365.jpg 2048w, https:\/\/marcali.plebania.hu\/wp-content\/uploads\/2019\/12\/07-5-405x270.jpg 405w\" sizes=\"auto, (max-width: 1024px) 100vw, 1024px\" \/><\/figure><\/li><li class=\"blocks-gallery-item\"><figure><img loading=\"lazy\" decoding=\"async\" width=\"1024\" height=\"683\" src=\"https:\/\/marcali.plebania.hu\/wp-content\/uploads\/2019\/12\/09-2-1024x683.jpg\" alt=\"\" data-id=\"1389\" data-full-url=\"https:\/\/marcali.plebania.hu\/wp-content\/uploads\/2019\/12\/09-2-scaled.jpg\" data-link=\"https:\/\/marcali.plebania.hu\/?attachment_id=1389\" class=\"wp-image-1389\" srcset=\"https:\/\/marcali.plebania.hu\/wp-content\/uploads\/2019\/12\/09-2-1024x683.jpg 1024w, https:\/\/marcali.plebania.hu\/wp-content\/uploads\/2019\/12\/09-2-300x200.jpg 300w, https:\/\/marcali.plebania.hu\/wp-content\/uploads\/2019\/12\/09-2-768x512.jpg 768w, https:\/\/marcali.plebania.hu\/wp-content\/uploads\/2019\/12\/09-2-1536x1024.jpg 1536w, https:\/\/marcali.plebania.hu\/wp-content\/uploads\/2019\/12\/09-2-2048x1365.jpg 2048w, https:\/\/marcali.plebania.hu\/wp-content\/uploads\/2019\/12\/09-2-405x270.jpg 405w\" sizes=\"auto, (max-width: 1024px) 100vw, 1024px\" \/><\/figure><\/li><\/ul><\/figure>\n\n\n\n<p>A megh\u00edvottakat Kiss Iv\u00e1n c. pr\u00e9post, esperes-pl\u00e9b\u00e1nos fogadta, aki egy k\u00f6z\u00f6s im\u00e1ds\u00e1g \u00e9s \u00e9nek elhangz\u00e1sa ut\u00e1n besz\u00e9lt nekik Kar\u00e1csony \u00fcnnep\u00e9r\u0151l, majd szentk\u00e9peket adott a jelenl\u00e9v\u0151knek. Ezut\u00e1n S\u00e1voly Andrea, a Karit\u00e1sz Csoport vezet\u0151je \u00e9s Szab\u00f3 Gyula, a GAMESZ k\u00e9pviselet\u00e9ben k\u00f6sz\u00f6nt\u00f6tte a r\u00e1szorul\u00f3kat \u00e9s k\u00edv\u00e1nt mindenkinek \u00e1ldott \u00fcnnepeket. Majd pedig az \u00f6nk\u00e9ntes seg\u00edt\u0151k k\u00f6zrem\u0171k\u00f6d\u00e9s\u00e9vel kiosztott\u00e1k az adom\u00e1nyokat, melyet a katolikus h\u00edvek adtak \u00f6ssze, z\u00f6m\u00e9ben az Erzs\u00e9bet-napi gy\u0171jt\u00e9s sor\u00e1n.<\/p>\n\n\n\n<figure class=\"wp-block-gallery columns-3 is-cropped wp-block-gallery-2 is-layout-flex wp-block-gallery-is-layout-flex\"><ul class=\"blocks-gallery-grid\"><li class=\"blocks-gallery-item\"><figure><img loading=\"lazy\" decoding=\"async\" width=\"1024\" height=\"683\" src=\"https:\/\/marcali.plebania.hu\/wp-content\/uploads\/2019\/12\/11-3-1024x683.jpg\" alt=\"\" data-id=\"1390\" data-full-url=\"https:\/\/marcali.plebania.hu\/wp-content\/uploads\/2019\/12\/11-3-scaled.jpg\" data-link=\"https:\/\/marcali.plebania.hu\/?attachment_id=1390\" class=\"wp-image-1390\" srcset=\"https:\/\/marcali.plebania.hu\/wp-content\/uploads\/2019\/12\/11-3-1024x683.jpg 1024w, https:\/\/marcali.plebania.hu\/wp-content\/uploads\/2019\/12\/11-3-300x200.jpg 300w, https:\/\/marcali.plebania.hu\/wp-content\/uploads\/2019\/12\/11-3-768x512.jpg 768w, https:\/\/marcali.plebania.hu\/wp-content\/uploads\/2019\/12\/11-3-1536x1024.jpg 1536w, https:\/\/marcali.plebania.hu\/wp-content\/uploads\/2019\/12\/11-3-2048x1365.jpg 2048w, https:\/\/marcali.plebania.hu\/wp-content\/uploads\/2019\/12\/11-3-405x270.jpg 405w\" sizes=\"auto, (max-width: 1024px) 100vw, 1024px\" \/><\/figure><\/li><li class=\"blocks-gallery-item\"><figure><img loading=\"lazy\" decoding=\"async\" width=\"1024\" height=\"683\" src=\"https:\/\/marcali.plebania.hu\/wp-content\/uploads\/2019\/12\/12-2-1024x683.jpg\" alt=\"\" data-id=\"1391\" data-full-url=\"https:\/\/marcali.plebania.hu\/wp-content\/uploads\/2019\/12\/12-2-scaled.jpg\" data-link=\"https:\/\/marcali.plebania.hu\/?attachment_id=1391\" class=\"wp-image-1391\" srcset=\"https:\/\/marcali.plebania.hu\/wp-content\/uploads\/2019\/12\/12-2-1024x683.jpg 1024w, https:\/\/marcali.plebania.hu\/wp-content\/uploads\/2019\/12\/12-2-300x200.jpg 300w, https:\/\/marcali.plebania.hu\/wp-content\/uploads\/2019\/12\/12-2-768x512.jpg 768w, https:\/\/marcali.plebania.hu\/wp-content\/uploads\/2019\/12\/12-2-1536x1024.jpg 1536w, https:\/\/marcali.plebania.hu\/wp-content\/uploads\/2019\/12\/12-2-2048x1365.jpg 2048w, https:\/\/marcali.plebania.hu\/wp-content\/uploads\/2019\/12\/12-2-405x270.jpg 405w\" sizes=\"auto, (max-width: 1024px) 100vw, 1024px\" \/><\/figure><\/li><li class=\"blocks-gallery-item\"><figure><img loading=\"lazy\" decoding=\"async\" width=\"1024\" height=\"683\" src=\"https:\/\/marcali.plebania.hu\/wp-content\/uploads\/2019\/12\/13-1-1024x683.jpg\" alt=\"\" data-id=\"1392\" data-full-url=\"https:\/\/marcali.plebania.hu\/wp-content\/uploads\/2019\/12\/13-1-scaled.jpg\" data-link=\"https:\/\/marcali.plebania.hu\/?attachment_id=1392\" class=\"wp-image-1392\" srcset=\"https:\/\/marcali.plebania.hu\/wp-content\/uploads\/2019\/12\/13-1-1024x683.jpg 1024w, https:\/\/marcali.plebania.hu\/wp-content\/uploads\/2019\/12\/13-1-300x200.jpg 300w, https:\/\/marcali.plebania.hu\/wp-content\/uploads\/2019\/12\/13-1-768x512.jpg 768w, https:\/\/marcali.plebania.hu\/wp-content\/uploads\/2019\/12\/13-1-1536x1024.jpg 1536w, https:\/\/marcali.plebania.hu\/wp-content\/uploads\/2019\/12\/13-1-2048x1365.jpg 2048w, https:\/\/marcali.plebania.hu\/wp-content\/uploads\/2019\/12\/13-1-405x270.jpg 405w\" sizes=\"auto, (max-width: 1024px) 100vw, 1024px\" \/><\/figure><\/li><li class=\"blocks-gallery-item\"><figure><img loading=\"lazy\" decoding=\"async\" width=\"1024\" height=\"683\" src=\"https:\/\/marcali.plebania.hu\/wp-content\/uploads\/2019\/12\/14-2-1024x683.jpg\" alt=\"\" data-id=\"1393\" data-full-url=\"https:\/\/marcali.plebania.hu\/wp-content\/uploads\/2019\/12\/14-2-scaled.jpg\" data-link=\"https:\/\/marcali.plebania.hu\/?attachment_id=1393\" class=\"wp-image-1393\" srcset=\"https:\/\/marcali.plebania.hu\/wp-content\/uploads\/2019\/12\/14-2-1024x683.jpg 1024w, https:\/\/marcali.plebania.hu\/wp-content\/uploads\/2019\/12\/14-2-300x200.jpg 300w, https:\/\/marcali.plebania.hu\/wp-content\/uploads\/2019\/12\/14-2-768x512.jpg 768w, https:\/\/marcali.plebania.hu\/wp-content\/uploads\/2019\/12\/14-2-1536x1024.jpg 1536w, https:\/\/marcali.plebania.hu\/wp-content\/uploads\/2019\/12\/14-2-2048x1365.jpg 2048w, https:\/\/marcali.plebania.hu\/wp-content\/uploads\/2019\/12\/14-2-405x270.jpg 405w\" sizes=\"auto, (max-width: 1024px) 100vw, 1024px\" \/><\/figure><\/li><\/ul><\/figure>\n\n\n\n<p>Az idei esztend\u0151ben 52 csomagot\nk\u00e9sz\u00edtettek, amelyb\u0151l az id\u00e9n is a hajl\u00e9ktalanok, a GAMESZ szoci\u00e1lisan\nr\u00e1szorul\u00f3 k\u00f6zmunk\u00e1sai, valamint h\u00e1tr\u00e1nyos helyzet\u0171, vagy \u00e9ppens\u00e9ggel a\nnagycsal\u00e1dosok r\u00e9szes\u00fcltek, akik h\u00e1l\u00e1san megk\u00f6sz\u00f6nt\u00e9k \u00e9s nagy \u00f6r\u00f6mmel vett\u00e9k \u00e1t\naz aj\u00e1nd\u00e9kokat.<\/p>\n","protected":false},"excerpt":{"rendered":"<p>2019. december 20-\u00e1n, p\u00e9nteken d\u00e9lut\u00e1n a Marcali Karit\u00e1sz Csoport a pl\u00e9b\u00e1niatemplomba h\u00edvta a helybeli neh\u00e9zsors\u00fa csal\u00e1dokat, \u00e9s hajl\u00e9ktalanokat, akiket a k\u00f6zelg\u0151 \u00fcnnep alkalm\u00e1val tart\u00f3s \u00e9lelmiszercsomagokkal aj\u00e1nd\u00e9kozott meg. A megh\u00edvottakat Kiss Iv\u00e1n c. pr\u00e9post, esperes-pl\u00e9b\u00e1nos fogadta, aki egy k\u00f6z\u00f6s im\u00e1ds\u00e1g \u00e9s \u00e9nek elhangz\u00e1sa ut\u00e1n besz\u00e9lt nekik Kar\u00e1csony \u00fcnnep\u00e9r\u0151l, majd szentk\u00e9peket adott a jelenl\u00e9v\u0151knek. Ezut\u00e1n S\u00e1voly Andrea, a Karit\u00e1sz Csoport vezet\u0151je \u00e9s Szab\u00f3 Gyula, a GAMESZ k\u00e9pviselet\u00e9ben k\u00f6sz\u00f6nt\u00f6tte a r\u00e1szorul\u00f3kat \u00e9s k\u00edv\u00e1nt mindenkinek \u00e1ldott \u00fcnnepeket. Majd pedig az \u00f6nk\u00e9ntes seg\u00edt\u0151k k\u00f6zrem\u0171k\u00f6d\u00e9s\u00e9vel kiosztott\u00e1k&#8230;<\/p>\n<p class=\"read-more\"><a class=\"btn btn-default\" href=\"https:\/\/marcali.plebania.hu\/?p=1385\"> Read More<span class=\"screen-reader-text\">  Read More<\/span><\/a><\/p>\n","protected":false},"author":2,"featured_media":0,"comment_status":"closed","ping_status":"open","sticky":false,"template":"","format":"standard","meta":{"footnotes":""},"categories":[1],"tags":[],"class_list":["post-1385","post","type-post","status-publish","format-standard","hentry","category-egyeb"],"_links":{"self":[{"href":"https:\/\/marcali.plebania.hu\/index.php?rest_route=\/wp\/v2\/posts\/1385","targetHints":{"allow":["GET"]}}],"collection":[{"href":"https:\/\/marcali.plebania.hu\/index.php?rest_route=\/wp\/v2\/posts"}],"about":[{"href":"https:\/\/marcali.plebania.hu\/index.php?rest_route=\/wp\/v2\/types\/post"}],"author":[{"embeddable":true,"href":"https:\/\/marcali.plebania.hu\/index.php?rest_route=\/wp\/v2\/users\/2"}],"replies":[{"embeddable":true,"href":"https:\/\/marcali.plebania.hu\/index.php?rest_route=%2Fwp%2Fv2%2Fcomments&post=1385"}],"version-history":[{"count":1,"href":"https:\/\/marcali.plebania.hu\/index.php?rest_route=\/wp\/v2\/posts\/1385\/revisions"}],"predecessor-version":[{"id":1394,"href":"https:\/\/marcali.plebania.hu\/index.php?rest_route=\/wp\/v2\/posts\/1385\/revisions\/1394"}],"wp:attachment":[{"href":"https:\/\/marcali.plebania.hu\/index.php?rest_route=%2Fwp%2Fv2%2Fmedia&parent=1385"}],"wp:term":[{"taxonomy":"category","embeddable":true,"href":"https:\/\/marcali.plebania.hu\/index.php?rest_route=%2Fwp%2Fv2%2Fcategories&post=1385"},{"taxonomy":"post_tag","embeddable":true,"href":"https:\/\/marcali.plebania.hu\/index.php?rest_route=%2Fwp%2Fv2%2Ftags&post=1385"}],"curies":[{"name":"wp","href":"https:\/\/api.w.org\/{rel}","templated":true}]}}