{"id":1395,"date":"2019-12-28T22:09:01","date_gmt":"2019-12-28T22:09:01","guid":{"rendered":"https:\/\/marcali.plebania.hu\/?p=1395"},"modified":"2019-12-28T22:09:01","modified_gmt":"2019-12-28T22:09:01","slug":"meggyujtottak-a-negyedik-adventi-gyertyat","status":"publish","type":"post","link":"https:\/\/marcali.plebania.hu\/?p=1395","title":{"rendered":"Meggy\u00fajtott\u00e1k a negyedik \u00e1dventi gyerty\u00e1t"},"content":{"rendered":"\n<p>2019. december 21-\u00e9n, szombaton este 17 \u00f3rakor a Gy\u00fcm\u00f6lcsolt\u00f3 Boldogasszony pl\u00e9b\u00e1niatemplom el\u0151tti t\u00e9ren \u00e1ll\u00f3 k\u00fclt\u00e9ri \u00e1dventi koszor\u00fan meggy\u00fajtott\u00e1k a negyedik gyerty\u00e1t is.<\/p>\n\n\n\n<figure class=\"wp-block-gallery columns-3 is-cropped wp-block-gallery-1 is-layout-flex wp-block-gallery-is-layout-flex\"><ul class=\"blocks-gallery-grid\"><li class=\"blocks-gallery-item\"><figure><img loading=\"lazy\" decoding=\"async\" width=\"1024\" height=\"683\" src=\"https:\/\/marcali.plebania.hu\/wp-content\/uploads\/2019\/12\/02-5-1024x683.jpg\" alt=\"\" data-id=\"1396\" data-link=\"https:\/\/marcali.plebania.hu\/?attachment_id=1396\" class=\"wp-image-1396\" srcset=\"https:\/\/marcali.plebania.hu\/wp-content\/uploads\/2019\/12\/02-5-1024x683.jpg 1024w, https:\/\/marcali.plebania.hu\/wp-content\/uploads\/2019\/12\/02-5-300x200.jpg 300w, https:\/\/marcali.plebania.hu\/wp-content\/uploads\/2019\/12\/02-5-768x512.jpg 768w, https:\/\/marcali.plebania.hu\/wp-content\/uploads\/2019\/12\/02-5-1536x1024.jpg 1536w, https:\/\/marcali.plebania.hu\/wp-content\/uploads\/2019\/12\/02-5-2048x1365.jpg 2048w, https:\/\/marcali.plebania.hu\/wp-content\/uploads\/2019\/12\/02-5-405x270.jpg 405w\" sizes=\"auto, (max-width: 1024px) 100vw, 1024px\" \/><\/figure><\/li><li class=\"blocks-gallery-item\"><figure><img loading=\"lazy\" decoding=\"async\" width=\"1024\" height=\"683\" src=\"https:\/\/marcali.plebania.hu\/wp-content\/uploads\/2019\/12\/06-5-1024x683.jpg\" alt=\"\" data-id=\"1397\" data-link=\"https:\/\/marcali.plebania.hu\/?attachment_id=1397\" class=\"wp-image-1397\" srcset=\"https:\/\/marcali.plebania.hu\/wp-content\/uploads\/2019\/12\/06-5-1024x683.jpg 1024w, https:\/\/marcali.plebania.hu\/wp-content\/uploads\/2019\/12\/06-5-300x200.jpg 300w, https:\/\/marcali.plebania.hu\/wp-content\/uploads\/2019\/12\/06-5-768x512.jpg 768w, https:\/\/marcali.plebania.hu\/wp-content\/uploads\/2019\/12\/06-5-1536x1024.jpg 1536w, https:\/\/marcali.plebania.hu\/wp-content\/uploads\/2019\/12\/06-5-2048x1365.jpg 2048w, https:\/\/marcali.plebania.hu\/wp-content\/uploads\/2019\/12\/06-5-405x270.jpg 405w\" sizes=\"auto, (max-width: 1024px) 100vw, 1024px\" \/><\/figure><\/li><li class=\"blocks-gallery-item\"><figure><img loading=\"lazy\" decoding=\"async\" width=\"1024\" height=\"683\" src=\"https:\/\/marcali.plebania.hu\/wp-content\/uploads\/2019\/12\/08-2-1024x683.jpg\" alt=\"\" data-id=\"1398\" data-full-url=\"https:\/\/marcali.plebania.hu\/wp-content\/uploads\/2019\/12\/08-2-scaled.jpg\" data-link=\"https:\/\/marcali.plebania.hu\/?attachment_id=1398\" class=\"wp-image-1398\" srcset=\"https:\/\/marcali.plebania.hu\/wp-content\/uploads\/2019\/12\/08-2-1024x683.jpg 1024w, https:\/\/marcali.plebania.hu\/wp-content\/uploads\/2019\/12\/08-2-300x200.jpg 300w, https:\/\/marcali.plebania.hu\/wp-content\/uploads\/2019\/12\/08-2-768x512.jpg 768w, https:\/\/marcali.plebania.hu\/wp-content\/uploads\/2019\/12\/08-2-1536x1024.jpg 1536w, https:\/\/marcali.plebania.hu\/wp-content\/uploads\/2019\/12\/08-2-2048x1365.jpg 2048w, https:\/\/marcali.plebania.hu\/wp-content\/uploads\/2019\/12\/08-2-405x270.jpg 405w\" sizes=\"auto, (max-width: 1024px) 100vw, 1024px\" \/><\/figure><\/li><li class=\"blocks-gallery-item\"><figure><img loading=\"lazy\" decoding=\"async\" width=\"1024\" height=\"683\" src=\"https:\/\/marcali.plebania.hu\/wp-content\/uploads\/2019\/12\/09-3-1024x683.jpg\" alt=\"\" data-id=\"1399\" data-full-url=\"https:\/\/marcali.plebania.hu\/wp-content\/uploads\/2019\/12\/09-3-scaled.jpg\" data-link=\"https:\/\/marcali.plebania.hu\/?attachment_id=1399\" class=\"wp-image-1399\" srcset=\"https:\/\/marcali.plebania.hu\/wp-content\/uploads\/2019\/12\/09-3-1024x683.jpg 1024w, https:\/\/marcali.plebania.hu\/wp-content\/uploads\/2019\/12\/09-3-300x200.jpg 300w, https:\/\/marcali.plebania.hu\/wp-content\/uploads\/2019\/12\/09-3-768x512.jpg 768w, https:\/\/marcali.plebania.hu\/wp-content\/uploads\/2019\/12\/09-3-1536x1024.jpg 1536w, https:\/\/marcali.plebania.hu\/wp-content\/uploads\/2019\/12\/09-3-2048x1365.jpg 2048w, https:\/\/marcali.plebania.hu\/wp-content\/uploads\/2019\/12\/09-3-405x270.jpg 405w\" sizes=\"auto, (max-width: 1024px) 100vw, 1024px\" \/><\/figure><\/li><\/ul><\/figure>\n\n\n\n<p>A megjelenteket Kiss Iv\u00e1n c. pr\u00e9post, esperes-pl\u00e9b\u00e1nos k\u00f6sz\u00f6nt\u00f6tte, majd bevezet\u0151je ut\u00e1n a marcali hittanos di\u00e1kok \u00fcnnepi zen\u00e9s-verses \u00f6ssze\u00e1ll\u00edt\u00e1sa k\u00f6vetkezett. V\u00e9g\u00fcl a negyedik, lila sz\u00edn\u0171 gyerty\u00e1t az egyik tanul\u00f3 gy\u00fajtotta meg, Patk\u00f3 Imre, a Noszlopy G\u00e1sp\u00e1r \u00c1ltal\u00e1nos \u00e9s Alapfok\u00fa M\u0171v\u00e9szeti Iskola igazgat\u00f3ja \u00e9s Iv\u00e1n atya k\u00eds\u00e9ret\u00e9ben.<\/p>\n\n\n\n<figure class=\"wp-block-gallery columns-3 is-cropped wp-block-gallery-2 is-layout-flex wp-block-gallery-is-layout-flex\"><ul class=\"blocks-gallery-grid\"><li class=\"blocks-gallery-item\"><figure><img loading=\"lazy\" decoding=\"async\" width=\"1024\" height=\"683\" src=\"https:\/\/marcali.plebania.hu\/wp-content\/uploads\/2019\/12\/15-2-1024x683.jpg\" alt=\"\" data-id=\"1400\" data-link=\"https:\/\/marcali.plebania.hu\/?attachment_id=1400\" class=\"wp-image-1400\" srcset=\"https:\/\/marcali.plebania.hu\/wp-content\/uploads\/2019\/12\/15-2-1024x683.jpg 1024w, https:\/\/marcali.plebania.hu\/wp-content\/uploads\/2019\/12\/15-2-300x200.jpg 300w, https:\/\/marcali.plebania.hu\/wp-content\/uploads\/2019\/12\/15-2-768x512.jpg 768w, https:\/\/marcali.plebania.hu\/wp-content\/uploads\/2019\/12\/15-2-1536x1024.jpg 1536w, https:\/\/marcali.plebania.hu\/wp-content\/uploads\/2019\/12\/15-2-2048x1365.jpg 2048w, https:\/\/marcali.plebania.hu\/wp-content\/uploads\/2019\/12\/15-2-405x270.jpg 405w\" sizes=\"auto, (max-width: 1024px) 100vw, 1024px\" \/><\/figure><\/li><li class=\"blocks-gallery-item\"><figure><img loading=\"lazy\" decoding=\"async\" width=\"1024\" height=\"683\" src=\"https:\/\/marcali.plebania.hu\/wp-content\/uploads\/2019\/12\/16-4-1024x683.jpg\" alt=\"\" data-id=\"1401\" data-link=\"https:\/\/marcali.plebania.hu\/?attachment_id=1401\" class=\"wp-image-1401\" srcset=\"https:\/\/marcali.plebania.hu\/wp-content\/uploads\/2019\/12\/16-4-1024x683.jpg 1024w, https:\/\/marcali.plebania.hu\/wp-content\/uploads\/2019\/12\/16-4-300x200.jpg 300w, https:\/\/marcali.plebania.hu\/wp-content\/uploads\/2019\/12\/16-4-768x512.jpg 768w, https:\/\/marcali.plebania.hu\/wp-content\/uploads\/2019\/12\/16-4-1536x1024.jpg 1536w, https:\/\/marcali.plebania.hu\/wp-content\/uploads\/2019\/12\/16-4-2048x1365.jpg 2048w, https:\/\/marcali.plebania.hu\/wp-content\/uploads\/2019\/12\/16-4-405x270.jpg 405w\" sizes=\"auto, (max-width: 1024px) 100vw, 1024px\" \/><\/figure><\/li><li class=\"blocks-gallery-item\"><figure><img loading=\"lazy\" decoding=\"async\" width=\"1024\" height=\"683\" src=\"https:\/\/marcali.plebania.hu\/wp-content\/uploads\/2019\/12\/24-3-1024x683.jpg\" alt=\"\" data-id=\"1402\" data-link=\"https:\/\/marcali.plebania.hu\/?attachment_id=1402\" class=\"wp-image-1402\" srcset=\"https:\/\/marcali.plebania.hu\/wp-content\/uploads\/2019\/12\/24-3-1024x683.jpg 1024w, https:\/\/marcali.plebania.hu\/wp-content\/uploads\/2019\/12\/24-3-300x200.jpg 300w, https:\/\/marcali.plebania.hu\/wp-content\/uploads\/2019\/12\/24-3-768x512.jpg 768w, https:\/\/marcali.plebania.hu\/wp-content\/uploads\/2019\/12\/24-3-1536x1024.jpg 1536w, https:\/\/marcali.plebania.hu\/wp-content\/uploads\/2019\/12\/24-3-2048x1365.jpg 2048w, https:\/\/marcali.plebania.hu\/wp-content\/uploads\/2019\/12\/24-3-405x270.jpg 405w\" sizes=\"auto, (max-width: 1024px) 100vw, 1024px\" \/><\/figure><\/li><li class=\"blocks-gallery-item\"><figure><img loading=\"lazy\" decoding=\"async\" width=\"1024\" height=\"683\" src=\"https:\/\/marcali.plebania.hu\/wp-content\/uploads\/2019\/12\/25-1-1024x683.jpg\" alt=\"\" data-id=\"1403\" data-full-url=\"https:\/\/marcali.plebania.hu\/wp-content\/uploads\/2019\/12\/25-1-scaled.jpg\" data-link=\"https:\/\/marcali.plebania.hu\/?attachment_id=1403\" class=\"wp-image-1403\" srcset=\"https:\/\/marcali.plebania.hu\/wp-content\/uploads\/2019\/12\/25-1-1024x683.jpg 1024w, https:\/\/marcali.plebania.hu\/wp-content\/uploads\/2019\/12\/25-1-300x200.jpg 300w, https:\/\/marcali.plebania.hu\/wp-content\/uploads\/2019\/12\/25-1-768x512.jpg 768w, https:\/\/marcali.plebania.hu\/wp-content\/uploads\/2019\/12\/25-1-1536x1024.jpg 1536w, https:\/\/marcali.plebania.hu\/wp-content\/uploads\/2019\/12\/25-1-2048x1365.jpg 2048w, https:\/\/marcali.plebania.hu\/wp-content\/uploads\/2019\/12\/25-1-405x270.jpg 405w\" sizes=\"auto, (max-width: 1024px) 100vw, 1024px\" \/><\/figure><\/li><\/ul><\/figure>\n","protected":false},"excerpt":{"rendered":"<p>2019. december 21-\u00e9n, szombaton este 17 \u00f3rakor a Gy\u00fcm\u00f6lcsolt\u00f3 Boldogasszony pl\u00e9b\u00e1niatemplom el\u0151tti t\u00e9ren \u00e1ll\u00f3 k\u00fclt\u00e9ri \u00e1dventi koszor\u00fan meggy\u00fajtott\u00e1k a negyedik gyerty\u00e1t is. A megjelenteket Kiss Iv\u00e1n c. pr\u00e9post, esperes-pl\u00e9b\u00e1nos k\u00f6sz\u00f6nt\u00f6tte, majd bevezet\u0151je ut\u00e1n a marcali hittanos di\u00e1kok \u00fcnnepi zen\u00e9s-verses \u00f6ssze\u00e1ll\u00edt\u00e1sa k\u00f6vetkezett. V\u00e9g\u00fcl a negyedik, lila sz\u00edn\u0171 gyerty\u00e1t az egyik tanul\u00f3 gy\u00fajtotta meg, Patk\u00f3 Imre, a Noszlopy G\u00e1sp\u00e1r \u00c1ltal\u00e1nos \u00e9s Alapfok\u00fa M\u0171v\u00e9szeti Iskola igazgat\u00f3ja \u00e9s Iv\u00e1n atya k\u00eds\u00e9ret\u00e9ben.<\/p>\n","protected":false},"author":2,"featured_media":0,"comment_status":"closed","ping_status":"open","sticky":false,"template":"","format":"standard","meta":{"footnotes":""},"categories":[1],"tags":[],"class_list":["post-1395","post","type-post","status-publish","format-standard","hentry","category-egyeb"],"_links":{"self":[{"href":"https:\/\/marcali.plebania.hu\/index.php?rest_route=\/wp\/v2\/posts\/1395","targetHints":{"allow":["GET"]}}],"collection":[{"href":"https:\/\/marcali.plebania.hu\/index.php?rest_route=\/wp\/v2\/posts"}],"about":[{"href":"https:\/\/marcali.plebania.hu\/index.php?rest_route=\/wp\/v2\/types\/post"}],"author":[{"embeddable":true,"href":"https:\/\/marcali.plebania.hu\/index.php?rest_route=\/wp\/v2\/users\/2"}],"replies":[{"embeddable":true,"href":"https:\/\/marcali.plebania.hu\/index.php?rest_route=%2Fwp%2Fv2%2Fcomments&post=1395"}],"version-history":[{"count":1,"href":"https:\/\/marcali.plebania.hu\/index.php?rest_route=\/wp\/v2\/posts\/1395\/revisions"}],"predecessor-version":[{"id":1404,"href":"https:\/\/marcali.plebania.hu\/index.php?rest_route=\/wp\/v2\/posts\/1395\/revisions\/1404"}],"wp:attachment":[{"href":"https:\/\/marcali.plebania.hu\/index.php?rest_route=%2Fwp%2Fv2%2Fmedia&parent=1395"}],"wp:term":[{"taxonomy":"category","embeddable":true,"href":"https:\/\/marcali.plebania.hu\/index.php?rest_route=%2Fwp%2Fv2%2Fcategories&post=1395"},{"taxonomy":"post_tag","embeddable":true,"href":"https:\/\/marcali.plebania.hu\/index.php?rest_route=%2Fwp%2Fv2%2Ftags&post=1395"}],"curies":[{"name":"wp","href":"https:\/\/api.w.org\/{rel}","templated":true}]}}