{"id":1412,"date":"2019-12-28T22:31:23","date_gmt":"2019-12-28T22:31:23","guid":{"rendered":"https:\/\/marcali.plebania.hu\/?p=1412"},"modified":"2019-12-28T22:31:23","modified_gmt":"2019-12-28T22:31:23","slug":"szentmise-a-vorsi-betlehemnel-advent-4-vasarnapjan","status":"publish","type":"post","link":"https:\/\/marcali.plebania.hu\/?p=1412","title":{"rendered":"Szentmise a v\u00f6rsi betlehemn\u00e9l \u00e1dvent 4. vas\u00e1rnapj\u00e1n"},"content":{"rendered":"\n<p>2019. december 22-\u00e9n, \u00e1dvent 4. vas\u00e1rnapj\u00e1n, a v\u00f6rsi templomban, 14 \u00f3rakor Kiss Iv\u00e1n c. pr\u00e9post, a Somogyv\u00e1ri Esperesi Ker\u00fclet esperese, marcali pl\u00e9b\u00e1nos celebr\u00e1lta az \u00fcnnepi szentmis\u00e9t. Az \u00e1dventi koszor\u00fan meggy\u00fajtott\u00e1k a 4. gyerty\u00e1t, ezzel is jelezve, hogy m\u00e1r csak napok, \u00f3r\u00e1k vannak vissza a Megv\u00e1lt\u00f3 sz\u00fclet\u00e9s\u00e9nek napj\u00e1ig.<\/p>\n\n\n\n<figure class=\"wp-block-gallery columns-3 is-cropped wp-block-gallery-1 is-layout-flex wp-block-gallery-is-layout-flex\"><ul class=\"blocks-gallery-grid\"><li class=\"blocks-gallery-item\"><figure><img loading=\"lazy\" decoding=\"async\" width=\"1024\" height=\"683\" src=\"https:\/\/marcali.plebania.hu\/wp-content\/uploads\/2019\/12\/02-6-1024x683.jpg\" alt=\"\" data-id=\"1413\" data-link=\"https:\/\/marcali.plebania.hu\/?attachment_id=1413\" class=\"wp-image-1413\" srcset=\"https:\/\/marcali.plebania.hu\/wp-content\/uploads\/2019\/12\/02-6-1024x683.jpg 1024w, https:\/\/marcali.plebania.hu\/wp-content\/uploads\/2019\/12\/02-6-300x200.jpg 300w, https:\/\/marcali.plebania.hu\/wp-content\/uploads\/2019\/12\/02-6-768x512.jpg 768w, https:\/\/marcali.plebania.hu\/wp-content\/uploads\/2019\/12\/02-6-1536x1024.jpg 1536w, https:\/\/marcali.plebania.hu\/wp-content\/uploads\/2019\/12\/02-6-2048x1365.jpg 2048w, https:\/\/marcali.plebania.hu\/wp-content\/uploads\/2019\/12\/02-6-405x270.jpg 405w\" sizes=\"auto, (max-width: 1024px) 100vw, 1024px\" \/><\/figure><\/li><li class=\"blocks-gallery-item\"><figure><img loading=\"lazy\" decoding=\"async\" width=\"1024\" height=\"683\" src=\"https:\/\/marcali.plebania.hu\/wp-content\/uploads\/2019\/12\/08-3-1024x683.jpg\" alt=\"\" data-id=\"1414\" data-link=\"https:\/\/marcali.plebania.hu\/?attachment_id=1414\" class=\"wp-image-1414\" srcset=\"https:\/\/marcali.plebania.hu\/wp-content\/uploads\/2019\/12\/08-3-1024x683.jpg 1024w, https:\/\/marcali.plebania.hu\/wp-content\/uploads\/2019\/12\/08-3-300x200.jpg 300w, https:\/\/marcali.plebania.hu\/wp-content\/uploads\/2019\/12\/08-3-768x512.jpg 768w, https:\/\/marcali.plebania.hu\/wp-content\/uploads\/2019\/12\/08-3-1536x1024.jpg 1536w, https:\/\/marcali.plebania.hu\/wp-content\/uploads\/2019\/12\/08-3-2048x1365.jpg 2048w, https:\/\/marcali.plebania.hu\/wp-content\/uploads\/2019\/12\/08-3-405x270.jpg 405w\" sizes=\"auto, (max-width: 1024px) 100vw, 1024px\" \/><\/figure><\/li><li class=\"blocks-gallery-item\"><figure><img loading=\"lazy\" decoding=\"async\" width=\"1024\" height=\"683\" src=\"https:\/\/marcali.plebania.hu\/wp-content\/uploads\/2019\/12\/35-1-1024x683.jpg\" alt=\"\" data-id=\"1415\" data-link=\"https:\/\/marcali.plebania.hu\/?attachment_id=1415\" class=\"wp-image-1415\" srcset=\"https:\/\/marcali.plebania.hu\/wp-content\/uploads\/2019\/12\/35-1-1024x683.jpg 1024w, https:\/\/marcali.plebania.hu\/wp-content\/uploads\/2019\/12\/35-1-300x200.jpg 300w, https:\/\/marcali.plebania.hu\/wp-content\/uploads\/2019\/12\/35-1-768x512.jpg 768w, https:\/\/marcali.plebania.hu\/wp-content\/uploads\/2019\/12\/35-1-1536x1024.jpg 1536w, https:\/\/marcali.plebania.hu\/wp-content\/uploads\/2019\/12\/35-1-2048x1365.jpg 2048w, https:\/\/marcali.plebania.hu\/wp-content\/uploads\/2019\/12\/35-1-405x270.jpg 405w\" sizes=\"auto, (max-width: 1024px) 100vw, 1024px\" \/><\/figure><\/li><li class=\"blocks-gallery-item\"><figure><img loading=\"lazy\" decoding=\"async\" width=\"1024\" height=\"683\" src=\"https:\/\/marcali.plebania.hu\/wp-content\/uploads\/2019\/12\/22-2-1024x683.jpg\" alt=\"\" data-id=\"1416\" data-full-url=\"https:\/\/marcali.plebania.hu\/wp-content\/uploads\/2019\/12\/22-2-scaled.jpg\" data-link=\"https:\/\/marcali.plebania.hu\/?attachment_id=1416\" class=\"wp-image-1416\" srcset=\"https:\/\/marcali.plebania.hu\/wp-content\/uploads\/2019\/12\/22-2-1024x683.jpg 1024w, https:\/\/marcali.plebania.hu\/wp-content\/uploads\/2019\/12\/22-2-300x200.jpg 300w, https:\/\/marcali.plebania.hu\/wp-content\/uploads\/2019\/12\/22-2-768x512.jpg 768w, https:\/\/marcali.plebania.hu\/wp-content\/uploads\/2019\/12\/22-2-1536x1024.jpg 1536w, https:\/\/marcali.plebania.hu\/wp-content\/uploads\/2019\/12\/22-2-2048x1365.jpg 2048w, https:\/\/marcali.plebania.hu\/wp-content\/uploads\/2019\/12\/22-2-405x270.jpg 405w\" sizes=\"auto, (max-width: 1024px) 100vw, 1024px\" \/><\/figure><\/li><\/ul><\/figure>\n\n\n\n<p>A d\u00e9lut\u00e1ni program r\u00e9szek\u00e9nt el\u0151sz\u00f6r a Marcali F\u00e9ny Gyermekei Zenekar tartott zen\u00e9s \u00e1h\u00edtatot a kar\u00e1csonyra val\u00f3 r\u00e1hangol\u00f3d\u00e1s r\u00e9szek\u00e9nt, mik\u00f6zben sokan megcsod\u00e1lhatt\u00e1k Magyarorsz\u00e1g legnagyobb belt\u00e9ri betlehem\u00e9t, ami az el\u0151z\u0151 \u00e9vekhez k\u00e9pest is j\u00f3l l\u00e1that\u00f3an \u00fajabb elemekkel b\u0151v\u00fclt.<\/p>\n\n\n\n<figure class=\"wp-block-gallery columns-3 is-cropped wp-block-gallery-2 is-layout-flex wp-block-gallery-is-layout-flex\"><ul class=\"blocks-gallery-grid\"><li class=\"blocks-gallery-item\"><figure><img loading=\"lazy\" decoding=\"async\" width=\"1024\" height=\"683\" src=\"https:\/\/marcali.plebania.hu\/wp-content\/uploads\/2019\/12\/13-2-1024x683.jpg\" alt=\"\" data-id=\"1417\" data-link=\"https:\/\/marcali.plebania.hu\/?attachment_id=1417\" class=\"wp-image-1417\" srcset=\"https:\/\/marcali.plebania.hu\/wp-content\/uploads\/2019\/12\/13-2-1024x683.jpg 1024w, https:\/\/marcali.plebania.hu\/wp-content\/uploads\/2019\/12\/13-2-300x200.jpg 300w, https:\/\/marcali.plebania.hu\/wp-content\/uploads\/2019\/12\/13-2-768x512.jpg 768w, https:\/\/marcali.plebania.hu\/wp-content\/uploads\/2019\/12\/13-2-1536x1024.jpg 1536w, https:\/\/marcali.plebania.hu\/wp-content\/uploads\/2019\/12\/13-2-2048x1365.jpg 2048w, https:\/\/marcali.plebania.hu\/wp-content\/uploads\/2019\/12\/13-2-405x270.jpg 405w\" sizes=\"auto, (max-width: 1024px) 100vw, 1024px\" \/><\/figure><\/li><li class=\"blocks-gallery-item\"><figure><img loading=\"lazy\" decoding=\"async\" width=\"1024\" height=\"683\" src=\"https:\/\/marcali.plebania.hu\/wp-content\/uploads\/2019\/12\/31-1024x683.jpg\" alt=\"\" data-id=\"1419\" data-link=\"https:\/\/marcali.plebania.hu\/?attachment_id=1419\" class=\"wp-image-1419\" srcset=\"https:\/\/marcali.plebania.hu\/wp-content\/uploads\/2019\/12\/31-1024x683.jpg 1024w, https:\/\/marcali.plebania.hu\/wp-content\/uploads\/2019\/12\/31-300x200.jpg 300w, https:\/\/marcali.plebania.hu\/wp-content\/uploads\/2019\/12\/31-768x512.jpg 768w, https:\/\/marcali.plebania.hu\/wp-content\/uploads\/2019\/12\/31-1536x1024.jpg 1536w, https:\/\/marcali.plebania.hu\/wp-content\/uploads\/2019\/12\/31-2048x1365.jpg 2048w, https:\/\/marcali.plebania.hu\/wp-content\/uploads\/2019\/12\/31-405x270.jpg 405w\" sizes=\"auto, (max-width: 1024px) 100vw, 1024px\" \/><\/figure><\/li><li class=\"blocks-gallery-item\"><figure><img loading=\"lazy\" decoding=\"async\" width=\"1024\" height=\"683\" src=\"https:\/\/marcali.plebania.hu\/wp-content\/uploads\/2019\/12\/33-1-1024x683.jpg\" alt=\"\" data-id=\"1420\" data-link=\"https:\/\/marcali.plebania.hu\/?attachment_id=1420\" class=\"wp-image-1420\" srcset=\"https:\/\/marcali.plebania.hu\/wp-content\/uploads\/2019\/12\/33-1-1024x683.jpg 1024w, https:\/\/marcali.plebania.hu\/wp-content\/uploads\/2019\/12\/33-1-300x200.jpg 300w, https:\/\/marcali.plebania.hu\/wp-content\/uploads\/2019\/12\/33-1-768x512.jpg 768w, https:\/\/marcali.plebania.hu\/wp-content\/uploads\/2019\/12\/33-1-1536x1024.jpg 1536w, https:\/\/marcali.plebania.hu\/wp-content\/uploads\/2019\/12\/33-1-2048x1365.jpg 2048w, https:\/\/marcali.plebania.hu\/wp-content\/uploads\/2019\/12\/33-1-405x270.jpg 405w\" sizes=\"auto, (max-width: 1024px) 100vw, 1024px\" \/><\/figure><\/li><li class=\"blocks-gallery-item\"><figure><img loading=\"lazy\" decoding=\"async\" width=\"1024\" height=\"683\" src=\"https:\/\/marcali.plebania.hu\/wp-content\/uploads\/2019\/12\/39-1024x683.jpg\" alt=\"\" data-id=\"1421\" data-full-url=\"https:\/\/marcali.plebania.hu\/wp-content\/uploads\/2019\/12\/39-scaled.jpg\" data-link=\"https:\/\/marcali.plebania.hu\/?attachment_id=1421\" class=\"wp-image-1421\" srcset=\"https:\/\/marcali.plebania.hu\/wp-content\/uploads\/2019\/12\/39-1024x683.jpg 1024w, https:\/\/marcali.plebania.hu\/wp-content\/uploads\/2019\/12\/39-300x200.jpg 300w, https:\/\/marcali.plebania.hu\/wp-content\/uploads\/2019\/12\/39-768x512.jpg 768w, https:\/\/marcali.plebania.hu\/wp-content\/uploads\/2019\/12\/39-1536x1024.jpg 1536w, https:\/\/marcali.plebania.hu\/wp-content\/uploads\/2019\/12\/39-2048x1365.jpg 2048w, https:\/\/marcali.plebania.hu\/wp-content\/uploads\/2019\/12\/39-405x270.jpg 405w\" sizes=\"auto, (max-width: 1024px) 100vw, 1024px\" \/><\/figure><\/li><\/ul><\/figure>\n\n\n\n<p>Majd az istentiszteleten Ungv\u00e1rszki Imre balatonszentgy\u00f6rgyi pl\u00e9b\u00e1nos \u00e9s N\u00e9meth Endre cs\u00e1k\u00e1nyi diak\u00f3nus mis\u00e9zett egy\u00fctt Iv\u00e1n aty\u00e1val, aki szentbesz\u00e9d\u00e9ben az \u00fcnnep jelent\u0151s\u00e9g\u00e9t hangs\u00falyozta \u00e9s kiemelte, hogy a dr\u00e1ga holmik v\u00e1s\u00e1rl\u00e1sa helyett ink\u00e1bb az Istennel val\u00f3 kapcsolatra kellene t\u00f6rekednie mindenkinek. A szentmis\u00e9n Kozma Kriszti\u00e1n egy verssel, a marcali zenekar pedig git\u00e1ros \u00e9nekekkel m\u0171k\u00f6d\u00f6tt k\u00f6zre. Ezut\u00e1n a v\u00f6rsiek hagyom\u00e1nyos b\u00e1bt\u00e1ncoltat\u00f3 betlehemes j\u00e1t\u00e9ka z\u00e1rta a tartalmas d\u00e9lut\u00e1nt. A szakad\u00f3 es\u0151 ellen\u00e9re az id\u00e9n is sokan elj\u00f6ttek a k\u00f6rnyez\u0151 telep\u00fcl\u00e9sekr\u0151l.<\/p>\n\n\n\n<figure class=\"wp-block-gallery columns-3 wp-block-gallery-3 is-layout-flex wp-block-gallery-is-layout-flex\"><ul class=\"blocks-gallery-grid\"><li class=\"blocks-gallery-item\"><figure><img loading=\"lazy\" decoding=\"async\" width=\"1024\" height=\"683\" src=\"https:\/\/marcali.plebania.hu\/wp-content\/uploads\/2019\/12\/40-1024x683.jpg\" alt=\"\" data-id=\"1422\" data-link=\"https:\/\/marcali.plebania.hu\/?attachment_id=1422\" class=\"wp-image-1422\" srcset=\"https:\/\/marcali.plebania.hu\/wp-content\/uploads\/2019\/12\/40-1024x683.jpg 1024w, https:\/\/marcali.plebania.hu\/wp-content\/uploads\/2019\/12\/40-300x200.jpg 300w, https:\/\/marcali.plebania.hu\/wp-content\/uploads\/2019\/12\/40-768x512.jpg 768w, https:\/\/marcali.plebania.hu\/wp-content\/uploads\/2019\/12\/40-1536x1024.jpg 1536w, https:\/\/marcali.plebania.hu\/wp-content\/uploads\/2019\/12\/40-2048x1365.jpg 2048w, https:\/\/marcali.plebania.hu\/wp-content\/uploads\/2019\/12\/40-405x270.jpg 405w\" sizes=\"auto, (max-width: 1024px) 100vw, 1024px\" \/><\/figure><\/li><li class=\"blocks-gallery-item\"><figure><img loading=\"lazy\" decoding=\"async\" width=\"1024\" height=\"683\" src=\"https:\/\/marcali.plebania.hu\/wp-content\/uploads\/2019\/12\/42-1024x683.jpg\" alt=\"\" data-id=\"1423\" data-link=\"https:\/\/marcali.plebania.hu\/?attachment_id=1423\" class=\"wp-image-1423\" srcset=\"https:\/\/marcali.plebania.hu\/wp-content\/uploads\/2019\/12\/42-1024x683.jpg 1024w, https:\/\/marcali.plebania.hu\/wp-content\/uploads\/2019\/12\/42-300x200.jpg 300w, https:\/\/marcali.plebania.hu\/wp-content\/uploads\/2019\/12\/42-768x512.jpg 768w, https:\/\/marcali.plebania.hu\/wp-content\/uploads\/2019\/12\/42-1536x1024.jpg 1536w, https:\/\/marcali.plebania.hu\/wp-content\/uploads\/2019\/12\/42-2048x1365.jpg 2048w, https:\/\/marcali.plebania.hu\/wp-content\/uploads\/2019\/12\/42-405x270.jpg 405w\" sizes=\"auto, (max-width: 1024px) 100vw, 1024px\" \/><\/figure><\/li><li class=\"blocks-gallery-item\"><figure><img loading=\"lazy\" decoding=\"async\" width=\"1024\" height=\"683\" src=\"https:\/\/marcali.plebania.hu\/wp-content\/uploads\/2019\/12\/43-1024x683.jpg\" alt=\"\" data-id=\"1424\" data-link=\"https:\/\/marcali.plebania.hu\/?attachment_id=1424\" class=\"wp-image-1424\" srcset=\"https:\/\/marcali.plebania.hu\/wp-content\/uploads\/2019\/12\/43-1024x683.jpg 1024w, https:\/\/marcali.plebania.hu\/wp-content\/uploads\/2019\/12\/43-300x200.jpg 300w, https:\/\/marcali.plebania.hu\/wp-content\/uploads\/2019\/12\/43-768x512.jpg 768w, https:\/\/marcali.plebania.hu\/wp-content\/uploads\/2019\/12\/43-1536x1024.jpg 1536w, https:\/\/marcali.plebania.hu\/wp-content\/uploads\/2019\/12\/43-2048x1365.jpg 2048w, https:\/\/marcali.plebania.hu\/wp-content\/uploads\/2019\/12\/43-405x270.jpg 405w\" sizes=\"auto, (max-width: 1024px) 100vw, 1024px\" \/><\/figure><\/li><li class=\"blocks-gallery-item\"><figure><img loading=\"lazy\" decoding=\"async\" width=\"1024\" height=\"683\" src=\"https:\/\/marcali.plebania.hu\/wp-content\/uploads\/2019\/12\/48-1024x683.jpg\" alt=\"\" data-id=\"1425\" data-full-url=\"https:\/\/marcali.plebania.hu\/wp-content\/uploads\/2019\/12\/48-scaled.jpg\" data-link=\"https:\/\/marcali.plebania.hu\/?attachment_id=1425\" class=\"wp-image-1425\" srcset=\"https:\/\/marcali.plebania.hu\/wp-content\/uploads\/2019\/12\/48-1024x683.jpg 1024w, https:\/\/marcali.plebania.hu\/wp-content\/uploads\/2019\/12\/48-300x200.jpg 300w, https:\/\/marcali.plebania.hu\/wp-content\/uploads\/2019\/12\/48-768x512.jpg 768w, https:\/\/marcali.plebania.hu\/wp-content\/uploads\/2019\/12\/48-1536x1024.jpg 1536w, https:\/\/marcali.plebania.hu\/wp-content\/uploads\/2019\/12\/48-2048x1365.jpg 2048w, https:\/\/marcali.plebania.hu\/wp-content\/uploads\/2019\/12\/48-405x270.jpg 405w\" sizes=\"auto, (max-width: 1024px) 100vw, 1024px\" \/><\/figure><\/li><\/ul><\/figure>\n","protected":false},"excerpt":{"rendered":"<p>2019. december 22-\u00e9n, \u00e1dvent 4. vas\u00e1rnapj\u00e1n, a v\u00f6rsi templomban, 14 \u00f3rakor Kiss Iv\u00e1n c. pr\u00e9post, a Somogyv\u00e1ri Esperesi Ker\u00fclet esperese, marcali pl\u00e9b\u00e1nos celebr\u00e1lta az \u00fcnnepi szentmis\u00e9t. Az \u00e1dventi koszor\u00fan meggy\u00fajtott\u00e1k a 4. gyerty\u00e1t, ezzel is jelezve, hogy m\u00e1r csak napok, \u00f3r\u00e1k vannak vissza a Megv\u00e1lt\u00f3 sz\u00fclet\u00e9s\u00e9nek napj\u00e1ig. A d\u00e9lut\u00e1ni program r\u00e9szek\u00e9nt el\u0151sz\u00f6r a Marcali F\u00e9ny Gyermekei Zenekar tartott zen\u00e9s \u00e1h\u00edtatot a kar\u00e1csonyra val\u00f3 r\u00e1hangol\u00f3d\u00e1s r\u00e9szek\u00e9nt, mik\u00f6zben sokan megcsod\u00e1lhatt\u00e1k Magyarorsz\u00e1g legnagyobb belt\u00e9ri betlehem\u00e9t, ami az el\u0151z\u0151 \u00e9vekhez k\u00e9pest is j\u00f3l l\u00e1that\u00f3an&#8230;<\/p>\n<p class=\"read-more\"><a class=\"btn btn-default\" href=\"https:\/\/marcali.plebania.hu\/?p=1412\"> Read More<span class=\"screen-reader-text\">  Read More<\/span><\/a><\/p>\n","protected":false},"author":2,"featured_media":0,"comment_status":"closed","ping_status":"open","sticky":false,"template":"","format":"standard","meta":{"footnotes":""},"categories":[1],"tags":[],"class_list":["post-1412","post","type-post","status-publish","format-standard","hentry","category-egyeb"],"_links":{"self":[{"href":"https:\/\/marcali.plebania.hu\/index.php?rest_route=\/wp\/v2\/posts\/1412","targetHints":{"allow":["GET"]}}],"collection":[{"href":"https:\/\/marcali.plebania.hu\/index.php?rest_route=\/wp\/v2\/posts"}],"about":[{"href":"https:\/\/marcali.plebania.hu\/index.php?rest_route=\/wp\/v2\/types\/post"}],"author":[{"embeddable":true,"href":"https:\/\/marcali.plebania.hu\/index.php?rest_route=\/wp\/v2\/users\/2"}],"replies":[{"embeddable":true,"href":"https:\/\/marcali.plebania.hu\/index.php?rest_route=%2Fwp%2Fv2%2Fcomments&post=1412"}],"version-history":[{"count":1,"href":"https:\/\/marcali.plebania.hu\/index.php?rest_route=\/wp\/v2\/posts\/1412\/revisions"}],"predecessor-version":[{"id":1426,"href":"https:\/\/marcali.plebania.hu\/index.php?rest_route=\/wp\/v2\/posts\/1412\/revisions\/1426"}],"wp:attachment":[{"href":"https:\/\/marcali.plebania.hu\/index.php?rest_route=%2Fwp%2Fv2%2Fmedia&parent=1412"}],"wp:term":[{"taxonomy":"category","embeddable":true,"href":"https:\/\/marcali.plebania.hu\/index.php?rest_route=%2Fwp%2Fv2%2Fcategories&post=1412"},{"taxonomy":"post_tag","embeddable":true,"href":"https:\/\/marcali.plebania.hu\/index.php?rest_route=%2Fwp%2Fv2%2Ftags&post=1412"}],"curies":[{"name":"wp","href":"https:\/\/api.w.org\/{rel}","templated":true}]}}