{"id":1427,"date":"2019-12-28T22:39:48","date_gmt":"2019-12-28T22:39:48","guid":{"rendered":"https:\/\/marcali.plebania.hu\/?p=1427"},"modified":"2019-12-28T22:39:48","modified_gmt":"2019-12-28T22:39:48","slug":"elkeszult-a-kulteri-betlehem-2","status":"publish","type":"post","link":"https:\/\/marcali.plebania.hu\/?p=1427","title":{"rendered":"Elk\u00e9sz\u00fclt a k\u00fclt\u00e9ri betlehem"},"content":{"rendered":"\n<p>2019. december 21-\u00e9n, szombaton d\u00e9lel\u0151tt a pl\u00e9b\u00e1niatemplom \u00e9szaki oldal\u00e1n kezd\u0151dtek a betlehem \u00e9p\u00edt\u00e9si munk\u00e1latok a Marcali R\u00f3mai Katolikus Egyh\u00e1zk\u00f6zs\u00e9g \u00f6sszefog\u00e1s\u00e1val.<\/p>\n\n\n\n<figure class=\"wp-block-gallery columns-3 is-cropped wp-block-gallery-1 is-layout-flex wp-block-gallery-is-layout-flex\"><ul class=\"blocks-gallery-grid\"><li class=\"blocks-gallery-item\"><figure><img loading=\"lazy\" decoding=\"async\" width=\"1024\" height=\"683\" src=\"https:\/\/marcali.plebania.hu\/wp-content\/uploads\/2019\/12\/01-7-1024x683.jpg\" alt=\"\" data-id=\"1428\" data-link=\"https:\/\/marcali.plebania.hu\/?attachment_id=1428\" class=\"wp-image-1428\" srcset=\"https:\/\/marcali.plebania.hu\/wp-content\/uploads\/2019\/12\/01-7-1024x683.jpg 1024w, https:\/\/marcali.plebania.hu\/wp-content\/uploads\/2019\/12\/01-7-300x200.jpg 300w, https:\/\/marcali.plebania.hu\/wp-content\/uploads\/2019\/12\/01-7-768x512.jpg 768w, https:\/\/marcali.plebania.hu\/wp-content\/uploads\/2019\/12\/01-7-1536x1024.jpg 1536w, https:\/\/marcali.plebania.hu\/wp-content\/uploads\/2019\/12\/01-7-2048x1365.jpg 2048w, https:\/\/marcali.plebania.hu\/wp-content\/uploads\/2019\/12\/01-7-405x270.jpg 405w\" sizes=\"auto, (max-width: 1024px) 100vw, 1024px\" \/><\/figure><\/li><li class=\"blocks-gallery-item\"><figure><img loading=\"lazy\" decoding=\"async\" width=\"1024\" height=\"683\" src=\"https:\/\/marcali.plebania.hu\/wp-content\/uploads\/2019\/12\/03-3-1024x683.jpg\" alt=\"\" data-id=\"1429\" data-full-url=\"https:\/\/marcali.plebania.hu\/wp-content\/uploads\/2019\/12\/03-3-scaled.jpg\" data-link=\"https:\/\/marcali.plebania.hu\/?attachment_id=1429\" class=\"wp-image-1429\" srcset=\"https:\/\/marcali.plebania.hu\/wp-content\/uploads\/2019\/12\/03-3-1024x683.jpg 1024w, https:\/\/marcali.plebania.hu\/wp-content\/uploads\/2019\/12\/03-3-300x200.jpg 300w, https:\/\/marcali.plebania.hu\/wp-content\/uploads\/2019\/12\/03-3-768x512.jpg 768w, https:\/\/marcali.plebania.hu\/wp-content\/uploads\/2019\/12\/03-3-1536x1024.jpg 1536w, https:\/\/marcali.plebania.hu\/wp-content\/uploads\/2019\/12\/03-3-2048x1365.jpg 2048w, https:\/\/marcali.plebania.hu\/wp-content\/uploads\/2019\/12\/03-3-405x270.jpg 405w\" sizes=\"auto, (max-width: 1024px) 100vw, 1024px\" \/><\/figure><\/li><li class=\"blocks-gallery-item\"><figure><img loading=\"lazy\" decoding=\"async\" width=\"1024\" height=\"683\" src=\"https:\/\/marcali.plebania.hu\/wp-content\/uploads\/2019\/12\/04-5-1024x683.jpg\" alt=\"\" data-id=\"1430\" data-full-url=\"https:\/\/marcali.plebania.hu\/wp-content\/uploads\/2019\/12\/04-5-scaled.jpg\" data-link=\"https:\/\/marcali.plebania.hu\/?attachment_id=1430\" class=\"wp-image-1430\" srcset=\"https:\/\/marcali.plebania.hu\/wp-content\/uploads\/2019\/12\/04-5-1024x683.jpg 1024w, https:\/\/marcali.plebania.hu\/wp-content\/uploads\/2019\/12\/04-5-300x200.jpg 300w, https:\/\/marcali.plebania.hu\/wp-content\/uploads\/2019\/12\/04-5-768x512.jpg 768w, https:\/\/marcali.plebania.hu\/wp-content\/uploads\/2019\/12\/04-5-1536x1024.jpg 1536w, https:\/\/marcali.plebania.hu\/wp-content\/uploads\/2019\/12\/04-5-2048x1365.jpg 2048w, https:\/\/marcali.plebania.hu\/wp-content\/uploads\/2019\/12\/04-5-405x270.jpg 405w\" sizes=\"auto, (max-width: 1024px) 100vw, 1024px\" \/><\/figure><\/li><li class=\"blocks-gallery-item\"><figure><img loading=\"lazy\" decoding=\"async\" width=\"1024\" height=\"683\" src=\"https:\/\/marcali.plebania.hu\/wp-content\/uploads\/2019\/12\/05-6-1024x683.jpg\" alt=\"\" data-id=\"1431\" data-full-url=\"https:\/\/marcali.plebania.hu\/wp-content\/uploads\/2019\/12\/05-6-scaled.jpg\" data-link=\"https:\/\/marcali.plebania.hu\/?attachment_id=1431\" class=\"wp-image-1431\" srcset=\"https:\/\/marcali.plebania.hu\/wp-content\/uploads\/2019\/12\/05-6-1024x683.jpg 1024w, https:\/\/marcali.plebania.hu\/wp-content\/uploads\/2019\/12\/05-6-300x200.jpg 300w, https:\/\/marcali.plebania.hu\/wp-content\/uploads\/2019\/12\/05-6-768x512.jpg 768w, https:\/\/marcali.plebania.hu\/wp-content\/uploads\/2019\/12\/05-6-1536x1024.jpg 1536w, https:\/\/marcali.plebania.hu\/wp-content\/uploads\/2019\/12\/05-6-2048x1365.jpg 2048w, https:\/\/marcali.plebania.hu\/wp-content\/uploads\/2019\/12\/05-6-405x270.jpg 405w\" sizes=\"auto, (max-width: 1024px) 100vw, 1024px\" \/><\/figure><\/li><\/ul><\/figure>\n\n\n\n<p>A munka el\u0151sz\u00f6r a v\u00e1zszerkezet \u00f6ssze\u00e1ll\u00edt\u00e1s\u00e1val indult S\u00e1gv\u00e1ri R\u00f3bert \u00e1csmester \u00e9s csapata vezet\u00e9s\u00e9vel. Majd december 23-\u00e1n, h\u00e9tf\u0151n d\u00e9lel\u0151tt Kir\u00e1ly Jen\u0151 templomatya \u00e9s Gelencs\u00e9r R\u00f3bert vil\u00e1gi eln\u00f6k ir\u00e1ny\u00edt\u00e1s\u00e1val k\u00e9sz\u00fclt el a betlehem v\u00e9gleges form\u00e1ja a d\u00edsz\u00edt\u00e9ssel \u00e9s a figur\u00e1k elhelyez\u00e9s\u00e9vel.<\/p>\n\n\n\n<figure class=\"wp-block-gallery columns-3 is-cropped wp-block-gallery-2 is-layout-flex wp-block-gallery-is-layout-flex\"><ul class=\"blocks-gallery-grid\"><li class=\"blocks-gallery-item\"><figure><img loading=\"lazy\" decoding=\"async\" width=\"1024\" height=\"683\" src=\"https:\/\/marcali.plebania.hu\/wp-content\/uploads\/2019\/12\/06-6-1024x683.jpg\" alt=\"\" data-id=\"1432\" data-link=\"https:\/\/marcali.plebania.hu\/?attachment_id=1432\" class=\"wp-image-1432\" srcset=\"https:\/\/marcali.plebania.hu\/wp-content\/uploads\/2019\/12\/06-6-1024x683.jpg 1024w, https:\/\/marcali.plebania.hu\/wp-content\/uploads\/2019\/12\/06-6-300x200.jpg 300w, https:\/\/marcali.plebania.hu\/wp-content\/uploads\/2019\/12\/06-6-768x512.jpg 768w, https:\/\/marcali.plebania.hu\/wp-content\/uploads\/2019\/12\/06-6-1536x1024.jpg 1536w, https:\/\/marcali.plebania.hu\/wp-content\/uploads\/2019\/12\/06-6-2048x1365.jpg 2048w, https:\/\/marcali.plebania.hu\/wp-content\/uploads\/2019\/12\/06-6-405x270.jpg 405w\" sizes=\"auto, (max-width: 1024px) 100vw, 1024px\" \/><\/figure><\/li><li class=\"blocks-gallery-item\"><figure><img loading=\"lazy\" decoding=\"async\" width=\"1024\" height=\"683\" src=\"https:\/\/marcali.plebania.hu\/wp-content\/uploads\/2019\/12\/08-4-1024x683.jpg\" alt=\"\" data-id=\"1433\" data-link=\"https:\/\/marcali.plebania.hu\/?attachment_id=1433\" class=\"wp-image-1433\" srcset=\"https:\/\/marcali.plebania.hu\/wp-content\/uploads\/2019\/12\/08-4-1024x683.jpg 1024w, https:\/\/marcali.plebania.hu\/wp-content\/uploads\/2019\/12\/08-4-300x200.jpg 300w, https:\/\/marcali.plebania.hu\/wp-content\/uploads\/2019\/12\/08-4-768x512.jpg 768w, https:\/\/marcali.plebania.hu\/wp-content\/uploads\/2019\/12\/08-4-1536x1024.jpg 1536w, https:\/\/marcali.plebania.hu\/wp-content\/uploads\/2019\/12\/08-4-2048x1365.jpg 2048w, https:\/\/marcali.plebania.hu\/wp-content\/uploads\/2019\/12\/08-4-405x270.jpg 405w\" sizes=\"auto, (max-width: 1024px) 100vw, 1024px\" \/><\/figure><\/li><li class=\"blocks-gallery-item\"><figure><img loading=\"lazy\" decoding=\"async\" width=\"1024\" height=\"683\" src=\"https:\/\/marcali.plebania.hu\/wp-content\/uploads\/2019\/12\/11-4-1024x683.jpg\" alt=\"\" data-id=\"1434\" data-link=\"https:\/\/marcali.plebania.hu\/?attachment_id=1434\" class=\"wp-image-1434\" srcset=\"https:\/\/marcali.plebania.hu\/wp-content\/uploads\/2019\/12\/11-4-1024x683.jpg 1024w, https:\/\/marcali.plebania.hu\/wp-content\/uploads\/2019\/12\/11-4-300x200.jpg 300w, https:\/\/marcali.plebania.hu\/wp-content\/uploads\/2019\/12\/11-4-768x512.jpg 768w, https:\/\/marcali.plebania.hu\/wp-content\/uploads\/2019\/12\/11-4-1536x1024.jpg 1536w, https:\/\/marcali.plebania.hu\/wp-content\/uploads\/2019\/12\/11-4-2048x1365.jpg 2048w, https:\/\/marcali.plebania.hu\/wp-content\/uploads\/2019\/12\/11-4-405x270.jpg 405w\" sizes=\"auto, (max-width: 1024px) 100vw, 1024px\" \/><\/figure><\/li><li class=\"blocks-gallery-item\"><figure><img loading=\"lazy\" decoding=\"async\" width=\"1024\" height=\"683\" src=\"https:\/\/marcali.plebania.hu\/wp-content\/uploads\/2019\/12\/14-3-1024x683.jpg\" alt=\"\" data-id=\"1435\" data-full-url=\"https:\/\/marcali.plebania.hu\/wp-content\/uploads\/2019\/12\/14-3-scaled.jpg\" data-link=\"https:\/\/marcali.plebania.hu\/?attachment_id=1435\" class=\"wp-image-1435\" srcset=\"https:\/\/marcali.plebania.hu\/wp-content\/uploads\/2019\/12\/14-3-1024x683.jpg 1024w, https:\/\/marcali.plebania.hu\/wp-content\/uploads\/2019\/12\/14-3-300x200.jpg 300w, https:\/\/marcali.plebania.hu\/wp-content\/uploads\/2019\/12\/14-3-768x512.jpg 768w, https:\/\/marcali.plebania.hu\/wp-content\/uploads\/2019\/12\/14-3-1536x1024.jpg 1536w, https:\/\/marcali.plebania.hu\/wp-content\/uploads\/2019\/12\/14-3-2048x1365.jpg 2048w, https:\/\/marcali.plebania.hu\/wp-content\/uploads\/2019\/12\/14-3-405x270.jpg 405w\" sizes=\"auto, (max-width: 1024px) 100vw, 1024px\" \/><\/figure><\/li><\/ul><\/figure>\n\n\n\n<p>Ezalatt a templomban is hely\u00fckre ker\u00fcltek a feny\u0151f\u00e1k \u00e9s a k\u00fclt\u00e9ri d\u00edszkivil\u00e1g\u00edt\u00e1s is elk\u00e9sz\u00fclt. Az idei esztend\u0151ben a j\u00f3l \u00f6sszeszokott csapat mellett \u00fajabb seg\u00edt\u0151k \u00e9rkeztek, k\u00f6zt\u00fck fiatal gyermekek is. A templomi d\u00edsz\u00edt\u00e9st az imak\u00f6ri tagok v\u00e9gezt\u00e9k.<\/p>\n\n\n\n<figure class=\"wp-block-gallery columns-3 is-cropped wp-block-gallery-3 is-layout-flex wp-block-gallery-is-layout-flex\"><ul class=\"blocks-gallery-grid\"><li class=\"blocks-gallery-item\"><figure><img loading=\"lazy\" decoding=\"async\" width=\"1024\" height=\"683\" src=\"https:\/\/marcali.plebania.hu\/wp-content\/uploads\/2019\/12\/16-6-1024x683.jpg\" alt=\"\" data-id=\"1436\" data-link=\"https:\/\/marcali.plebania.hu\/?attachment_id=1436\" class=\"wp-image-1436\" srcset=\"https:\/\/marcali.plebania.hu\/wp-content\/uploads\/2019\/12\/16-6-1024x683.jpg 1024w, https:\/\/marcali.plebania.hu\/wp-content\/uploads\/2019\/12\/16-6-300x200.jpg 300w, https:\/\/marcali.plebania.hu\/wp-content\/uploads\/2019\/12\/16-6-768x512.jpg 768w, https:\/\/marcali.plebania.hu\/wp-content\/uploads\/2019\/12\/16-6-1536x1024.jpg 1536w, https:\/\/marcali.plebania.hu\/wp-content\/uploads\/2019\/12\/16-6-2048x1365.jpg 2048w, https:\/\/marcali.plebania.hu\/wp-content\/uploads\/2019\/12\/16-6-405x270.jpg 405w\" sizes=\"auto, (max-width: 1024px) 100vw, 1024px\" \/><\/figure><\/li><li class=\"blocks-gallery-item\"><figure><img loading=\"lazy\" decoding=\"async\" width=\"1024\" height=\"683\" src=\"https:\/\/marcali.plebania.hu\/wp-content\/uploads\/2019\/12\/22-3-1024x683.jpg\" alt=\"\" data-id=\"1437\" data-link=\"https:\/\/marcali.plebania.hu\/?attachment_id=1437\" class=\"wp-image-1437\" srcset=\"https:\/\/marcali.plebania.hu\/wp-content\/uploads\/2019\/12\/22-3-1024x683.jpg 1024w, https:\/\/marcali.plebania.hu\/wp-content\/uploads\/2019\/12\/22-3-300x200.jpg 300w, https:\/\/marcali.plebania.hu\/wp-content\/uploads\/2019\/12\/22-3-768x512.jpg 768w, https:\/\/marcali.plebania.hu\/wp-content\/uploads\/2019\/12\/22-3-1536x1024.jpg 1536w, https:\/\/marcali.plebania.hu\/wp-content\/uploads\/2019\/12\/22-3-2048x1365.jpg 2048w, https:\/\/marcali.plebania.hu\/wp-content\/uploads\/2019\/12\/22-3-405x270.jpg 405w\" sizes=\"auto, (max-width: 1024px) 100vw, 1024px\" \/><\/figure><\/li><li class=\"blocks-gallery-item\"><figure><img loading=\"lazy\" decoding=\"async\" width=\"1024\" height=\"683\" src=\"https:\/\/marcali.plebania.hu\/wp-content\/uploads\/2019\/12\/23-2-1024x683.jpg\" alt=\"\" data-id=\"1438\" data-link=\"https:\/\/marcali.plebania.hu\/?attachment_id=1438\" class=\"wp-image-1438\" srcset=\"https:\/\/marcali.plebania.hu\/wp-content\/uploads\/2019\/12\/23-2-1024x683.jpg 1024w, https:\/\/marcali.plebania.hu\/wp-content\/uploads\/2019\/12\/23-2-300x200.jpg 300w, https:\/\/marcali.plebania.hu\/wp-content\/uploads\/2019\/12\/23-2-768x512.jpg 768w, https:\/\/marcali.plebania.hu\/wp-content\/uploads\/2019\/12\/23-2-1536x1024.jpg 1536w, https:\/\/marcali.plebania.hu\/wp-content\/uploads\/2019\/12\/23-2-2048x1365.jpg 2048w, https:\/\/marcali.plebania.hu\/wp-content\/uploads\/2019\/12\/23-2-405x270.jpg 405w\" sizes=\"auto, (max-width: 1024px) 100vw, 1024px\" \/><\/figure><\/li><li class=\"blocks-gallery-item\"><figure><img loading=\"lazy\" decoding=\"async\" width=\"1024\" height=\"683\" src=\"https:\/\/marcali.plebania.hu\/wp-content\/uploads\/2019\/12\/25-2-1024x683.jpg\" alt=\"\" data-id=\"1439\" data-full-url=\"https:\/\/marcali.plebania.hu\/wp-content\/uploads\/2019\/12\/25-2-scaled.jpg\" data-link=\"https:\/\/marcali.plebania.hu\/?attachment_id=1439\" class=\"wp-image-1439\" srcset=\"https:\/\/marcali.plebania.hu\/wp-content\/uploads\/2019\/12\/25-2-1024x683.jpg 1024w, https:\/\/marcali.plebania.hu\/wp-content\/uploads\/2019\/12\/25-2-300x200.jpg 300w, https:\/\/marcali.plebania.hu\/wp-content\/uploads\/2019\/12\/25-2-768x512.jpg 768w, https:\/\/marcali.plebania.hu\/wp-content\/uploads\/2019\/12\/25-2-1536x1024.jpg 1536w, https:\/\/marcali.plebania.hu\/wp-content\/uploads\/2019\/12\/25-2-2048x1365.jpg 2048w, https:\/\/marcali.plebania.hu\/wp-content\/uploads\/2019\/12\/25-2-405x270.jpg 405w\" sizes=\"auto, (max-width: 1024px) 100vw, 1024px\" \/><\/figure><\/li><\/ul><\/figure>\n\n\n\n<p>Az \u00e1csmunk\u00e1kban 4 f\u0151, a betlehem \u00e9p\u00edt\u00e9sben pedig \u00f6sszesen mintegy 30 szem\u00e9ly vett r\u00e9szt.<\/p>\n\n\n\n<figure class=\"wp-block-gallery columns-3 is-cropped wp-block-gallery-4 is-layout-flex wp-block-gallery-is-layout-flex\"><ul class=\"blocks-gallery-grid\"><li class=\"blocks-gallery-item\"><figure><img loading=\"lazy\" decoding=\"async\" width=\"1024\" height=\"683\" src=\"https:\/\/marcali.plebania.hu\/wp-content\/uploads\/2019\/12\/26-3-1024x683.jpg\" alt=\"\" data-id=\"1440\" data-link=\"https:\/\/marcali.plebania.hu\/?attachment_id=1440\" class=\"wp-image-1440\" srcset=\"https:\/\/marcali.plebania.hu\/wp-content\/uploads\/2019\/12\/26-3-1024x683.jpg 1024w, https:\/\/marcali.plebania.hu\/wp-content\/uploads\/2019\/12\/26-3-300x200.jpg 300w, https:\/\/marcali.plebania.hu\/wp-content\/uploads\/2019\/12\/26-3-768x512.jpg 768w, https:\/\/marcali.plebania.hu\/wp-content\/uploads\/2019\/12\/26-3-1536x1024.jpg 1536w, https:\/\/marcali.plebania.hu\/wp-content\/uploads\/2019\/12\/26-3-2048x1365.jpg 2048w, https:\/\/marcali.plebania.hu\/wp-content\/uploads\/2019\/12\/26-3-405x270.jpg 405w\" sizes=\"auto, (max-width: 1024px) 100vw, 1024px\" \/><\/figure><\/li><li class=\"blocks-gallery-item\"><figure><img loading=\"lazy\" decoding=\"async\" width=\"1024\" height=\"683\" src=\"https:\/\/marcali.plebania.hu\/wp-content\/uploads\/2019\/12\/27-1-1024x683.jpg\" alt=\"\" data-id=\"1441\" data-link=\"https:\/\/marcali.plebania.hu\/?attachment_id=1441\" class=\"wp-image-1441\" srcset=\"https:\/\/marcali.plebania.hu\/wp-content\/uploads\/2019\/12\/27-1-1024x683.jpg 1024w, https:\/\/marcali.plebania.hu\/wp-content\/uploads\/2019\/12\/27-1-300x200.jpg 300w, https:\/\/marcali.plebania.hu\/wp-content\/uploads\/2019\/12\/27-1-768x512.jpg 768w, https:\/\/marcali.plebania.hu\/wp-content\/uploads\/2019\/12\/27-1-1536x1024.jpg 1536w, https:\/\/marcali.plebania.hu\/wp-content\/uploads\/2019\/12\/27-1-2048x1365.jpg 2048w, https:\/\/marcali.plebania.hu\/wp-content\/uploads\/2019\/12\/27-1-405x270.jpg 405w\" sizes=\"auto, (max-width: 1024px) 100vw, 1024px\" \/><\/figure><\/li><li class=\"blocks-gallery-item\"><figure><img loading=\"lazy\" decoding=\"async\" width=\"1024\" height=\"683\" src=\"https:\/\/marcali.plebania.hu\/wp-content\/uploads\/2019\/12\/29-1-1024x683.jpg\" alt=\"\" data-id=\"1442\" data-full-url=\"https:\/\/marcali.plebania.hu\/wp-content\/uploads\/2019\/12\/29-1-scaled.jpg\" data-link=\"https:\/\/marcali.plebania.hu\/?attachment_id=1442\" class=\"wp-image-1442\" srcset=\"https:\/\/marcali.plebania.hu\/wp-content\/uploads\/2019\/12\/29-1-1024x683.jpg 1024w, https:\/\/marcali.plebania.hu\/wp-content\/uploads\/2019\/12\/29-1-300x200.jpg 300w, https:\/\/marcali.plebania.hu\/wp-content\/uploads\/2019\/12\/29-1-768x512.jpg 768w, https:\/\/marcali.plebania.hu\/wp-content\/uploads\/2019\/12\/29-1-1536x1024.jpg 1536w, https:\/\/marcali.plebania.hu\/wp-content\/uploads\/2019\/12\/29-1-2048x1365.jpg 2048w, https:\/\/marcali.plebania.hu\/wp-content\/uploads\/2019\/12\/29-1-405x270.jpg 405w\" sizes=\"auto, (max-width: 1024px) 100vw, 1024px\" \/><\/figure><\/li><li class=\"blocks-gallery-item\"><figure><img loading=\"lazy\" decoding=\"async\" width=\"1024\" height=\"683\" src=\"https:\/\/marcali.plebania.hu\/wp-content\/uploads\/2019\/12\/30-1-1024x683.jpg\" alt=\"\" data-id=\"1443\" data-full-url=\"https:\/\/marcali.plebania.hu\/wp-content\/uploads\/2019\/12\/30-1-scaled.jpg\" data-link=\"https:\/\/marcali.plebania.hu\/?attachment_id=1443\" class=\"wp-image-1443\" srcset=\"https:\/\/marcali.plebania.hu\/wp-content\/uploads\/2019\/12\/30-1-1024x683.jpg 1024w, https:\/\/marcali.plebania.hu\/wp-content\/uploads\/2019\/12\/30-1-300x200.jpg 300w, https:\/\/marcali.plebania.hu\/wp-content\/uploads\/2019\/12\/30-1-768x512.jpg 768w, https:\/\/marcali.plebania.hu\/wp-content\/uploads\/2019\/12\/30-1-1536x1024.jpg 1536w, https:\/\/marcali.plebania.hu\/wp-content\/uploads\/2019\/12\/30-1-2048x1365.jpg 2048w, https:\/\/marcali.plebania.hu\/wp-content\/uploads\/2019\/12\/30-1-405x270.jpg 405w\" sizes=\"auto, (max-width: 1024px) 100vw, 1024px\" \/><\/figure><\/li><\/ul><\/figure>\n\n\n\n<p>A\nszabadt\u00e9ri betlehem 2020. janu\u00e1r 2-ig \u00e9jjel-nappal lesz l\u00e1togathat\u00f3. \u00c9jszakai\n\u0151rz\u00e9s\u00e9r\u0151l a V\u00e1rosi \u00d6nkorm\u00e1nyzat rend\u00e9szei gondoskodnak.<\/p>\n\n\n\n<p>K\u00f6sz\u00f6net minden seg\u00edt\u0151nek \u00e9s k\u00f6zrem\u0171k\u00f6d\u0151nek, illetve a feny\u0151f\u00e1k adom\u00e1nyoz\u00f3inak!<\/p>\n\n\n\n<figure class=\"wp-block-gallery columns-3 is-cropped wp-block-gallery-5 is-layout-flex wp-block-gallery-is-layout-flex\"><ul class=\"blocks-gallery-grid\"><li class=\"blocks-gallery-item\"><figure><img loading=\"lazy\" decoding=\"async\" width=\"1024\" height=\"683\" src=\"https:\/\/marcali.plebania.hu\/wp-content\/uploads\/2019\/12\/31-1-1024x683.jpg\" alt=\"\" data-id=\"1444\" data-full-url=\"https:\/\/marcali.plebania.hu\/wp-content\/uploads\/2019\/12\/31-1-scaled.jpg\" data-link=\"https:\/\/marcali.plebania.hu\/?attachment_id=1444\" class=\"wp-image-1444\" srcset=\"https:\/\/marcali.plebania.hu\/wp-content\/uploads\/2019\/12\/31-1-1024x683.jpg 1024w, https:\/\/marcali.plebania.hu\/wp-content\/uploads\/2019\/12\/31-1-300x200.jpg 300w, https:\/\/marcali.plebania.hu\/wp-content\/uploads\/2019\/12\/31-1-768x512.jpg 768w, https:\/\/marcali.plebania.hu\/wp-content\/uploads\/2019\/12\/31-1-1536x1024.jpg 1536w, https:\/\/marcali.plebania.hu\/wp-content\/uploads\/2019\/12\/31-1-2048x1365.jpg 2048w, https:\/\/marcali.plebania.hu\/wp-content\/uploads\/2019\/12\/31-1-405x270.jpg 405w\" sizes=\"auto, (max-width: 1024px) 100vw, 1024px\" \/><\/figure><\/li><li class=\"blocks-gallery-item\"><figure><img loading=\"lazy\" decoding=\"async\" width=\"1024\" height=\"683\" src=\"https:\/\/marcali.plebania.hu\/wp-content\/uploads\/2019\/12\/32-1024x683.jpg\" alt=\"\" data-id=\"1445\" data-full-url=\"https:\/\/marcali.plebania.hu\/wp-content\/uploads\/2019\/12\/32-scaled.jpg\" data-link=\"https:\/\/marcali.plebania.hu\/?attachment_id=1445\" class=\"wp-image-1445\" srcset=\"https:\/\/marcali.plebania.hu\/wp-content\/uploads\/2019\/12\/32-1024x683.jpg 1024w, https:\/\/marcali.plebania.hu\/wp-content\/uploads\/2019\/12\/32-300x200.jpg 300w, https:\/\/marcali.plebania.hu\/wp-content\/uploads\/2019\/12\/32-768x512.jpg 768w, https:\/\/marcali.plebania.hu\/wp-content\/uploads\/2019\/12\/32-1536x1024.jpg 1536w, https:\/\/marcali.plebania.hu\/wp-content\/uploads\/2019\/12\/32-2048x1365.jpg 2048w, https:\/\/marcali.plebania.hu\/wp-content\/uploads\/2019\/12\/32-405x270.jpg 405w\" sizes=\"auto, (max-width: 1024px) 100vw, 1024px\" \/><\/figure><\/li><li class=\"blocks-gallery-item\"><figure><img loading=\"lazy\" decoding=\"async\" width=\"1024\" height=\"683\" src=\"https:\/\/marcali.plebania.hu\/wp-content\/uploads\/2019\/12\/33-2-1024x683.jpg\" alt=\"\" data-id=\"1446\" data-full-url=\"https:\/\/marcali.plebania.hu\/wp-content\/uploads\/2019\/12\/33-2-scaled.jpg\" data-link=\"https:\/\/marcali.plebania.hu\/?attachment_id=1446\" class=\"wp-image-1446\" srcset=\"https:\/\/marcali.plebania.hu\/wp-content\/uploads\/2019\/12\/33-2-1024x683.jpg 1024w, https:\/\/marcali.plebania.hu\/wp-content\/uploads\/2019\/12\/33-2-300x200.jpg 300w, https:\/\/marcali.plebania.hu\/wp-content\/uploads\/2019\/12\/33-2-768x512.jpg 768w, https:\/\/marcali.plebania.hu\/wp-content\/uploads\/2019\/12\/33-2-1536x1024.jpg 1536w, https:\/\/marcali.plebania.hu\/wp-content\/uploads\/2019\/12\/33-2-2048x1365.jpg 2048w, https:\/\/marcali.plebania.hu\/wp-content\/uploads\/2019\/12\/33-2-405x270.jpg 405w\" sizes=\"auto, (max-width: 1024px) 100vw, 1024px\" \/><\/figure><\/li><li class=\"blocks-gallery-item\"><figure><img loading=\"lazy\" decoding=\"async\" width=\"1024\" height=\"683\" src=\"https:\/\/marcali.plebania.hu\/wp-content\/uploads\/2019\/12\/34-1024x683.jpg\" alt=\"\" data-id=\"1447\" data-full-url=\"https:\/\/marcali.plebania.hu\/wp-content\/uploads\/2019\/12\/34-scaled.jpg\" data-link=\"https:\/\/marcali.plebania.hu\/?attachment_id=1447\" class=\"wp-image-1447\" srcset=\"https:\/\/marcali.plebania.hu\/wp-content\/uploads\/2019\/12\/34-1024x683.jpg 1024w, https:\/\/marcali.plebania.hu\/wp-content\/uploads\/2019\/12\/34-300x200.jpg 300w, https:\/\/marcali.plebania.hu\/wp-content\/uploads\/2019\/12\/34-768x512.jpg 768w, https:\/\/marcali.plebania.hu\/wp-content\/uploads\/2019\/12\/34-1536x1024.jpg 1536w, https:\/\/marcali.plebania.hu\/wp-content\/uploads\/2019\/12\/34-2048x1365.jpg 2048w, https:\/\/marcali.plebania.hu\/wp-content\/uploads\/2019\/12\/34-405x270.jpg 405w\" sizes=\"auto, (max-width: 1024px) 100vw, 1024px\" \/><\/figure><\/li><\/ul><\/figure>\n\n\n\n<p>Minden\nkedves betlehem-l\u00e1togat\u00f3nak pedig \u00c1ldott kar\u00e1csonyi \u00fcnnepeket k\u00edv\u00e1nnak az\n\u00e9p\u00edt\u0151k!<\/p>\n","protected":false},"excerpt":{"rendered":"<p>2019. december 21-\u00e9n, szombaton d\u00e9lel\u0151tt a pl\u00e9b\u00e1niatemplom \u00e9szaki oldal\u00e1n kezd\u0151dtek a betlehem \u00e9p\u00edt\u00e9si munk\u00e1latok a Marcali R\u00f3mai Katolikus Egyh\u00e1zk\u00f6zs\u00e9g \u00f6sszefog\u00e1s\u00e1val. A munka el\u0151sz\u00f6r a v\u00e1zszerkezet \u00f6ssze\u00e1ll\u00edt\u00e1s\u00e1val indult S\u00e1gv\u00e1ri R\u00f3bert \u00e1csmester \u00e9s csapata vezet\u00e9s\u00e9vel. Majd december 23-\u00e1n, h\u00e9tf\u0151n d\u00e9lel\u0151tt Kir\u00e1ly Jen\u0151 templomatya \u00e9s Gelencs\u00e9r R\u00f3bert vil\u00e1gi eln\u00f6k ir\u00e1ny\u00edt\u00e1s\u00e1val k\u00e9sz\u00fclt el a betlehem v\u00e9gleges form\u00e1ja a d\u00edsz\u00edt\u00e9ssel \u00e9s a figur\u00e1k elhelyez\u00e9s\u00e9vel. Ezalatt a templomban is hely\u00fckre ker\u00fcltek a feny\u0151f\u00e1k \u00e9s a k\u00fclt\u00e9ri d\u00edszkivil\u00e1g\u00edt\u00e1s is elk\u00e9sz\u00fclt. Az idei esztend\u0151ben a j\u00f3l \u00f6sszeszokott csapat&#8230;<\/p>\n<p class=\"read-more\"><a class=\"btn btn-default\" href=\"https:\/\/marcali.plebania.hu\/?p=1427\"> Read More<span class=\"screen-reader-text\">  Read More<\/span><\/a><\/p>\n","protected":false},"author":2,"featured_media":0,"comment_status":"closed","ping_status":"open","sticky":false,"template":"","format":"standard","meta":{"footnotes":""},"categories":[1],"tags":[],"class_list":["post-1427","post","type-post","status-publish","format-standard","hentry","category-egyeb"],"_links":{"self":[{"href":"https:\/\/marcali.plebania.hu\/index.php?rest_route=\/wp\/v2\/posts\/1427","targetHints":{"allow":["GET"]}}],"collection":[{"href":"https:\/\/marcali.plebania.hu\/index.php?rest_route=\/wp\/v2\/posts"}],"about":[{"href":"https:\/\/marcali.plebania.hu\/index.php?rest_route=\/wp\/v2\/types\/post"}],"author":[{"embeddable":true,"href":"https:\/\/marcali.plebania.hu\/index.php?rest_route=\/wp\/v2\/users\/2"}],"replies":[{"embeddable":true,"href":"https:\/\/marcali.plebania.hu\/index.php?rest_route=%2Fwp%2Fv2%2Fcomments&post=1427"}],"version-history":[{"count":1,"href":"https:\/\/marcali.plebania.hu\/index.php?rest_route=\/wp\/v2\/posts\/1427\/revisions"}],"predecessor-version":[{"id":1448,"href":"https:\/\/marcali.plebania.hu\/index.php?rest_route=\/wp\/v2\/posts\/1427\/revisions\/1448"}],"wp:attachment":[{"href":"https:\/\/marcali.plebania.hu\/index.php?rest_route=%2Fwp%2Fv2%2Fmedia&parent=1427"}],"wp:term":[{"taxonomy":"category","embeddable":true,"href":"https:\/\/marcali.plebania.hu\/index.php?rest_route=%2Fwp%2Fv2%2Fcategories&post=1427"},{"taxonomy":"post_tag","embeddable":true,"href":"https:\/\/marcali.plebania.hu\/index.php?rest_route=%2Fwp%2Fv2%2Ftags&post=1427"}],"curies":[{"name":"wp","href":"https:\/\/api.w.org\/{rel}","templated":true}]}}