{"id":1484,"date":"2019-12-28T23:04:49","date_gmt":"2019-12-28T23:04:49","guid":{"rendered":"https:\/\/marcali.plebania.hu\/?p=1484"},"modified":"2019-12-28T23:04:49","modified_gmt":"2019-12-28T23:04:49","slug":"az-iden-is-megaldottak-az-uj-borokat","status":"publish","type":"post","link":"https:\/\/marcali.plebania.hu\/?p=1484","title":{"rendered":"Az id\u00e9n is meg\u00e1ldott\u00e1k az \u00faj borokat"},"content":{"rendered":"\n<p>2019. december 26-\u00e1n, cs\u00fct\u00f6rt\u00f6k\u00f6n, Kar\u00e1csony m\u00e1snapj\u00e1n, a 9 \u00f3r\u00e1s szentmis\u00e9n \u2013 a r\u00e9gi hagyom\u00e1nyoknak megfelel\u0151en \u2013 a Kiss Iv\u00e1n c. pr\u00e9post, esperes-pl\u00e9b\u00e1nos meg\u00e1ldotta az idei borokat a Marcali Gy\u00fcm\u00f6lcsolt\u00f3 Boldogasszony pl\u00e9b\u00e1niatemplomban.<\/p>\n\n\n\n<figure class=\"wp-block-gallery columns-3 is-cropped wp-block-gallery-1 is-layout-flex wp-block-gallery-is-layout-flex\"><ul class=\"blocks-gallery-grid\"><li class=\"blocks-gallery-item\"><figure><img loading=\"lazy\" decoding=\"async\" width=\"1024\" height=\"683\" src=\"https:\/\/marcali.plebania.hu\/wp-content\/uploads\/2019\/12\/01-10-1024x683.jpg\" alt=\"\" data-id=\"1485\" data-link=\"https:\/\/marcali.plebania.hu\/?attachment_id=1485\" class=\"wp-image-1485\" srcset=\"https:\/\/marcali.plebania.hu\/wp-content\/uploads\/2019\/12\/01-10-1024x683.jpg 1024w, https:\/\/marcali.plebania.hu\/wp-content\/uploads\/2019\/12\/01-10-300x200.jpg 300w, https:\/\/marcali.plebania.hu\/wp-content\/uploads\/2019\/12\/01-10-768x512.jpg 768w, https:\/\/marcali.plebania.hu\/wp-content\/uploads\/2019\/12\/01-10-1536x1024.jpg 1536w, https:\/\/marcali.plebania.hu\/wp-content\/uploads\/2019\/12\/01-10-2048x1365.jpg 2048w, https:\/\/marcali.plebania.hu\/wp-content\/uploads\/2019\/12\/01-10-405x270.jpg 405w\" sizes=\"auto, (max-width: 1024px) 100vw, 1024px\" \/><\/figure><\/li><li class=\"blocks-gallery-item\"><figure><img loading=\"lazy\" decoding=\"async\" width=\"1024\" height=\"683\" src=\"https:\/\/marcali.plebania.hu\/wp-content\/uploads\/2019\/12\/03-5-1024x683.jpg\" alt=\"\" data-id=\"1486\" data-link=\"https:\/\/marcali.plebania.hu\/?attachment_id=1486\" class=\"wp-image-1486\" srcset=\"https:\/\/marcali.plebania.hu\/wp-content\/uploads\/2019\/12\/03-5-1024x683.jpg 1024w, https:\/\/marcali.plebania.hu\/wp-content\/uploads\/2019\/12\/03-5-300x200.jpg 300w, https:\/\/marcali.plebania.hu\/wp-content\/uploads\/2019\/12\/03-5-768x512.jpg 768w, https:\/\/marcali.plebania.hu\/wp-content\/uploads\/2019\/12\/03-5-1536x1024.jpg 1536w, https:\/\/marcali.plebania.hu\/wp-content\/uploads\/2019\/12\/03-5-2048x1365.jpg 2048w, https:\/\/marcali.plebania.hu\/wp-content\/uploads\/2019\/12\/03-5-405x270.jpg 405w\" sizes=\"auto, (max-width: 1024px) 100vw, 1024px\" \/><\/figure><\/li><li class=\"blocks-gallery-item\"><figure><img loading=\"lazy\" decoding=\"async\" width=\"1024\" height=\"683\" src=\"https:\/\/marcali.plebania.hu\/wp-content\/uploads\/2019\/12\/04-8-1024x683.jpg\" alt=\"\" data-id=\"1487\" data-link=\"https:\/\/marcali.plebania.hu\/?attachment_id=1487\" class=\"wp-image-1487\" srcset=\"https:\/\/marcali.plebania.hu\/wp-content\/uploads\/2019\/12\/04-8-1024x683.jpg 1024w, https:\/\/marcali.plebania.hu\/wp-content\/uploads\/2019\/12\/04-8-300x200.jpg 300w, https:\/\/marcali.plebania.hu\/wp-content\/uploads\/2019\/12\/04-8-768x512.jpg 768w, https:\/\/marcali.plebania.hu\/wp-content\/uploads\/2019\/12\/04-8-1536x1024.jpg 1536w, https:\/\/marcali.plebania.hu\/wp-content\/uploads\/2019\/12\/04-8-2048x1365.jpg 2048w, https:\/\/marcali.plebania.hu\/wp-content\/uploads\/2019\/12\/04-8-405x270.jpg 405w\" sizes=\"auto, (max-width: 1024px) 100vw, 1024px\" \/><\/figure><\/li><li class=\"blocks-gallery-item\"><figure><img loading=\"lazy\" decoding=\"async\" width=\"1024\" height=\"683\" src=\"https:\/\/marcali.plebania.hu\/wp-content\/uploads\/2019\/12\/06-7-1024x683.jpg\" alt=\"\" data-id=\"1488\" data-full-url=\"https:\/\/marcali.plebania.hu\/wp-content\/uploads\/2019\/12\/06-7-scaled.jpg\" data-link=\"https:\/\/marcali.plebania.hu\/?attachment_id=1488\" class=\"wp-image-1488\" srcset=\"https:\/\/marcali.plebania.hu\/wp-content\/uploads\/2019\/12\/06-7-1024x683.jpg 1024w, https:\/\/marcali.plebania.hu\/wp-content\/uploads\/2019\/12\/06-7-300x200.jpg 300w, https:\/\/marcali.plebania.hu\/wp-content\/uploads\/2019\/12\/06-7-768x512.jpg 768w, https:\/\/marcali.plebania.hu\/wp-content\/uploads\/2019\/12\/06-7-1536x1024.jpg 1536w, https:\/\/marcali.plebania.hu\/wp-content\/uploads\/2019\/12\/06-7-2048x1365.jpg 2048w, https:\/\/marcali.plebania.hu\/wp-content\/uploads\/2019\/12\/06-7-405x270.jpg 405w\" sizes=\"auto, (max-width: 1024px) 100vw, 1024px\" \/><\/figure><\/li><\/ul><\/figure>\n\n\n\n<p>A sz\u0151l\u0151sgazd\u00e1k ilyenkor mindig hoznak magukkal az idei term\u00e9sb\u0151l egy-egy palackot, hogy egyh\u00e1zi \u00e1ld\u00e1st k\u00e9rjenek az \u00faj boraikra az \u00e9ves munk\u00e1juk lez\u00e1r\u00e1sak\u00e9nt.<\/p>\n\n\n\n<figure class=\"wp-block-gallery columns-3 is-cropped wp-block-gallery-2 is-layout-flex wp-block-gallery-is-layout-flex\"><ul class=\"blocks-gallery-grid\"><li class=\"blocks-gallery-item\"><figure><img loading=\"lazy\" decoding=\"async\" width=\"1024\" height=\"683\" src=\"https:\/\/marcali.plebania.hu\/wp-content\/uploads\/2019\/12\/10-2-1024x683.jpg\" alt=\"\" data-id=\"1489\" data-link=\"https:\/\/marcali.plebania.hu\/?attachment_id=1489\" class=\"wp-image-1489\" srcset=\"https:\/\/marcali.plebania.hu\/wp-content\/uploads\/2019\/12\/10-2-1024x683.jpg 1024w, https:\/\/marcali.plebania.hu\/wp-content\/uploads\/2019\/12\/10-2-300x200.jpg 300w, https:\/\/marcali.plebania.hu\/wp-content\/uploads\/2019\/12\/10-2-768x512.jpg 768w, https:\/\/marcali.plebania.hu\/wp-content\/uploads\/2019\/12\/10-2-1536x1024.jpg 1536w, https:\/\/marcali.plebania.hu\/wp-content\/uploads\/2019\/12\/10-2-2048x1365.jpg 2048w, https:\/\/marcali.plebania.hu\/wp-content\/uploads\/2019\/12\/10-2-405x270.jpg 405w\" sizes=\"auto, (max-width: 1024px) 100vw, 1024px\" \/><\/figure><\/li><li class=\"blocks-gallery-item\"><figure><img loading=\"lazy\" decoding=\"async\" width=\"1024\" height=\"683\" src=\"https:\/\/marcali.plebania.hu\/wp-content\/uploads\/2019\/12\/11-5-1024x683.jpg\" alt=\"\" data-id=\"1490\" data-link=\"https:\/\/marcali.plebania.hu\/?attachment_id=1490\" class=\"wp-image-1490\" srcset=\"https:\/\/marcali.plebania.hu\/wp-content\/uploads\/2019\/12\/11-5-1024x683.jpg 1024w, https:\/\/marcali.plebania.hu\/wp-content\/uploads\/2019\/12\/11-5-300x200.jpg 300w, https:\/\/marcali.plebania.hu\/wp-content\/uploads\/2019\/12\/11-5-768x512.jpg 768w, https:\/\/marcali.plebania.hu\/wp-content\/uploads\/2019\/12\/11-5-1536x1024.jpg 1536w, https:\/\/marcali.plebania.hu\/wp-content\/uploads\/2019\/12\/11-5-2048x1365.jpg 2048w, https:\/\/marcali.plebania.hu\/wp-content\/uploads\/2019\/12\/11-5-405x270.jpg 405w\" sizes=\"auto, (max-width: 1024px) 100vw, 1024px\" \/><\/figure><\/li><li class=\"blocks-gallery-item\"><figure><img loading=\"lazy\" decoding=\"async\" width=\"1024\" height=\"683\" src=\"https:\/\/marcali.plebania.hu\/wp-content\/uploads\/2019\/12\/12-4-1024x683.jpg\" alt=\"\" data-id=\"1491\" data-link=\"https:\/\/marcali.plebania.hu\/?attachment_id=1491\" class=\"wp-image-1491\" srcset=\"https:\/\/marcali.plebania.hu\/wp-content\/uploads\/2019\/12\/12-4-1024x683.jpg 1024w, https:\/\/marcali.plebania.hu\/wp-content\/uploads\/2019\/12\/12-4-300x200.jpg 300w, https:\/\/marcali.plebania.hu\/wp-content\/uploads\/2019\/12\/12-4-768x512.jpg 768w, https:\/\/marcali.plebania.hu\/wp-content\/uploads\/2019\/12\/12-4-1536x1024.jpg 1536w, https:\/\/marcali.plebania.hu\/wp-content\/uploads\/2019\/12\/12-4-2048x1365.jpg 2048w, https:\/\/marcali.plebania.hu\/wp-content\/uploads\/2019\/12\/12-4-405x270.jpg 405w\" sizes=\"auto, (max-width: 1024px) 100vw, 1024px\" \/><\/figure><\/li><li class=\"blocks-gallery-item\"><figure><img loading=\"lazy\" decoding=\"async\" width=\"1024\" height=\"683\" src=\"https:\/\/marcali.plebania.hu\/wp-content\/uploads\/2019\/12\/15-3-1024x683.jpg\" alt=\"\" data-id=\"1492\" data-full-url=\"https:\/\/marcali.plebania.hu\/wp-content\/uploads\/2019\/12\/15-3-scaled.jpg\" data-link=\"https:\/\/marcali.plebania.hu\/?attachment_id=1492\" class=\"wp-image-1492\" srcset=\"https:\/\/marcali.plebania.hu\/wp-content\/uploads\/2019\/12\/15-3-1024x683.jpg 1024w, https:\/\/marcali.plebania.hu\/wp-content\/uploads\/2019\/12\/15-3-300x200.jpg 300w, https:\/\/marcali.plebania.hu\/wp-content\/uploads\/2019\/12\/15-3-768x512.jpg 768w, https:\/\/marcali.plebania.hu\/wp-content\/uploads\/2019\/12\/15-3-1536x1024.jpg 1536w, https:\/\/marcali.plebania.hu\/wp-content\/uploads\/2019\/12\/15-3-2048x1365.jpg 2048w, https:\/\/marcali.plebania.hu\/wp-content\/uploads\/2019\/12\/15-3-405x270.jpg 405w\" sizes=\"auto, (max-width: 1024px) 100vw, 1024px\" \/><\/figure><\/li><\/ul><\/figure>\n\n\n\n<p>Az \u00e1ld\u00e1s el\u0151tt Bogn\u00e1r Gy\u00f6rgy, k\u00fcl\u00f6n erre az alkalomra \u00edrt, saj\u00e1t szerzem\u00e9ny\u0171 vers\u00e9t szavalta el. A szentmise ut\u00e1n pedig, a Boldog II. J\u00e1nos P\u00e1l p\u00e1pa t\u00e9ren Iv\u00e1n atya meg\u00e1ldotta a forralt bort is, melyet Gelencs\u00e9r R\u00f3bert vil\u00e1gi eln\u00f6k \u00e9s csal\u00e1dja k\u00edn\u00e1lt a jelenl\u00e9v\u0151 h\u00edveknek.<\/p>\n\n\n\n<figure class=\"wp-block-gallery columns-3 is-cropped wp-block-gallery-3 is-layout-flex wp-block-gallery-is-layout-flex\"><ul class=\"blocks-gallery-grid\"><li class=\"blocks-gallery-item\"><figure><img loading=\"lazy\" decoding=\"async\" width=\"1024\" height=\"683\" src=\"https:\/\/marcali.plebania.hu\/wp-content\/uploads\/2019\/12\/19-3-1024x683.jpg\" alt=\"\" data-id=\"1493\" data-link=\"https:\/\/marcali.plebania.hu\/?attachment_id=1493\" class=\"wp-image-1493\" srcset=\"https:\/\/marcali.plebania.hu\/wp-content\/uploads\/2019\/12\/19-3-1024x683.jpg 1024w, https:\/\/marcali.plebania.hu\/wp-content\/uploads\/2019\/12\/19-3-300x200.jpg 300w, https:\/\/marcali.plebania.hu\/wp-content\/uploads\/2019\/12\/19-3-768x512.jpg 768w, https:\/\/marcali.plebania.hu\/wp-content\/uploads\/2019\/12\/19-3-1536x1024.jpg 1536w, https:\/\/marcali.plebania.hu\/wp-content\/uploads\/2019\/12\/19-3-2048x1365.jpg 2048w, https:\/\/marcali.plebania.hu\/wp-content\/uploads\/2019\/12\/19-3-405x270.jpg 405w\" sizes=\"auto, (max-width: 1024px) 100vw, 1024px\" \/><\/figure><\/li><li class=\"blocks-gallery-item\"><figure><img loading=\"lazy\" decoding=\"async\" width=\"1024\" height=\"683\" src=\"https:\/\/marcali.plebania.hu\/wp-content\/uploads\/2019\/12\/27-2-1024x683.jpg\" alt=\"\" data-id=\"1494\" data-link=\"https:\/\/marcali.plebania.hu\/?attachment_id=1494\" class=\"wp-image-1494\" srcset=\"https:\/\/marcali.plebania.hu\/wp-content\/uploads\/2019\/12\/27-2-1024x683.jpg 1024w, https:\/\/marcali.plebania.hu\/wp-content\/uploads\/2019\/12\/27-2-300x200.jpg 300w, https:\/\/marcali.plebania.hu\/wp-content\/uploads\/2019\/12\/27-2-768x512.jpg 768w, https:\/\/marcali.plebania.hu\/wp-content\/uploads\/2019\/12\/27-2-1536x1024.jpg 1536w, https:\/\/marcali.plebania.hu\/wp-content\/uploads\/2019\/12\/27-2-2048x1365.jpg 2048w, https:\/\/marcali.plebania.hu\/wp-content\/uploads\/2019\/12\/27-2-405x270.jpg 405w\" sizes=\"auto, (max-width: 1024px) 100vw, 1024px\" \/><\/figure><\/li><li class=\"blocks-gallery-item\"><figure><img loading=\"lazy\" decoding=\"async\" width=\"1024\" height=\"683\" src=\"https:\/\/marcali.plebania.hu\/wp-content\/uploads\/2019\/12\/30-2-1024x683.jpg\" alt=\"\" data-id=\"1495\" data-link=\"https:\/\/marcali.plebania.hu\/?attachment_id=1495\" class=\"wp-image-1495\" srcset=\"https:\/\/marcali.plebania.hu\/wp-content\/uploads\/2019\/12\/30-2-1024x683.jpg 1024w, https:\/\/marcali.plebania.hu\/wp-content\/uploads\/2019\/12\/30-2-300x200.jpg 300w, https:\/\/marcali.plebania.hu\/wp-content\/uploads\/2019\/12\/30-2-768x512.jpg 768w, https:\/\/marcali.plebania.hu\/wp-content\/uploads\/2019\/12\/30-2-1536x1024.jpg 1536w, https:\/\/marcali.plebania.hu\/wp-content\/uploads\/2019\/12\/30-2-2048x1365.jpg 2048w, https:\/\/marcali.plebania.hu\/wp-content\/uploads\/2019\/12\/30-2-405x270.jpg 405w\" sizes=\"auto, (max-width: 1024px) 100vw, 1024px\" \/><\/figure><\/li><li class=\"blocks-gallery-item\"><figure><img loading=\"lazy\" decoding=\"async\" width=\"1024\" height=\"683\" src=\"https:\/\/marcali.plebania.hu\/wp-content\/uploads\/2019\/12\/33-3-1024x683.jpg\" alt=\"\" data-id=\"1496\" data-full-url=\"https:\/\/marcali.plebania.hu\/wp-content\/uploads\/2019\/12\/33-3-scaled.jpg\" data-link=\"https:\/\/marcali.plebania.hu\/?attachment_id=1496\" class=\"wp-image-1496\" srcset=\"https:\/\/marcali.plebania.hu\/wp-content\/uploads\/2019\/12\/33-3-1024x683.jpg 1024w, https:\/\/marcali.plebania.hu\/wp-content\/uploads\/2019\/12\/33-3-300x200.jpg 300w, https:\/\/marcali.plebania.hu\/wp-content\/uploads\/2019\/12\/33-3-768x512.jpg 768w, https:\/\/marcali.plebania.hu\/wp-content\/uploads\/2019\/12\/33-3-1536x1024.jpg 1536w, https:\/\/marcali.plebania.hu\/wp-content\/uploads\/2019\/12\/33-3-2048x1365.jpg 2048w, https:\/\/marcali.plebania.hu\/wp-content\/uploads\/2019\/12\/33-3-405x270.jpg 405w\" sizes=\"auto, (max-width: 1024px) 100vw, 1024px\" \/><\/figure><\/li><\/ul><\/figure>\n\n\n\n<p>Az istentiszteleten k\u00f6zrem\u0171k\u00f6d\u00f6tt\nm\u00e9g Kozma Kriszti\u00e1n, Kazinczy-d\u00edjas versmond\u00f3, a F\u00e9ny Gyermekei Zenekar,\nvalamint orgon\u00e1n Balogh B\u00e1lint k\u00e1ntor \u00e9s heged\u0171n J\u00e1ki Zolt\u00e1n.<\/p>\n","protected":false},"excerpt":{"rendered":"<p>2019. december 26-\u00e1n, cs\u00fct\u00f6rt\u00f6k\u00f6n, Kar\u00e1csony m\u00e1snapj\u00e1n, a 9 \u00f3r\u00e1s szentmis\u00e9n \u2013 a r\u00e9gi hagyom\u00e1nyoknak megfelel\u0151en \u2013 a Kiss Iv\u00e1n c. pr\u00e9post, esperes-pl\u00e9b\u00e1nos meg\u00e1ldotta az idei borokat a Marcali Gy\u00fcm\u00f6lcsolt\u00f3 Boldogasszony pl\u00e9b\u00e1niatemplomban. A sz\u0151l\u0151sgazd\u00e1k ilyenkor mindig hoznak magukkal az idei term\u00e9sb\u0151l egy-egy palackot, hogy egyh\u00e1zi \u00e1ld\u00e1st k\u00e9rjenek az \u00faj boraikra az \u00e9ves munk\u00e1juk lez\u00e1r\u00e1sak\u00e9nt. Az \u00e1ld\u00e1s el\u0151tt Bogn\u00e1r Gy\u00f6rgy, k\u00fcl\u00f6n erre az alkalomra \u00edrt, saj\u00e1t szerzem\u00e9ny\u0171 vers\u00e9t szavalta el. A szentmise ut\u00e1n pedig, a Boldog II. J\u00e1nos P\u00e1l p\u00e1pa t\u00e9ren Iv\u00e1n&#8230;<\/p>\n<p class=\"read-more\"><a class=\"btn btn-default\" href=\"https:\/\/marcali.plebania.hu\/?p=1484\"> Read More<span class=\"screen-reader-text\">  Read More<\/span><\/a><\/p>\n","protected":false},"author":2,"featured_media":0,"comment_status":"closed","ping_status":"open","sticky":false,"template":"","format":"standard","meta":{"footnotes":""},"categories":[1],"tags":[],"class_list":["post-1484","post","type-post","status-publish","format-standard","hentry","category-egyeb"],"_links":{"self":[{"href":"https:\/\/marcali.plebania.hu\/index.php?rest_route=\/wp\/v2\/posts\/1484","targetHints":{"allow":["GET"]}}],"collection":[{"href":"https:\/\/marcali.plebania.hu\/index.php?rest_route=\/wp\/v2\/posts"}],"about":[{"href":"https:\/\/marcali.plebania.hu\/index.php?rest_route=\/wp\/v2\/types\/post"}],"author":[{"embeddable":true,"href":"https:\/\/marcali.plebania.hu\/index.php?rest_route=\/wp\/v2\/users\/2"}],"replies":[{"embeddable":true,"href":"https:\/\/marcali.plebania.hu\/index.php?rest_route=%2Fwp%2Fv2%2Fcomments&post=1484"}],"version-history":[{"count":1,"href":"https:\/\/marcali.plebania.hu\/index.php?rest_route=\/wp\/v2\/posts\/1484\/revisions"}],"predecessor-version":[{"id":1497,"href":"https:\/\/marcali.plebania.hu\/index.php?rest_route=\/wp\/v2\/posts\/1484\/revisions\/1497"}],"wp:attachment":[{"href":"https:\/\/marcali.plebania.hu\/index.php?rest_route=%2Fwp%2Fv2%2Fmedia&parent=1484"}],"wp:term":[{"taxonomy":"category","embeddable":true,"href":"https:\/\/marcali.plebania.hu\/index.php?rest_route=%2Fwp%2Fv2%2Fcategories&post=1484"},{"taxonomy":"post_tag","embeddable":true,"href":"https:\/\/marcali.plebania.hu\/index.php?rest_route=%2Fwp%2Fv2%2Ftags&post=1484"}],"curies":[{"name":"wp","href":"https:\/\/api.w.org\/{rel}","templated":true}]}}