{"id":1498,"date":"2019-12-28T23:08:42","date_gmt":"2019-12-28T23:08:42","guid":{"rendered":"https:\/\/marcali.plebania.hu\/?p=1498"},"modified":"2019-12-28T23:08:42","modified_gmt":"2019-12-28T23:08:42","slug":"hirdetesek-2019-12-29","status":"publish","type":"post","link":"https:\/\/marcali.plebania.hu\/?p=1498","title":{"rendered":"Hirdet\u00e9sek, 2019. 12. 29."},"content":{"rendered":"\n<ol class=\"wp-block-list\"><li>Ma\na Szent Csal\u00e1d \u00fcnnepe van.<\/li><li>Kedden,\nszilveszterkor 16.30-kor a k\u00f6z\u00f6ss\u00e9gek \u00e9v v\u00e9gi h\u00e1laad\u00e1sa kezd\u0151dik, majd 17\n\u00f3rakor szentmise, pl\u00e9b\u00e1nosi besz\u00e1mol\u00f3val. Ut\u00e1na az X-h\u00e1zba fogad\u00e1sra h\u00edvjuk a\nk\u00f6z\u00f6ss\u00e9gek tagjait \u00e9s mindazokat, akik ebben az \u00e9vben is seg\u00edtett\u00e9k az\negyh\u00e1zk\u00f6zs\u00e9g munk\u00e1j\u00e1t.<\/li><li>Szerd\u00e1n,\n\u00faj\u00e9v napj\u00e1n 10 \u00f3rakor a pl\u00e9b\u00e1niatemplomban, 17 \u00f3rakor a B. Gizella templomban\nlesz szentmise.<\/li><li>\u00daj\u00e9v\nnapj\u00e1n, a hirdet\u0151t\u00e1bl\u00e1n kif\u00fcggesztett rend szerint az \u00f6r\u00f6k\u00f6s r\u00f3zsaf\u00fcz\u00e9rt\nim\u00e1dkozz\u00e1k a R\u00f3zsaf\u00fcz\u00e9r T\u00e1rsulat tagjai.<\/li><li>P\u00e9nteken,\nels\u0151 p\u00e9ntek 16.30-t\u00f3l szents\u00e9gim\u00e1d\u00e1s, 17 \u00f3rakor szentmise.<\/li><li>A\nXX. Marcali Katolikus B\u00e1l janu\u00e1r 25-\u00e9n, szombaton 19 \u00f3rakor a GY\u00c9K-ben ker\u00fcl\nmegrendez\u00e9sre. A bel\u00e9p\u0151jegy \u00e1ra. 4.000 Ft\/f\u0151 (vacsor\u00e1val, viszont az\nitalfogyaszt\u00e1st nem tartalmazza). Jelentkezni Gelencs\u00e9r R\u00f3bertn\u00e9l, S\u00e1voly\nAndre\u00e1n\u00e1l \u00e9s a pl\u00e9b\u00e1ni\u00e1n lehet. Tombolat\u00e1rgyak felaj\u00e1nl\u00e1s\u00e1t k\u00f6sz\u00f6nettel\nelfogadunk.<\/li><li>Az\nEukarisztikus kongresszusra val\u00f3 jelentkez\u00e9s elindult. Gelencs\u00e9r R\u00f3bert vil\u00e1gi\neln\u00f6k\u00f6t jel\u00f6ltem ki csoportvezet\u0151nek, akin\u00e9l jelentkezni lehet. Terveink\nszerint a kongresszusra szombati napon menn\u00e9nk, amikor a Kossuth t\u00e9ri\nszentmis\u00e9r\u0151l f\u00e1kly\u00e1s k\u00f6rmenettel a H\u0151s\u00f6k ter\u00e9ig megy\u00fcnk.<\/li><\/ol>\n","protected":false},"excerpt":{"rendered":"<p>Ma a Szent Csal\u00e1d \u00fcnnepe van. Kedden, szilveszterkor 16.30-kor a k\u00f6z\u00f6ss\u00e9gek \u00e9v v\u00e9gi h\u00e1laad\u00e1sa kezd\u0151dik, majd 17 \u00f3rakor szentmise, pl\u00e9b\u00e1nosi besz\u00e1mol\u00f3val. Ut\u00e1na az X-h\u00e1zba fogad\u00e1sra h\u00edvjuk a k\u00f6z\u00f6ss\u00e9gek tagjait \u00e9s mindazokat, akik ebben az \u00e9vben is seg\u00edtett\u00e9k az egyh\u00e1zk\u00f6zs\u00e9g munk\u00e1j\u00e1t. Szerd\u00e1n, \u00faj\u00e9v napj\u00e1n 10 \u00f3rakor a pl\u00e9b\u00e1niatemplomban, 17 \u00f3rakor a B. Gizella templomban lesz szentmise. \u00daj\u00e9v napj\u00e1n, a hirdet\u0151t\u00e1bl\u00e1n kif\u00fcggesztett rend szerint az \u00f6r\u00f6k\u00f6s r\u00f3zsaf\u00fcz\u00e9rt im\u00e1dkozz\u00e1k a R\u00f3zsaf\u00fcz\u00e9r T\u00e1rsulat tagjai. P\u00e9nteken, els\u0151 p\u00e9ntek 16.30-t\u00f3l szents\u00e9gim\u00e1d\u00e1s, 17 \u00f3rakor szentmise. A XX&#8230;.<\/p>\n<p class=\"read-more\"><a class=\"btn btn-default\" href=\"https:\/\/marcali.plebania.hu\/?p=1498\"> Read More<span class=\"screen-reader-text\">  Read More<\/span><\/a><\/p>\n","protected":false},"author":2,"featured_media":0,"comment_status":"closed","ping_status":"open","sticky":false,"template":"","format":"standard","meta":{"footnotes":""},"categories":[1],"tags":[],"class_list":["post-1498","post","type-post","status-publish","format-standard","hentry","category-egyeb"],"_links":{"self":[{"href":"https:\/\/marcali.plebania.hu\/index.php?rest_route=\/wp\/v2\/posts\/1498","targetHints":{"allow":["GET"]}}],"collection":[{"href":"https:\/\/marcali.plebania.hu\/index.php?rest_route=\/wp\/v2\/posts"}],"about":[{"href":"https:\/\/marcali.plebania.hu\/index.php?rest_route=\/wp\/v2\/types\/post"}],"author":[{"embeddable":true,"href":"https:\/\/marcali.plebania.hu\/index.php?rest_route=\/wp\/v2\/users\/2"}],"replies":[{"embeddable":true,"href":"https:\/\/marcali.plebania.hu\/index.php?rest_route=%2Fwp%2Fv2%2Fcomments&post=1498"}],"version-history":[{"count":1,"href":"https:\/\/marcali.plebania.hu\/index.php?rest_route=\/wp\/v2\/posts\/1498\/revisions"}],"predecessor-version":[{"id":1499,"href":"https:\/\/marcali.plebania.hu\/index.php?rest_route=\/wp\/v2\/posts\/1498\/revisions\/1499"}],"wp:attachment":[{"href":"https:\/\/marcali.plebania.hu\/index.php?rest_route=%2Fwp%2Fv2%2Fmedia&parent=1498"}],"wp:term":[{"taxonomy":"category","embeddable":true,"href":"https:\/\/marcali.plebania.hu\/index.php?rest_route=%2Fwp%2Fv2%2Fcategories&post=1498"},{"taxonomy":"post_tag","embeddable":true,"href":"https:\/\/marcali.plebania.hu\/index.php?rest_route=%2Fwp%2Fv2%2Ftags&post=1498"}],"curies":[{"name":"wp","href":"https:\/\/api.w.org\/{rel}","templated":true}]}}