{"id":150,"date":"2018-04-24T08:40:43","date_gmt":"2018-04-24T08:40:43","guid":{"rendered":"https:\/\/marcali.plebania.hu\/?p=150"},"modified":"2018-04-24T08:41:06","modified_gmt":"2018-04-24T08:41:06","slug":"hirdetesek-2","status":"publish","type":"post","link":"https:\/\/marcali.plebania.hu\/?p=150","title":{"rendered":"Hirdet\u00e9sek"},"content":{"rendered":"<p style=\"text-align: center;\"><strong>2018.04.22.<\/strong><\/p>\n<p class=\"m_5242887488878965702gmail-MsoListParagraphCxSpFirst\">1.\u00a0\u00a0\u00a0\u00a0Ma van H\u00fasv\u00e9t vas\u00e1rnapja, a J\u00f3 P\u00e1sztor vas\u00e1rnapja.<\/p>\n<p class=\"m_5242887488878965702gmail-MsoListParagraphCxSpMiddle\">2.\u00a0\u00a0\u00a0\u00a0A j\u00f6v\u0151 h\u00e9ten keddt\u0151l este 18 \u00f3rakor szentmise, p\u00e9nteken 17.30-t\u00f3l szents\u00e9gim\u00e1d\u00e1s.<\/p>\n<p class=\"m_5242887488878965702gmail-MsoListParagraphCxSpMiddle\">3.\u00a0\u00a0\u00a0\u00a0Kedden 18.30-kor az X-h\u00e1zba \u00f6sszeh\u00edvtam az Egyh\u00e1zk\u00f6zs\u00e9g K\u00e9pvisel\u0151 Test\u00fcletet.<\/p>\n<p class=\"m_5242887488878965702gmail-MsoListParagraphCxSpMiddle\">4.\u00a0\u00a0\u00a0\u00a0Szerd\u00e1n 16.30-kor az X-h\u00e1z nagyterm\u00e9ben sz\u00fcl\u0151i \u00e9rtekezletet tartunk az els\u0151\u00e1ldoz\u00e1sra k\u00e9sz\u00fcl\u0151 gyermekek sz\u00fcleinek, 17 \u00f3rakor a b\u00e9rm\u00e1l\u00e1sra k\u00e9sz\u00fcl\u0151 gyermekek sz\u00fcleinek.<\/p>\n<p class=\"m_5242887488878965702gmail-MsoListParagraphCxSpMiddle\">5.\u00a0\u00a0\u00a0\u00a0M\u00e1jus 3-\u00e1n (k\u00e9t h\u00e9t m\u00falva szerd\u00e1n) 17 \u00f3rakor az X-h\u00e1z nagyterm\u00e9ben megbesz\u00e9l\u00e9s lesz a M\u00e1ria Bisztricai zar\u00e1ndoklattal kapcsolatban. Akik csoportos biztos\u00edt\u00e1st szeretn\u00e9nek k\u00f6tni, azok hozzanak magukkal kb. 400- Ft-ot.<\/p>\n<p class=\"m_5242887488878965702gmail-MsoListParagraphCxSpLast\">6.\u00a0\u00a0\u00a0\u00a0Mivel az \u00daj Ember \u00e9s az Ador\u00e9mus el\u0151fizet\u00e9se megv\u00e1ltozott (r\u00e1t\u00e9rtek a negyed\u00e9ves el\u0151fizet\u00e9sre), k\u00e9rem 1 h\u00e9ten bel\u00fcl jelezz\u00e9k, hogy kik k\u00e9rnek \u00daj Embert \u00e9s Ador\u00e9mus kiadv\u00e1nyt, mert annyit fogok rendelni, amennyi t\u00e9nyleges elfogy.<\/p>\n","protected":false},"excerpt":{"rendered":"<p>2018.04.22. 1.\u00a0\u00a0\u00a0\u00a0Ma van H\u00fasv\u00e9t vas\u00e1rnapja, a J\u00f3 P\u00e1sztor vas\u00e1rnapja. 2.\u00a0\u00a0\u00a0\u00a0A j\u00f6v\u0151 h\u00e9ten keddt\u0151l este 18 \u00f3rakor szentmise, p\u00e9nteken 17.30-t\u00f3l szents\u00e9gim\u00e1d\u00e1s. 3.\u00a0\u00a0\u00a0\u00a0Kedden 18.30-kor az X-h\u00e1zba \u00f6sszeh\u00edvtam az Egyh\u00e1zk\u00f6zs\u00e9g K\u00e9pvisel\u0151 Test\u00fcletet. 4.\u00a0\u00a0\u00a0\u00a0Szerd\u00e1n 16.30-kor az X-h\u00e1z nagyterm\u00e9ben sz\u00fcl\u0151i \u00e9rtekezletet tartunk az els\u0151\u00e1ldoz\u00e1sra k\u00e9sz\u00fcl\u0151 gyermekek sz\u00fcleinek, 17 \u00f3rakor a b\u00e9rm\u00e1l\u00e1sra k\u00e9sz\u00fcl\u0151 gyermekek sz\u00fcleinek. 5.\u00a0\u00a0\u00a0\u00a0M\u00e1jus 3-\u00e1n (k\u00e9t h\u00e9t m\u00falva szerd\u00e1n) 17 \u00f3rakor az X-h\u00e1z nagyterm\u00e9ben megbesz\u00e9l\u00e9s lesz a M\u00e1ria Bisztricai zar\u00e1ndoklattal kapcsolatban. Akik csoportos biztos\u00edt\u00e1st szeretn\u00e9nek k\u00f6tni, azok hozzanak magukkal kb. 400- Ft-ot. 6.\u00a0\u00a0\u00a0\u00a0Mivel az&#8230;<\/p>\n<p class=\"read-more\"><a class=\"btn btn-default\" href=\"https:\/\/marcali.plebania.hu\/?p=150\"> Read More<span class=\"screen-reader-text\">  Read More<\/span><\/a><\/p>\n","protected":false},"author":1,"featured_media":0,"comment_status":"closed","ping_status":"open","sticky":false,"template":"","format":"standard","meta":{"footnotes":""},"categories":[3],"tags":[],"class_list":["post-150","post","type-post","status-publish","format-standard","hentry","category-hirdetesek"],"_links":{"self":[{"href":"https:\/\/marcali.plebania.hu\/index.php?rest_route=\/wp\/v2\/posts\/150","targetHints":{"allow":["GET"]}}],"collection":[{"href":"https:\/\/marcali.plebania.hu\/index.php?rest_route=\/wp\/v2\/posts"}],"about":[{"href":"https:\/\/marcali.plebania.hu\/index.php?rest_route=\/wp\/v2\/types\/post"}],"author":[{"embeddable":true,"href":"https:\/\/marcali.plebania.hu\/index.php?rest_route=\/wp\/v2\/users\/1"}],"replies":[{"embeddable":true,"href":"https:\/\/marcali.plebania.hu\/index.php?rest_route=%2Fwp%2Fv2%2Fcomments&post=150"}],"version-history":[{"count":2,"href":"https:\/\/marcali.plebania.hu\/index.php?rest_route=\/wp\/v2\/posts\/150\/revisions"}],"predecessor-version":[{"id":152,"href":"https:\/\/marcali.plebania.hu\/index.php?rest_route=\/wp\/v2\/posts\/150\/revisions\/152"}],"wp:attachment":[{"href":"https:\/\/marcali.plebania.hu\/index.php?rest_route=%2Fwp%2Fv2%2Fmedia&parent=150"}],"wp:term":[{"taxonomy":"category","embeddable":true,"href":"https:\/\/marcali.plebania.hu\/index.php?rest_route=%2Fwp%2Fv2%2Fcategories&post=150"},{"taxonomy":"post_tag","embeddable":true,"href":"https:\/\/marcali.plebania.hu\/index.php?rest_route=%2Fwp%2Fv2%2Ftags&post=150"}],"curies":[{"name":"wp","href":"https:\/\/api.w.org\/{rel}","templated":true}]}}