{"id":1500,"date":"2020-01-03T07:57:51","date_gmt":"2020-01-03T07:57:51","guid":{"rendered":"https:\/\/marcali.plebania.hu\/?p=1500"},"modified":"2020-01-03T09:11:57","modified_gmt":"2020-01-03T09:11:57","slug":"hirdetesek-2020-01-05","status":"publish","type":"post","link":"https:\/\/marcali.plebania.hu\/?p=1500","title":{"rendered":"Hirdet\u00e9sek, 2020. 01. 05."},"content":{"rendered":"\n<ol class=\"wp-block-list\"><li>Ma van Kar\u00e1csony 2. vas\u00e1rnapja.<\/li><li>H\u00e9tf\u0151n V\u00edzkereszt \u00fcnnepe, a pl\u00e9b\u00e1niatemplomban 17 \u00f3rakor szentmise.<\/li><li>P\u00e9nteken 16.30-kor szents\u00e9gim\u00e1d\u00e1s, 17 \u00f3rakor szentmise.<\/li><li>Megk\u00f6sz\u00f6nj\u00fck mindazok munk\u00e1j\u00e1t, akik r\u00e9szt vettek a k\u00fclt\u00e9ri \u00e1dventi koszor\u00fa \u00e9s betlehem lebont\u00e1s\u00e1ban.<\/li><li>A XX. Marcali Katolikus B\u00e1l janu\u00e1r 25-\u00e9n, szombaton 19 \u00f3rakor a GY\u00c9K-ben ker\u00fcl megrendez\u00e9sre. A bel\u00e9p\u0151jegy \u00e1ra. 4.000 Ft\/f\u0151 (vacsor\u00e1val, viszont az italfogyaszt\u00e1st nem tartalmazza). Jelentkezni Gelencs\u00e9r R\u00f3bertn\u00e9l, S\u00e1voly Andre\u00e1n\u00e1l \u00e9s a pl\u00e9b\u00e1ni\u00e1n lehet. Tombolat\u00e1rgyak felaj\u00e1nl\u00e1s\u00e1t k\u00f6sz\u00f6nettel elfogadunk.<\/li><li>Az Eukarisztikus kongresszusra val\u00f3 jelentkez\u00e9s elindult. Gelencs\u00e9r R\u00f3bert vil\u00e1gi eln\u00f6k\u00f6t jel\u00f6ltem ki csoportvezet\u0151nek, akin\u00e9l jelentkezni lehet. Terveink szerint a kongresszusra szombati napon menn\u00e9nk, amikor a Kossuth t\u00e9ri szentmis\u00e9r\u0151l f\u00e1kly\u00e1s k\u00f6rmenettel a H\u0151s\u00f6k ter\u00e9ig megy\u00fcnk.<\/li><\/ol>\n","protected":false},"excerpt":{"rendered":"<p>Ma van Kar\u00e1csony 2. vas\u00e1rnapja. H\u00e9tf\u0151n V\u00edzkereszt \u00fcnnepe, a pl\u00e9b\u00e1niatemplomban 17 \u00f3rakor szentmise. P\u00e9nteken 16.30-kor szents\u00e9gim\u00e1d\u00e1s, 17 \u00f3rakor szentmise. Megk\u00f6sz\u00f6nj\u00fck mindazok munk\u00e1j\u00e1t, akik r\u00e9szt vettek a k\u00fclt\u00e9ri \u00e1dventi koszor\u00fa \u00e9s betlehem lebont\u00e1s\u00e1ban. A XX. Marcali Katolikus B\u00e1l janu\u00e1r 25-\u00e9n, szombaton 19 \u00f3rakor a GY\u00c9K-ben ker\u00fcl megrendez\u00e9sre. A bel\u00e9p\u0151jegy \u00e1ra. 4.000 Ft\/f\u0151 (vacsor\u00e1val, viszont az italfogyaszt\u00e1st nem tartalmazza). Jelentkezni Gelencs\u00e9r R\u00f3bertn\u00e9l, S\u00e1voly Andre\u00e1n\u00e1l \u00e9s a pl\u00e9b\u00e1ni\u00e1n lehet. Tombolat\u00e1rgyak felaj\u00e1nl\u00e1s\u00e1t k\u00f6sz\u00f6nettel elfogadunk. Az Eukarisztikus kongresszusra val\u00f3 jelentkez\u00e9s elindult. Gelencs\u00e9r R\u00f3bert vil\u00e1gi eln\u00f6k\u00f6t&#8230;<\/p>\n<p class=\"read-more\"><a class=\"btn btn-default\" href=\"https:\/\/marcali.plebania.hu\/?p=1500\"> Read More<span class=\"screen-reader-text\">  Read More<\/span><\/a><\/p>\n","protected":false},"author":2,"featured_media":0,"comment_status":"closed","ping_status":"open","sticky":false,"template":"","format":"standard","meta":{"footnotes":""},"categories":[1],"tags":[],"class_list":["post-1500","post","type-post","status-publish","format-standard","hentry","category-egyeb"],"_links":{"self":[{"href":"https:\/\/marcali.plebania.hu\/index.php?rest_route=\/wp\/v2\/posts\/1500","targetHints":{"allow":["GET"]}}],"collection":[{"href":"https:\/\/marcali.plebania.hu\/index.php?rest_route=\/wp\/v2\/posts"}],"about":[{"href":"https:\/\/marcali.plebania.hu\/index.php?rest_route=\/wp\/v2\/types\/post"}],"author":[{"embeddable":true,"href":"https:\/\/marcali.plebania.hu\/index.php?rest_route=\/wp\/v2\/users\/2"}],"replies":[{"embeddable":true,"href":"https:\/\/marcali.plebania.hu\/index.php?rest_route=%2Fwp%2Fv2%2Fcomments&post=1500"}],"version-history":[{"count":2,"href":"https:\/\/marcali.plebania.hu\/index.php?rest_route=\/wp\/v2\/posts\/1500\/revisions"}],"predecessor-version":[{"id":1502,"href":"https:\/\/marcali.plebania.hu\/index.php?rest_route=\/wp\/v2\/posts\/1500\/revisions\/1502"}],"wp:attachment":[{"href":"https:\/\/marcali.plebania.hu\/index.php?rest_route=%2Fwp%2Fv2%2Fmedia&parent=1500"}],"wp:term":[{"taxonomy":"category","embeddable":true,"href":"https:\/\/marcali.plebania.hu\/index.php?rest_route=%2Fwp%2Fv2%2Fcategories&post=1500"},{"taxonomy":"post_tag","embeddable":true,"href":"https:\/\/marcali.plebania.hu\/index.php?rest_route=%2Fwp%2Fv2%2Ftags&post=1500"}],"curies":[{"name":"wp","href":"https:\/\/api.w.org\/{rel}","templated":true}]}}