{"id":1504,"date":"2020-01-10T08:49:26","date_gmt":"2020-01-10T08:49:26","guid":{"rendered":"https:\/\/marcali.plebania.hu\/?p=1504"},"modified":"2020-01-10T08:49:26","modified_gmt":"2020-01-10T08:49:26","slug":"hirdetesek-2020-01-12","status":"publish","type":"post","link":"https:\/\/marcali.plebania.hu\/?p=1504","title":{"rendered":"Hirdet\u00e9sek, 2020. 01. 12."},"content":{"rendered":"\n<ol class=\"wp-block-list\"><li>Ma J\u00e9zus\nmegkeresztelked\u00e9s\u00e9nek vas\u00e1rnapja. A kar\u00e1csonyi \u00fcnnepk\u00f6r v\u00e9ge.<\/li><li>A j\u00f6v\u0151 h\u00e9ten,\nkedden 16 \u00f3rakor tartjuk meg a fatimai ima\u00f3r\u00e1t, 17 \u00f3rakor szentmise.<\/li><li>Szerd\u00e1n 16 \u00f3rakor\naz X-h\u00e1zban K\u00c9SZ gy\u0171l\u00e9s lesz, melyre a tagokat v\u00e1rj\u00e1k.<\/li><li>P\u00e9nteken 16.30-kor\nszents\u00e9gim\u00e1d\u00e1s, 17 \u00f3rakor szentmise.<\/li><li>A j\u00f6v\u0151 vas\u00e1rnap\nkezd\u0151dik az \u00f6kumenikus imah\u00e9t a kereszt\u00e9nyek egys\u00e9g\u00e9\u00e9rt. Az idei \u00e9v jelmondata:\n\u201e\u2026igen embers\u00e9gesen b\u00e1ntak vel\u00fcnk\u2026\u201d (ApCsel 28,2) A j\u00f6v\u0151 vas\u00e1rnap (19-\u00e9n) 9\n\u00f3rakor a pl\u00e9b\u00e1niatemplomban \u00f6kumenikus istentiszteletet tartunk, melyen az ig\u00e9t\nFazekas Kriszti\u00e1n reform\u00e1tus lelkip\u00e1sztor tartja.<\/li><li>A XX. Marcali\nKatolikus B\u00e1l janu\u00e1r 25-\u00e9n, szombaton 19 \u00f3rakor a GY\u00c9K-ben ker\u00fcl megrendez\u00e9sre.\nA bel\u00e9p\u0151jegy \u00e1ra. 4.000 Ft\/f\u0151 (vacsor\u00e1val, viszont az italfogyaszt\u00e1st nem\ntartalmazza). Jelentkezni Gelencs\u00e9r R\u00f3bertn\u00e9l, S\u00e1voly Andre\u00e1n\u00e1l \u00e9s a pl\u00e9b\u00e1ni\u00e1n\nlehet. Tombolat\u00e1rgyak felaj\u00e1nl\u00e1s\u00e1t k\u00f6sz\u00f6nettel elfogadunk.<\/li><li>Az Eukarisztikus\nkongresszusra val\u00f3 jelentkez\u00e9s elindult. Gelencs\u00e9r R\u00f3bert vil\u00e1gi eln\u00f6k\u00f6t jel\u00f6ltem\nki csoportvezet\u0151nek, akin\u00e9l jelentkezni lehet. Terveink szerint a kongresszusra\nszombati napon menn\u00e9nk, amikor a Kossuth t\u00e9ri szentmis\u00e9r\u0151l f\u00e1kly\u00e1s k\u00f6rmenettel\na H\u0151s\u00f6k ter\u00e9ig megy\u00fcnk.<\/li><\/ol>\n","protected":false},"excerpt":{"rendered":"<p>Ma J\u00e9zus megkeresztelked\u00e9s\u00e9nek vas\u00e1rnapja. A kar\u00e1csonyi \u00fcnnepk\u00f6r v\u00e9ge. A j\u00f6v\u0151 h\u00e9ten, kedden 16 \u00f3rakor tartjuk meg a fatimai ima\u00f3r\u00e1t, 17 \u00f3rakor szentmise. Szerd\u00e1n 16 \u00f3rakor az X-h\u00e1zban K\u00c9SZ gy\u0171l\u00e9s lesz, melyre a tagokat v\u00e1rj\u00e1k. P\u00e9nteken 16.30-kor szents\u00e9gim\u00e1d\u00e1s, 17 \u00f3rakor szentmise. A j\u00f6v\u0151 vas\u00e1rnap kezd\u0151dik az \u00f6kumenikus imah\u00e9t a kereszt\u00e9nyek egys\u00e9g\u00e9\u00e9rt. Az idei \u00e9v jelmondata: \u201e\u2026igen embers\u00e9gesen b\u00e1ntak vel\u00fcnk\u2026\u201d (ApCsel 28,2) A j\u00f6v\u0151 vas\u00e1rnap (19-\u00e9n) 9 \u00f3rakor a pl\u00e9b\u00e1niatemplomban \u00f6kumenikus istentiszteletet tartunk, melyen az ig\u00e9t Fazekas Kriszti\u00e1n reform\u00e1tus lelkip\u00e1sztor tartja. A&#8230;<\/p>\n<p class=\"read-more\"><a class=\"btn btn-default\" href=\"https:\/\/marcali.plebania.hu\/?p=1504\"> Read More<span class=\"screen-reader-text\">  Read More<\/span><\/a><\/p>\n","protected":false},"author":2,"featured_media":0,"comment_status":"closed","ping_status":"open","sticky":false,"template":"","format":"standard","meta":{"footnotes":""},"categories":[1],"tags":[],"class_list":["post-1504","post","type-post","status-publish","format-standard","hentry","category-egyeb"],"_links":{"self":[{"href":"https:\/\/marcali.plebania.hu\/index.php?rest_route=\/wp\/v2\/posts\/1504","targetHints":{"allow":["GET"]}}],"collection":[{"href":"https:\/\/marcali.plebania.hu\/index.php?rest_route=\/wp\/v2\/posts"}],"about":[{"href":"https:\/\/marcali.plebania.hu\/index.php?rest_route=\/wp\/v2\/types\/post"}],"author":[{"embeddable":true,"href":"https:\/\/marcali.plebania.hu\/index.php?rest_route=\/wp\/v2\/users\/2"}],"replies":[{"embeddable":true,"href":"https:\/\/marcali.plebania.hu\/index.php?rest_route=%2Fwp%2Fv2%2Fcomments&post=1504"}],"version-history":[{"count":1,"href":"https:\/\/marcali.plebania.hu\/index.php?rest_route=\/wp\/v2\/posts\/1504\/revisions"}],"predecessor-version":[{"id":1505,"href":"https:\/\/marcali.plebania.hu\/index.php?rest_route=\/wp\/v2\/posts\/1504\/revisions\/1505"}],"wp:attachment":[{"href":"https:\/\/marcali.plebania.hu\/index.php?rest_route=%2Fwp%2Fv2%2Fmedia&parent=1504"}],"wp:term":[{"taxonomy":"category","embeddable":true,"href":"https:\/\/marcali.plebania.hu\/index.php?rest_route=%2Fwp%2Fv2%2Fcategories&post=1504"},{"taxonomy":"post_tag","embeddable":true,"href":"https:\/\/marcali.plebania.hu\/index.php?rest_route=%2Fwp%2Fv2%2Ftags&post=1504"}],"curies":[{"name":"wp","href":"https:\/\/api.w.org\/{rel}","templated":true}]}}