{"id":1506,"date":"2020-01-17T09:15:34","date_gmt":"2020-01-17T09:15:34","guid":{"rendered":"https:\/\/marcali.plebania.hu\/?p=1506"},"modified":"2020-01-24T09:18:20","modified_gmt":"2020-01-24T09:18:20","slug":"hirdetesek-2020-01-19","status":"publish","type":"post","link":"https:\/\/marcali.plebania.hu\/?p=1506","title":{"rendered":"Hirdet\u00e9sek, 2020. 01. 19."},"content":{"rendered":"\n<ol class=\"wp-block-list\"><li>Ma az \u00e9vk\u00f6zi 2. vas\u00e1rnap, az \u00f6kumenikus imah\u00e9t kezdete.<\/li><li>Az \u00f6kumenikus imah\u00e9t j\u00f6v\u0151 vas\u00e1rnap 17 \u00f3rakor a reform\u00e1tus-evang\u00e9likus templomban z\u00e1rul, melyen ig\u00e9t hirdet Kiss Iv\u00e1n esperes-pl\u00e9b\u00e1nos.<\/li><li>A j\u00f6v\u0151 h\u00e9ten, szerd\u00e1n 17 \u00f3rakor az X-h\u00e1z nagyterm\u00e9ben \u00f6kumenikus biblia\u00f3r\u00e1t tartunk, melyre h\u00edvjuk a katolikus \u00e9s reform\u00e1tus testv\u00e9reket is. Az esti szentmise elmarad.<\/li><li>P\u00e9nteken 16.30 \u00f3rakor szents\u00e9gim\u00e1d\u00e1s, 17 \u00f3rakor szentmise.<\/li><li>Szombaton 19 \u00f3rakor a GY\u00c9K-ben ker\u00fcl megrendez\u00e9sre a 20. Marcali Katolikus B\u00e1l, melyre jegyek m\u00e9g mindig kaphat\u00f3k. Tombola felaj\u00e1nl\u00e1sokat k\u00e9r\u00fcnk a h\u00edvekt\u0151l.<\/li><li>J\u00f6v\u0151 vas\u00e1rnap &#8211; a b\u00e1lra val\u00f3 tekintettel &#8211; 10 \u00f3rakor lesz a szentmise a pl\u00e9b\u00e1niatemplomban.<\/li><li>A hittanos gyermekeink farsangja febru\u00e1r 15-\u00e9n, szombaton 13 \u00f3rakor kezd\u0151dik az X-h\u00e1zban.<\/li><li>Az Eukarisztikus kongresszusra val\u00f3 jelentkez\u00e9s elindult. Gelencs\u00e9r R\u00f3bert vil\u00e1gi eln\u00f6k\u00f6t jel\u00f6ltem ki csoportvezet\u0151nek, akin\u00e9l jelentkezni lehet. Terveink szerint a kongresszusra szombati napon menn\u00e9nk, amikor a Kossuth t\u00e9ri szentmis\u00e9r\u0151l f\u00e1kly\u00e1s k\u00f6rmenettel a H\u0151s\u00f6k ter\u00e9ig megy\u00fcnk.<\/li><\/ol>\n","protected":false},"excerpt":{"rendered":"<p>Ma az \u00e9vk\u00f6zi 2. vas\u00e1rnap, az \u00f6kumenikus imah\u00e9t kezdete. Az \u00f6kumenikus imah\u00e9t j\u00f6v\u0151 vas\u00e1rnap 17 \u00f3rakor a reform\u00e1tus-evang\u00e9likus templomban z\u00e1rul, melyen ig\u00e9t hirdet Kiss Iv\u00e1n esperes-pl\u00e9b\u00e1nos. A j\u00f6v\u0151 h\u00e9ten, szerd\u00e1n 17 \u00f3rakor az X-h\u00e1z nagyterm\u00e9ben \u00f6kumenikus biblia\u00f3r\u00e1t tartunk, melyre h\u00edvjuk a katolikus \u00e9s reform\u00e1tus testv\u00e9reket is. Az esti szentmise elmarad. P\u00e9nteken 16.30 \u00f3rakor szents\u00e9gim\u00e1d\u00e1s, 17 \u00f3rakor szentmise. Szombaton 19 \u00f3rakor a GY\u00c9K-ben ker\u00fcl megrendez\u00e9sre a 20. Marcali Katolikus B\u00e1l, melyre jegyek m\u00e9g mindig kaphat\u00f3k. Tombola felaj\u00e1nl\u00e1sokat k\u00e9r\u00fcnk a h\u00edvekt\u0151l. J\u00f6v\u0151&#8230;<\/p>\n<p class=\"read-more\"><a class=\"btn btn-default\" href=\"https:\/\/marcali.plebania.hu\/?p=1506\"> Read More<span class=\"screen-reader-text\">  Read More<\/span><\/a><\/p>\n","protected":false},"author":2,"featured_media":0,"comment_status":"closed","ping_status":"open","sticky":false,"template":"","format":"standard","meta":{"footnotes":""},"categories":[1],"tags":[],"class_list":["post-1506","post","type-post","status-publish","format-standard","hentry","category-egyeb"],"_links":{"self":[{"href":"https:\/\/marcali.plebania.hu\/index.php?rest_route=\/wp\/v2\/posts\/1506","targetHints":{"allow":["GET"]}}],"collection":[{"href":"https:\/\/marcali.plebania.hu\/index.php?rest_route=\/wp\/v2\/posts"}],"about":[{"href":"https:\/\/marcali.plebania.hu\/index.php?rest_route=\/wp\/v2\/types\/post"}],"author":[{"embeddable":true,"href":"https:\/\/marcali.plebania.hu\/index.php?rest_route=\/wp\/v2\/users\/2"}],"replies":[{"embeddable":true,"href":"https:\/\/marcali.plebania.hu\/index.php?rest_route=%2Fwp%2Fv2%2Fcomments&post=1506"}],"version-history":[{"count":3,"href":"https:\/\/marcali.plebania.hu\/index.php?rest_route=\/wp\/v2\/posts\/1506\/revisions"}],"predecessor-version":[{"id":1540,"href":"https:\/\/marcali.plebania.hu\/index.php?rest_route=\/wp\/v2\/posts\/1506\/revisions\/1540"}],"wp:attachment":[{"href":"https:\/\/marcali.plebania.hu\/index.php?rest_route=%2Fwp%2Fv2%2Fmedia&parent=1506"}],"wp:term":[{"taxonomy":"category","embeddable":true,"href":"https:\/\/marcali.plebania.hu\/index.php?rest_route=%2Fwp%2Fv2%2Fcategories&post=1506"},{"taxonomy":"post_tag","embeddable":true,"href":"https:\/\/marcali.plebania.hu\/index.php?rest_route=%2Fwp%2Fv2%2Ftags&post=1506"}],"curies":[{"name":"wp","href":"https:\/\/api.w.org\/{rel}","templated":true}]}}