{"id":1510,"date":"2020-01-23T08:57:37","date_gmt":"2020-01-23T08:57:37","guid":{"rendered":"https:\/\/marcali.plebania.hu\/?p=1510"},"modified":"2020-01-23T08:57:37","modified_gmt":"2020-01-23T08:57:37","slug":"megkezdodott-az-okumenikus-imahet","status":"publish","type":"post","link":"https:\/\/marcali.plebania.hu\/?p=1510","title":{"rendered":"Megkezd\u0151d\u00f6tt az \u00f6kumenikus imah\u00e9t"},"content":{"rendered":"\n<p>2020. janu\u00e1r 19-\u00e9n, vas\u00e1rnap a Gy\u00fcm\u00f6lcsolt\u00f3 Boldogasszony pl\u00e9b\u00e1niatemplomban 9 \u00f3rakor \u00fcnnepi istentisztelettel indult az \u00f6kumenikus imah\u00e9t Marcaliban, melyet Kiss Iv\u00e1n c. pr\u00e9post, esperes-pl\u00e9b\u00e1nos celebr\u00e1lt. Ig\u00e9t Fazekas Kriszti\u00e1n reform\u00e1tus lelkip\u00e1sztor hirdetett a katolikus \u00e9s a nagy sz\u00e1mban megjelent reform\u00e1tus h\u00edveknek.<\/p>\n\n\n\n<figure class=\"wp-block-gallery columns-3 is-cropped wp-block-gallery-1 is-layout-flex wp-block-gallery-is-layout-flex\"><ul class=\"blocks-gallery-grid\"><li class=\"blocks-gallery-item\"><figure><img loading=\"lazy\" decoding=\"async\" width=\"1024\" height=\"683\" src=\"https:\/\/marcali.plebania.hu\/wp-content\/uploads\/2020\/01\/01-1024x683.jpg\" alt=\"\" data-id=\"1511\" data-link=\"https:\/\/marcali.plebania.hu\/?attachment_id=1511\" class=\"wp-image-1511\" srcset=\"https:\/\/marcali.plebania.hu\/wp-content\/uploads\/2020\/01\/01-1024x683.jpg 1024w, https:\/\/marcali.plebania.hu\/wp-content\/uploads\/2020\/01\/01-300x200.jpg 300w, https:\/\/marcali.plebania.hu\/wp-content\/uploads\/2020\/01\/01-768x512.jpg 768w, https:\/\/marcali.plebania.hu\/wp-content\/uploads\/2020\/01\/01-1536x1024.jpg 1536w, https:\/\/marcali.plebania.hu\/wp-content\/uploads\/2020\/01\/01-2048x1365.jpg 2048w, https:\/\/marcali.plebania.hu\/wp-content\/uploads\/2020\/01\/01-405x270.jpg 405w\" sizes=\"auto, (max-width: 1024px) 100vw, 1024px\" \/><\/figure><\/li><li class=\"blocks-gallery-item\"><figure><img loading=\"lazy\" decoding=\"async\" width=\"1024\" height=\"683\" src=\"https:\/\/marcali.plebania.hu\/wp-content\/uploads\/2020\/01\/07-1024x683.jpg\" alt=\"\" data-id=\"1512\" data-link=\"https:\/\/marcali.plebania.hu\/?attachment_id=1512\" class=\"wp-image-1512\" srcset=\"https:\/\/marcali.plebania.hu\/wp-content\/uploads\/2020\/01\/07-1024x683.jpg 1024w, https:\/\/marcali.plebania.hu\/wp-content\/uploads\/2020\/01\/07-300x200.jpg 300w, https:\/\/marcali.plebania.hu\/wp-content\/uploads\/2020\/01\/07-768x512.jpg 768w, https:\/\/marcali.plebania.hu\/wp-content\/uploads\/2020\/01\/07-1536x1024.jpg 1536w, https:\/\/marcali.plebania.hu\/wp-content\/uploads\/2020\/01\/07-2048x1365.jpg 2048w, https:\/\/marcali.plebania.hu\/wp-content\/uploads\/2020\/01\/07-405x270.jpg 405w\" sizes=\"auto, (max-width: 1024px) 100vw, 1024px\" \/><\/figure><\/li><li class=\"blocks-gallery-item\"><figure><img loading=\"lazy\" decoding=\"async\" width=\"1024\" height=\"683\" src=\"https:\/\/marcali.plebania.hu\/wp-content\/uploads\/2020\/01\/08-1024x683.jpg\" alt=\"\" data-id=\"1513\" data-link=\"https:\/\/marcali.plebania.hu\/?attachment_id=1513\" class=\"wp-image-1513\" srcset=\"https:\/\/marcali.plebania.hu\/wp-content\/uploads\/2020\/01\/08-1024x683.jpg 1024w, https:\/\/marcali.plebania.hu\/wp-content\/uploads\/2020\/01\/08-300x200.jpg 300w, https:\/\/marcali.plebania.hu\/wp-content\/uploads\/2020\/01\/08-768x512.jpg 768w, https:\/\/marcali.plebania.hu\/wp-content\/uploads\/2020\/01\/08-1536x1024.jpg 1536w, https:\/\/marcali.plebania.hu\/wp-content\/uploads\/2020\/01\/08-2048x1365.jpg 2048w, https:\/\/marcali.plebania.hu\/wp-content\/uploads\/2020\/01\/08-405x270.jpg 405w\" sizes=\"auto, (max-width: 1024px) 100vw, 1024px\" \/><\/figure><\/li><li class=\"blocks-gallery-item\"><figure><img loading=\"lazy\" decoding=\"async\" width=\"1024\" height=\"683\" src=\"https:\/\/marcali.plebania.hu\/wp-content\/uploads\/2020\/01\/02-1024x683.jpg\" alt=\"\" data-id=\"1514\" data-full-url=\"https:\/\/marcali.plebania.hu\/wp-content\/uploads\/2020\/01\/02-scaled.jpg\" data-link=\"https:\/\/marcali.plebania.hu\/?attachment_id=1514\" class=\"wp-image-1514\" srcset=\"https:\/\/marcali.plebania.hu\/wp-content\/uploads\/2020\/01\/02-1024x683.jpg 1024w, https:\/\/marcali.plebania.hu\/wp-content\/uploads\/2020\/01\/02-300x200.jpg 300w, https:\/\/marcali.plebania.hu\/wp-content\/uploads\/2020\/01\/02-768x512.jpg 768w, https:\/\/marcali.plebania.hu\/wp-content\/uploads\/2020\/01\/02-1536x1024.jpg 1536w, https:\/\/marcali.plebania.hu\/wp-content\/uploads\/2020\/01\/02-2048x1365.jpg 2048w, https:\/\/marcali.plebania.hu\/wp-content\/uploads\/2020\/01\/02-405x270.jpg 405w\" sizes=\"auto, (max-width: 1024px) 100vw, 1024px\" \/><\/figure><\/li><\/ul><\/figure>\n\n\n\n<p>Az ide\u00e9n orsz\u00e1gszerte janu\u00e1r 19-26. k\u00f6z\u00f6tt tartj\u00e1k meg az \u00f6kumenikus imahetet a kereszt\u00e9nyek egys\u00e9g\u00e9\u00e9rt, melynek anyag\u00e1t a m\u00e1ltai kereszt\u00e9nyek k\u00e9sz\u00edtett\u00e9k. Jelmondatait a Bibli\u00e1b\u00f3l vett\u00e9k: .\u201e&#8230;nem mindennapi embers\u00e9get tan\u00fas\u00edtottak ir\u00e1ntunk&#8230;\u201d (ApCsel28,2) \u00e9s \u201e&#8230;igen embers\u00e9gesen b\u00e1ntak vel\u00fcnk&#8230;\u201d (ApCsel28,2), mely id\u00e9zetek a haj\u00f3t\u00f6r\u00f6tt Szent P\u00e1l szigetre \u00e9rkez\u00e9s\u00e9t eleven\u00edtik fel.<\/p>\n\n\n\n<figure class=\"wp-block-gallery columns-3 is-cropped wp-block-gallery-2 is-layout-flex wp-block-gallery-is-layout-flex\"><ul class=\"blocks-gallery-grid\"><li class=\"blocks-gallery-item\"><figure><img loading=\"lazy\" decoding=\"async\" width=\"1024\" height=\"683\" src=\"https:\/\/marcali.plebania.hu\/wp-content\/uploads\/2020\/01\/11-1024x683.jpg\" alt=\"\" data-id=\"1515\" data-full-url=\"https:\/\/marcali.plebania.hu\/wp-content\/uploads\/2020\/01\/11-scaled.jpg\" data-link=\"https:\/\/marcali.plebania.hu\/?attachment_id=1515\" class=\"wp-image-1515\" srcset=\"https:\/\/marcali.plebania.hu\/wp-content\/uploads\/2020\/01\/11-1024x683.jpg 1024w, https:\/\/marcali.plebania.hu\/wp-content\/uploads\/2020\/01\/11-300x200.jpg 300w, https:\/\/marcali.plebania.hu\/wp-content\/uploads\/2020\/01\/11-768x512.jpg 768w, https:\/\/marcali.plebania.hu\/wp-content\/uploads\/2020\/01\/11-1536x1024.jpg 1536w, https:\/\/marcali.plebania.hu\/wp-content\/uploads\/2020\/01\/11-2048x1365.jpg 2048w, https:\/\/marcali.plebania.hu\/wp-content\/uploads\/2020\/01\/11-405x270.jpg 405w\" sizes=\"auto, (max-width: 1024px) 100vw, 1024px\" \/><\/figure><\/li><li class=\"blocks-gallery-item\"><figure><img loading=\"lazy\" decoding=\"async\" width=\"1024\" height=\"683\" src=\"https:\/\/marcali.plebania.hu\/wp-content\/uploads\/2020\/01\/12-1024x683.jpg\" alt=\"\" data-id=\"1516\" data-full-url=\"https:\/\/marcali.plebania.hu\/wp-content\/uploads\/2020\/01\/12-scaled.jpg\" data-link=\"https:\/\/marcali.plebania.hu\/?attachment_id=1516\" class=\"wp-image-1516\" srcset=\"https:\/\/marcali.plebania.hu\/wp-content\/uploads\/2020\/01\/12-1024x683.jpg 1024w, https:\/\/marcali.plebania.hu\/wp-content\/uploads\/2020\/01\/12-300x200.jpg 300w, https:\/\/marcali.plebania.hu\/wp-content\/uploads\/2020\/01\/12-768x512.jpg 768w, https:\/\/marcali.plebania.hu\/wp-content\/uploads\/2020\/01\/12-1536x1024.jpg 1536w, https:\/\/marcali.plebania.hu\/wp-content\/uploads\/2020\/01\/12-2048x1365.jpg 2048w, https:\/\/marcali.plebania.hu\/wp-content\/uploads\/2020\/01\/12-405x270.jpg 405w\" sizes=\"auto, (max-width: 1024px) 100vw, 1024px\" \/><\/figure><\/li><li class=\"blocks-gallery-item\"><figure><img loading=\"lazy\" decoding=\"async\" width=\"1024\" height=\"683\" src=\"https:\/\/marcali.plebania.hu\/wp-content\/uploads\/2020\/01\/13-1024x683.jpg\" alt=\"\" data-id=\"1517\" data-full-url=\"https:\/\/marcali.plebania.hu\/wp-content\/uploads\/2020\/01\/13-scaled.jpg\" data-link=\"https:\/\/marcali.plebania.hu\/?attachment_id=1517\" class=\"wp-image-1517\" srcset=\"https:\/\/marcali.plebania.hu\/wp-content\/uploads\/2020\/01\/13-1024x683.jpg 1024w, https:\/\/marcali.plebania.hu\/wp-content\/uploads\/2020\/01\/13-300x200.jpg 300w, https:\/\/marcali.plebania.hu\/wp-content\/uploads\/2020\/01\/13-768x512.jpg 768w, https:\/\/marcali.plebania.hu\/wp-content\/uploads\/2020\/01\/13-1536x1024.jpg 1536w, https:\/\/marcali.plebania.hu\/wp-content\/uploads\/2020\/01\/13-2048x1365.jpg 2048w, https:\/\/marcali.plebania.hu\/wp-content\/uploads\/2020\/01\/13-405x270.jpg 405w\" sizes=\"auto, (max-width: 1024px) 100vw, 1024px\" \/><\/figure><\/li><li class=\"blocks-gallery-item\"><figure><img loading=\"lazy\" decoding=\"async\" width=\"1024\" height=\"683\" src=\"https:\/\/marcali.plebania.hu\/wp-content\/uploads\/2020\/01\/14-1024x683.jpg\" alt=\"\" data-id=\"1518\" data-full-url=\"https:\/\/marcali.plebania.hu\/wp-content\/uploads\/2020\/01\/14-scaled.jpg\" data-link=\"https:\/\/marcali.plebania.hu\/?attachment_id=1518\" class=\"wp-image-1518\" srcset=\"https:\/\/marcali.plebania.hu\/wp-content\/uploads\/2020\/01\/14-1024x683.jpg 1024w, https:\/\/marcali.plebania.hu\/wp-content\/uploads\/2020\/01\/14-300x200.jpg 300w, https:\/\/marcali.plebania.hu\/wp-content\/uploads\/2020\/01\/14-768x512.jpg 768w, https:\/\/marcali.plebania.hu\/wp-content\/uploads\/2020\/01\/14-1536x1024.jpg 1536w, https:\/\/marcali.plebania.hu\/wp-content\/uploads\/2020\/01\/14-2048x1365.jpg 2048w, https:\/\/marcali.plebania.hu\/wp-content\/uploads\/2020\/01\/14-405x270.jpg 405w\" sizes=\"auto, (max-width: 1024px) 100vw, 1024px\" \/><\/figure><\/li><\/ul><\/figure>\n\n\n\n<p>Az istentiszteleten a F\u00e9ny Gyermekei Katolikus Zenekar, Balogh B\u00e1lint orgon\u00e1n, J\u00e1ki Zolt\u00e1n pedig heged\u0171n m\u0171k\u00f6d\u00f6tt k\u00f6zre.<\/p>\n\n\n\n<figure class=\"wp-block-gallery columns-3 is-cropped wp-block-gallery-3 is-layout-flex wp-block-gallery-is-layout-flex\"><ul class=\"blocks-gallery-grid\"><li class=\"blocks-gallery-item\"><figure><img loading=\"lazy\" decoding=\"async\" width=\"1024\" height=\"683\" src=\"https:\/\/marcali.plebania.hu\/wp-content\/uploads\/2020\/01\/03-1024x683.jpg\" alt=\"\" data-id=\"1519\" data-link=\"https:\/\/marcali.plebania.hu\/?attachment_id=1519\" class=\"wp-image-1519\" srcset=\"https:\/\/marcali.plebania.hu\/wp-content\/uploads\/2020\/01\/03-1024x683.jpg 1024w, https:\/\/marcali.plebania.hu\/wp-content\/uploads\/2020\/01\/03-300x200.jpg 300w, https:\/\/marcali.plebania.hu\/wp-content\/uploads\/2020\/01\/03-768x512.jpg 768w, https:\/\/marcali.plebania.hu\/wp-content\/uploads\/2020\/01\/03-1536x1024.jpg 1536w, https:\/\/marcali.plebania.hu\/wp-content\/uploads\/2020\/01\/03-2048x1365.jpg 2048w, https:\/\/marcali.plebania.hu\/wp-content\/uploads\/2020\/01\/03-405x270.jpg 405w\" sizes=\"auto, (max-width: 1024px) 100vw, 1024px\" \/><\/figure><\/li><li class=\"blocks-gallery-item\"><figure><img loading=\"lazy\" decoding=\"async\" width=\"1024\" height=\"683\" src=\"https:\/\/marcali.plebania.hu\/wp-content\/uploads\/2020\/01\/04-1024x683.jpg\" alt=\"\" data-id=\"1520\" data-link=\"https:\/\/marcali.plebania.hu\/?attachment_id=1520\" class=\"wp-image-1520\" srcset=\"https:\/\/marcali.plebania.hu\/wp-content\/uploads\/2020\/01\/04-1024x683.jpg 1024w, https:\/\/marcali.plebania.hu\/wp-content\/uploads\/2020\/01\/04-300x200.jpg 300w, https:\/\/marcali.plebania.hu\/wp-content\/uploads\/2020\/01\/04-768x512.jpg 768w, https:\/\/marcali.plebania.hu\/wp-content\/uploads\/2020\/01\/04-1536x1024.jpg 1536w, https:\/\/marcali.plebania.hu\/wp-content\/uploads\/2020\/01\/04-2048x1365.jpg 2048w, https:\/\/marcali.plebania.hu\/wp-content\/uploads\/2020\/01\/04-405x270.jpg 405w\" sizes=\"auto, (max-width: 1024px) 100vw, 1024px\" \/><\/figure><\/li><li class=\"blocks-gallery-item\"><figure><img loading=\"lazy\" decoding=\"async\" width=\"1024\" height=\"683\" src=\"https:\/\/marcali.plebania.hu\/wp-content\/uploads\/2020\/01\/09-1024x683.jpg\" alt=\"\" data-id=\"1521\" data-link=\"https:\/\/marcali.plebania.hu\/?attachment_id=1521\" class=\"wp-image-1521\" srcset=\"https:\/\/marcali.plebania.hu\/wp-content\/uploads\/2020\/01\/09-1024x683.jpg 1024w, https:\/\/marcali.plebania.hu\/wp-content\/uploads\/2020\/01\/09-300x200.jpg 300w, https:\/\/marcali.plebania.hu\/wp-content\/uploads\/2020\/01\/09-768x512.jpg 768w, https:\/\/marcali.plebania.hu\/wp-content\/uploads\/2020\/01\/09-1536x1024.jpg 1536w, https:\/\/marcali.plebania.hu\/wp-content\/uploads\/2020\/01\/09-2048x1365.jpg 2048w, https:\/\/marcali.plebania.hu\/wp-content\/uploads\/2020\/01\/09-405x270.jpg 405w\" sizes=\"auto, (max-width: 1024px) 100vw, 1024px\" \/><\/figure><\/li><li class=\"blocks-gallery-item\"><figure><img loading=\"lazy\" decoding=\"async\" width=\"1024\" height=\"683\" src=\"https:\/\/marcali.plebania.hu\/wp-content\/uploads\/2020\/01\/16-1024x683.jpg\" alt=\"\" data-id=\"1522\" data-full-url=\"https:\/\/marcali.plebania.hu\/wp-content\/uploads\/2020\/01\/16-scaled.jpg\" data-link=\"https:\/\/marcali.plebania.hu\/?attachment_id=1522\" class=\"wp-image-1522\" srcset=\"https:\/\/marcali.plebania.hu\/wp-content\/uploads\/2020\/01\/16-1024x683.jpg 1024w, https:\/\/marcali.plebania.hu\/wp-content\/uploads\/2020\/01\/16-300x200.jpg 300w, https:\/\/marcali.plebania.hu\/wp-content\/uploads\/2020\/01\/16-768x512.jpg 768w, https:\/\/marcali.plebania.hu\/wp-content\/uploads\/2020\/01\/16-1536x1024.jpg 1536w, https:\/\/marcali.plebania.hu\/wp-content\/uploads\/2020\/01\/16-2048x1365.jpg 2048w, https:\/\/marcali.plebania.hu\/wp-content\/uploads\/2020\/01\/16-405x270.jpg 405w\" sizes=\"auto, (max-width: 1024px) 100vw, 1024px\" \/><\/figure><\/li><\/ul><\/figure>\n\n\n\n<p>Az \u00f6kumenikus programsorozat szerd\u00e1n, 17.00 \u00f3rakor az X-h\u00e1zban Bibliaolvas\u00e1ssal folytat\u00f3dik, majd j\u00f6v\u0151 vas\u00e1rnap 17 \u00f3rakor pedig a reform\u00e1tus-evang\u00e9likus templomban istentisztelettel fejez\u0151dik be, ahol majd Iv\u00e1n atya hirdet ig\u00e9t a h\u00edveknek, hogy kereszt\u00e9ny\/kereszty\u00e9n megmarad\u00e1s\u00e1\u00e9rt im\u00e1dkozzanak.<\/p>\n\n\n\n<figure class=\"wp-block-gallery columns-3 is-cropped wp-block-gallery-4 is-layout-flex wp-block-gallery-is-layout-flex\"><ul class=\"blocks-gallery-grid\"><li class=\"blocks-gallery-item\"><figure><img loading=\"lazy\" decoding=\"async\" width=\"1024\" height=\"683\" src=\"https:\/\/marcali.plebania.hu\/wp-content\/uploads\/2020\/01\/18-1024x683.jpg\" alt=\"\" data-id=\"1523\" data-full-url=\"https:\/\/marcali.plebania.hu\/wp-content\/uploads\/2020\/01\/18-scaled.jpg\" data-link=\"https:\/\/marcali.plebania.hu\/?attachment_id=1523\" class=\"wp-image-1523\" srcset=\"https:\/\/marcali.plebania.hu\/wp-content\/uploads\/2020\/01\/18-1024x683.jpg 1024w, https:\/\/marcali.plebania.hu\/wp-content\/uploads\/2020\/01\/18-300x200.jpg 300w, https:\/\/marcali.plebania.hu\/wp-content\/uploads\/2020\/01\/18-768x512.jpg 768w, https:\/\/marcali.plebania.hu\/wp-content\/uploads\/2020\/01\/18-1536x1024.jpg 1536w, https:\/\/marcali.plebania.hu\/wp-content\/uploads\/2020\/01\/18-2048x1365.jpg 2048w, https:\/\/marcali.plebania.hu\/wp-content\/uploads\/2020\/01\/18-405x270.jpg 405w\" sizes=\"auto, (max-width: 1024px) 100vw, 1024px\" \/><\/figure><\/li><li class=\"blocks-gallery-item\"><figure><img loading=\"lazy\" decoding=\"async\" width=\"1024\" height=\"683\" src=\"https:\/\/marcali.plebania.hu\/wp-content\/uploads\/2020\/01\/19-1024x683.jpg\" alt=\"\" data-id=\"1524\" data-full-url=\"https:\/\/marcali.plebania.hu\/wp-content\/uploads\/2020\/01\/19-scaled.jpg\" data-link=\"https:\/\/marcali.plebania.hu\/?attachment_id=1524\" class=\"wp-image-1524\" srcset=\"https:\/\/marcali.plebania.hu\/wp-content\/uploads\/2020\/01\/19-1024x683.jpg 1024w, https:\/\/marcali.plebania.hu\/wp-content\/uploads\/2020\/01\/19-300x200.jpg 300w, https:\/\/marcali.plebania.hu\/wp-content\/uploads\/2020\/01\/19-768x512.jpg 768w, https:\/\/marcali.plebania.hu\/wp-content\/uploads\/2020\/01\/19-1536x1024.jpg 1536w, https:\/\/marcali.plebania.hu\/wp-content\/uploads\/2020\/01\/19-2048x1365.jpg 2048w, https:\/\/marcali.plebania.hu\/wp-content\/uploads\/2020\/01\/19-405x270.jpg 405w\" sizes=\"auto, (max-width: 1024px) 100vw, 1024px\" \/><\/figure><\/li><li class=\"blocks-gallery-item\"><figure><img loading=\"lazy\" decoding=\"async\" width=\"1024\" height=\"683\" src=\"https:\/\/marcali.plebania.hu\/wp-content\/uploads\/2020\/01\/20-1024x683.jpg\" alt=\"\" data-id=\"1525\" data-full-url=\"https:\/\/marcali.plebania.hu\/wp-content\/uploads\/2020\/01\/20-scaled.jpg\" data-link=\"https:\/\/marcali.plebania.hu\/?attachment_id=1525\" class=\"wp-image-1525\" srcset=\"https:\/\/marcali.plebania.hu\/wp-content\/uploads\/2020\/01\/20-1024x683.jpg 1024w, https:\/\/marcali.plebania.hu\/wp-content\/uploads\/2020\/01\/20-300x200.jpg 300w, https:\/\/marcali.plebania.hu\/wp-content\/uploads\/2020\/01\/20-768x512.jpg 768w, https:\/\/marcali.plebania.hu\/wp-content\/uploads\/2020\/01\/20-1536x1024.jpg 1536w, https:\/\/marcali.plebania.hu\/wp-content\/uploads\/2020\/01\/20-2048x1365.jpg 2048w, https:\/\/marcali.plebania.hu\/wp-content\/uploads\/2020\/01\/20-405x270.jpg 405w\" sizes=\"auto, (max-width: 1024px) 100vw, 1024px\" \/><\/figure><\/li><li class=\"blocks-gallery-item\"><figure><img loading=\"lazy\" decoding=\"async\" width=\"1024\" height=\"683\" src=\"https:\/\/marcali.plebania.hu\/wp-content\/uploads\/2020\/01\/21-1024x683.jpg\" alt=\"\" data-id=\"1526\" data-full-url=\"https:\/\/marcali.plebania.hu\/wp-content\/uploads\/2020\/01\/21-scaled.jpg\" data-link=\"https:\/\/marcali.plebania.hu\/?attachment_id=1526\" class=\"wp-image-1526\" srcset=\"https:\/\/marcali.plebania.hu\/wp-content\/uploads\/2020\/01\/21-1024x683.jpg 1024w, https:\/\/marcali.plebania.hu\/wp-content\/uploads\/2020\/01\/21-300x200.jpg 300w, https:\/\/marcali.plebania.hu\/wp-content\/uploads\/2020\/01\/21-768x512.jpg 768w, https:\/\/marcali.plebania.hu\/wp-content\/uploads\/2020\/01\/21-1536x1024.jpg 1536w, https:\/\/marcali.plebania.hu\/wp-content\/uploads\/2020\/01\/21-2048x1365.jpg 2048w, https:\/\/marcali.plebania.hu\/wp-content\/uploads\/2020\/01\/21-405x270.jpg 405w\" sizes=\"auto, (max-width: 1024px) 100vw, 1024px\" \/><\/figure><\/li><\/ul><\/figure>\n","protected":false},"excerpt":{"rendered":"<p>2020. janu\u00e1r 19-\u00e9n, vas\u00e1rnap a Gy\u00fcm\u00f6lcsolt\u00f3 Boldogasszony pl\u00e9b\u00e1niatemplomban 9 \u00f3rakor \u00fcnnepi istentisztelettel indult az \u00f6kumenikus imah\u00e9t Marcaliban, melyet Kiss Iv\u00e1n c. pr\u00e9post, esperes-pl\u00e9b\u00e1nos celebr\u00e1lt. Ig\u00e9t Fazekas Kriszti\u00e1n reform\u00e1tus lelkip\u00e1sztor hirdetett a katolikus \u00e9s a nagy sz\u00e1mban megjelent reform\u00e1tus h\u00edveknek. Az ide\u00e9n orsz\u00e1gszerte janu\u00e1r 19-26. k\u00f6z\u00f6tt tartj\u00e1k meg az \u00f6kumenikus imahetet a kereszt\u00e9nyek egys\u00e9g\u00e9\u00e9rt, melynek anyag\u00e1t a m\u00e1ltai kereszt\u00e9nyek k\u00e9sz\u00edtett\u00e9k. Jelmondatait a Bibli\u00e1b\u00f3l vett\u00e9k: .\u201e&#8230;nem mindennapi embers\u00e9get tan\u00fas\u00edtottak ir\u00e1ntunk&#8230;\u201d (ApCsel28,2) \u00e9s \u201e&#8230;igen embers\u00e9gesen b\u00e1ntak vel\u00fcnk&#8230;\u201d (ApCsel28,2), mely id\u00e9zetek a haj\u00f3t\u00f6r\u00f6tt Szent&#8230;<\/p>\n<p class=\"read-more\"><a class=\"btn btn-default\" href=\"https:\/\/marcali.plebania.hu\/?p=1510\"> Read More<span class=\"screen-reader-text\">  Read More<\/span><\/a><\/p>\n","protected":false},"author":2,"featured_media":0,"comment_status":"closed","ping_status":"open","sticky":false,"template":"","format":"standard","meta":{"footnotes":""},"categories":[1],"tags":[],"class_list":["post-1510","post","type-post","status-publish","format-standard","hentry","category-egyeb"],"_links":{"self":[{"href":"https:\/\/marcali.plebania.hu\/index.php?rest_route=\/wp\/v2\/posts\/1510","targetHints":{"allow":["GET"]}}],"collection":[{"href":"https:\/\/marcali.plebania.hu\/index.php?rest_route=\/wp\/v2\/posts"}],"about":[{"href":"https:\/\/marcali.plebania.hu\/index.php?rest_route=\/wp\/v2\/types\/post"}],"author":[{"embeddable":true,"href":"https:\/\/marcali.plebania.hu\/index.php?rest_route=\/wp\/v2\/users\/2"}],"replies":[{"embeddable":true,"href":"https:\/\/marcali.plebania.hu\/index.php?rest_route=%2Fwp%2Fv2%2Fcomments&post=1510"}],"version-history":[{"count":1,"href":"https:\/\/marcali.plebania.hu\/index.php?rest_route=\/wp\/v2\/posts\/1510\/revisions"}],"predecessor-version":[{"id":1527,"href":"https:\/\/marcali.plebania.hu\/index.php?rest_route=\/wp\/v2\/posts\/1510\/revisions\/1527"}],"wp:attachment":[{"href":"https:\/\/marcali.plebania.hu\/index.php?rest_route=%2Fwp%2Fv2%2Fmedia&parent=1510"}],"wp:term":[{"taxonomy":"category","embeddable":true,"href":"https:\/\/marcali.plebania.hu\/index.php?rest_route=%2Fwp%2Fv2%2Fcategories&post=1510"},{"taxonomy":"post_tag","embeddable":true,"href":"https:\/\/marcali.plebania.hu\/index.php?rest_route=%2Fwp%2Fv2%2Ftags&post=1510"}],"curies":[{"name":"wp","href":"https:\/\/api.w.org\/{rel}","templated":true}]}}